{"id":5599,"date":"2026-04-30T11:17:14","date_gmt":"2026-04-30T09:17:14","guid":{"rendered":"https:\/\/everydayraquel.com\/?p=5599"},"modified":"2026-04-30T11:17:16","modified_gmt":"2026-04-30T09:17:16","slug":"fresque-devant-lecole-jules-ferry-a-petite-synthe","status":"publish","type":"post","link":"https:\/\/everydayraquel.com\/en\/projets-realisations\/fresque-devant-lecole-jules-ferry-a-petite-synthe\/","title":{"rendered":"Fresque devant l&rsquo;\u00c9cole Jules Ferry \u00e0 Petite-Synthe"},"content":{"rendered":"<p>Voici un projet r\u00e9alis\u00e9 \u00e0 l&rsquo;initiative de l&rsquo;\u00e9cole \u00e9l\u00e9mentaire Jules Ferry \u00e0 Petite-Synthe. Des ateliers artistiques r\u00e9alis\u00e9s avec les \u00e9l\u00e8ves du CP au CM2 ont donn\u00e9 lieu \u00e0 la cr\u00e9ation d&rsquo;une fresque sur l&rsquo;Empathie et les \u00e9motions. <\/p>\n\n\n\n<figure class=\"wp-block-gallery has-nested-images columns-default is-cropped wp-block-gallery-1 is-layout-flex wp-block-gallery-is-layout-flex\">\n<figure class=\"wp-block-image size-large\"><img fetchpriority=\"high\" decoding=\"async\" width=\"957\" height=\"900\" data-id=\"5605\" src=\"https:\/\/everydayraquel.com\/wp-content\/uploads\/2026\/04\/Atelier-portraits-2-jules-ferry.jpeg\" alt=\"\" class=\"wp-image-5605\" srcset=\"https:\/\/everydayraquel.com\/wp-content\/uploads\/2026\/04\/Atelier-portraits-2-jules-ferry.jpeg 957w, https:\/\/everydayraquel.com\/wp-content\/uploads\/2026\/04\/Atelier-portraits-2-jules-ferry-300x282.jpeg 300w, https:\/\/everydayraquel.com\/wp-content\/uploads\/2026\/04\/Atelier-portraits-2-jules-ferry-768x722.jpeg 768w, https:\/\/everydayraquel.com\/wp-content\/uploads\/2026\/04\/Atelier-portraits-2-jules-ferry-13x12.jpeg 13w, https:\/\/everydayraquel.com\/wp-content\/uploads\/2026\/04\/Atelier-portraits-2-jules-ferry-600x564.jpeg 600w, https:\/\/everydayraquel.com\/wp-content\/uploads\/2026\/04\/Atelier-portraits-2-jules-ferry-64x60.jpeg 64w\" sizes=\"(max-width: 957px) 100vw, 957px\" \/><figcaption class=\"wp-element-caption\">Atelier portraits &amp; \u00e9motions<\/figcaption><\/figure>\n\n\n\n<figure class=\"wp-block-image size-large\"><img decoding=\"async\" width=\"1024\" height=\"576\" data-id=\"5606\" src=\"https:\/\/everydayraquel.com\/wp-content\/uploads\/2026\/04\/Atelier-portraits-Jules-ferry-1024x576.jpeg\" alt=\"\" class=\"wp-image-5606\" srcset=\"https:\/\/everydayraquel.com\/wp-content\/uploads\/2026\/04\/Atelier-portraits-Jules-ferry-1024x576.jpeg 1024w, https:\/\/everydayraquel.com\/wp-content\/uploads\/2026\/04\/Atelier-portraits-Jules-ferry-300x169.jpeg 300w, https:\/\/everydayraquel.com\/wp-content\/uploads\/2026\/04\/Atelier-portraits-Jules-ferry-768x432.jpeg 768w, https:\/\/everydayraquel.com\/wp-content\/uploads\/2026\/04\/Atelier-portraits-Jules-ferry-18x10.jpeg 18w, https:\/\/everydayraquel.com\/wp-content\/uploads\/2026\/04\/Atelier-portraits-Jules-ferry-600x338.jpeg 600w, https:\/\/everydayraquel.com\/wp-content\/uploads\/2026\/04\/Atelier-portraits-Jules-ferry-64x36.jpeg 64w, https:\/\/everydayraquel.com\/wp-content\/uploads\/2026\/04\/Atelier-portraits-Jules-ferry.jpeg 1200w\" sizes=\"(max-width: 1024px) 100vw, 1024px\" \/><figcaption class=\"wp-element-caption\">Atelier portraits &amp; \u00e9motions<\/figcaption><\/figure>\n\n\n\n<figure class=\"wp-block-image size-large\"><img decoding=\"async\" width=\"973\" height=\"900\" data-id=\"5602\" src=\"https:\/\/everydayraquel.com\/wp-content\/uploads\/2026\/04\/Atelier-BD-2-jules-ferry.jpeg\" alt=\"\" class=\"wp-image-5602\" srcset=\"https:\/\/everydayraquel.com\/wp-content\/uploads\/2026\/04\/Atelier-BD-2-jules-ferry.jpeg 973w, https:\/\/everydayraquel.com\/wp-content\/uploads\/2026\/04\/Atelier-BD-2-jules-ferry-300x277.jpeg 300w, https:\/\/everydayraquel.com\/wp-content\/uploads\/2026\/04\/Atelier-BD-2-jules-ferry-768x710.jpeg 768w, https:\/\/everydayraquel.com\/wp-content\/uploads\/2026\/04\/Atelier-BD-2-jules-ferry-13x12.jpeg 13w, https:\/\/everydayraquel.com\/wp-content\/uploads\/2026\/04\/Atelier-BD-2-jules-ferry-600x555.jpeg 600w, https:\/\/everydayraquel.com\/wp-content\/uploads\/2026\/04\/Atelier-BD-2-jules-ferry-64x59.jpeg 64w\" sizes=\"(max-width: 973px) 100vw, 973px\" \/><figcaption class=\"wp-element-caption\">Atelier Bande Dessin\u00e9e g\u00e9ante<\/figcaption><\/figure>\n<\/figure>\n\n\n\n<p>Les ateliers cr\u00e9atifs ont eu lieu pendant le mois d&rsquo;octobre et novembre 2025. Nous avons explor\u00e9 les diff\u00e9rentes techniques du street-art : collage, peinture, pochoir, illustration&#8230; Pendant les s\u00e9ances les \u00e9l\u00e8ves ont r\u00e9alis\u00e9 des portraits de leurs camarades, illustr\u00e9 des \u00e9motions et compos\u00e9 une bande dessin\u00e9e g\u00e9ante.<\/p>\n\n\n\n<figure class=\"wp-block-gallery has-nested-images columns-default is-cropped wp-block-gallery-2 is-layout-flex wp-block-gallery-is-layout-flex\">\n<figure class=\"wp-block-image size-large\"><img loading=\"lazy\" decoding=\"async\" width=\"601\" height=\"900\" data-id=\"5604\" src=\"https:\/\/everydayraquel.com\/wp-content\/uploads\/2026\/04\/Atelier-BD-jules-ferry.jpeg\" alt=\"\" class=\"wp-image-5604\" srcset=\"https:\/\/everydayraquel.com\/wp-content\/uploads\/2026\/04\/Atelier-BD-jules-ferry.jpeg 601w, https:\/\/everydayraquel.com\/wp-content\/uploads\/2026\/04\/Atelier-BD-jules-ferry-200x300.jpeg 200w, https:\/\/everydayraquel.com\/wp-content\/uploads\/2026\/04\/Atelier-BD-jules-ferry-8x12.jpeg 8w, https:\/\/everydayraquel.com\/wp-content\/uploads\/2026\/04\/Atelier-BD-jules-ferry-300x449.jpeg 300w, https:\/\/everydayraquel.com\/wp-content\/uploads\/2026\/04\/Atelier-BD-jules-ferry-64x96.jpeg 64w\" sizes=\"(max-width: 601px) 100vw, 601px\" \/><figcaption class=\"wp-element-caption\">Atelier Bande Dessin\u00e9e g\u00e9ante<\/figcaption><\/figure>\n\n\n\n<figure class=\"wp-block-image size-large\"><img loading=\"lazy\" decoding=\"async\" width=\"506\" height=\"900\" data-id=\"5603\" src=\"https:\/\/everydayraquel.com\/wp-content\/uploads\/2026\/04\/Atelier-lettrage-Jule-ferry.jpeg\" alt=\"\" class=\"wp-image-5603\" srcset=\"https:\/\/everydayraquel.com\/wp-content\/uploads\/2026\/04\/Atelier-lettrage-Jule-ferry.jpeg 506w, https:\/\/everydayraquel.com\/wp-content\/uploads\/2026\/04\/Atelier-lettrage-Jule-ferry-169x300.jpeg 169w, https:\/\/everydayraquel.com\/wp-content\/uploads\/2026\/04\/Atelier-lettrage-Jule-ferry-7x12.jpeg 7w, https:\/\/everydayraquel.com\/wp-content\/uploads\/2026\/04\/Atelier-lettrage-Jule-ferry-300x534.jpeg 300w, https:\/\/everydayraquel.com\/wp-content\/uploads\/2026\/04\/Atelier-lettrage-Jule-ferry-64x114.jpeg 64w\" sizes=\"(max-width: 506px) 100vw, 506px\" \/><figcaption class=\"wp-element-caption\">Atelier peinture et lettrage<\/figcaption><\/figure>\n\n\n\n<figure class=\"wp-block-image size-large\"><img loading=\"lazy\" decoding=\"async\" width=\"1024\" height=\"576\" data-id=\"5601\" src=\"https:\/\/everydayraquel.com\/wp-content\/uploads\/2026\/04\/Atelier-pochoir-jules-ferry-1024x576.jpeg\" alt=\"\" class=\"wp-image-5601\" srcset=\"https:\/\/everydayraquel.com\/wp-content\/uploads\/2026\/04\/Atelier-pochoir-jules-ferry-1024x576.jpeg 1024w, https:\/\/everydayraquel.com\/wp-content\/uploads\/2026\/04\/Atelier-pochoir-jules-ferry-300x169.jpeg 300w, https:\/\/everydayraquel.com\/wp-content\/uploads\/2026\/04\/Atelier-pochoir-jules-ferry-768x432.jpeg 768w, https:\/\/everydayraquel.com\/wp-content\/uploads\/2026\/04\/Atelier-pochoir-jules-ferry-18x10.jpeg 18w, https:\/\/everydayraquel.com\/wp-content\/uploads\/2026\/04\/Atelier-pochoir-jules-ferry-600x338.jpeg 600w, https:\/\/everydayraquel.com\/wp-content\/uploads\/2026\/04\/Atelier-pochoir-jules-ferry-64x36.jpeg 64w, https:\/\/everydayraquel.com\/wp-content\/uploads\/2026\/04\/Atelier-pochoir-jules-ferry.jpeg 1200w\" sizes=\"(max-width: 1024px) 100vw, 1024px\" \/><figcaption class=\"wp-element-caption\">Atelier pochoir<\/figcaption><\/figure>\n<\/figure>\n\n\n\n<p>La fresque a t\u00e9t\u00e9 r\u00e9alis\u00e9 entre 2025 et 2026. La composition reprend tous les \u00e9l\u00e9ments et les id\u00e9es cr\u00e9es avec les \u00e9l\u00e8ves. Le tout donne un m\u00e9lange color\u00e9 et harmonieux : Le mur de L&rsquo;EMPATHIE.<\/p>\n\n\n\n<figure class=\"wp-block-image size-large\"><img loading=\"lazy\" decoding=\"async\" width=\"1024\" height=\"576\" src=\"https:\/\/everydayraquel.com\/wp-content\/uploads\/2026\/04\/Raquel-Fresque-de-LEmpathie-Dunkerque-Petite-Synthe-1024x576.jpeg\" alt=\"\" class=\"wp-image-5609\" srcset=\"https:\/\/everydayraquel.com\/wp-content\/uploads\/2026\/04\/Raquel-Fresque-de-LEmpathie-Dunkerque-Petite-Synthe-1024x576.jpeg 1024w, https:\/\/everydayraquel.com\/wp-content\/uploads\/2026\/04\/Raquel-Fresque-de-LEmpathie-Dunkerque-Petite-Synthe-300x169.jpeg 300w, https:\/\/everydayraquel.com\/wp-content\/uploads\/2026\/04\/Raquel-Fresque-de-LEmpathie-Dunkerque-Petite-Synthe-768x432.jpeg 768w, https:\/\/everydayraquel.com\/wp-content\/uploads\/2026\/04\/Raquel-Fresque-de-LEmpathie-Dunkerque-Petite-Synthe-18x10.jpeg 18w, https:\/\/everydayraquel.com\/wp-content\/uploads\/2026\/04\/Raquel-Fresque-de-LEmpathie-Dunkerque-Petite-Synthe-600x338.jpeg 600w, https:\/\/everydayraquel.com\/wp-content\/uploads\/2026\/04\/Raquel-Fresque-de-LEmpathie-Dunkerque-Petite-Synthe-64x36.jpeg 64w, https:\/\/everydayraquel.com\/wp-content\/uploads\/2026\/04\/Raquel-Fresque-de-LEmpathie-Dunkerque-Petite-Synthe.jpeg 1200w\" sizes=\"(max-width: 1024px) 100vw, 1024px\" \/><\/figure>\n\n\n\n<p>Merci \u00e0 l&rsquo;\u00e9cole Jules Ferry pour leur confiance et pour ce projet.<\/p>","protected":false},"excerpt":{"rendered":"<p>Voici un projet r\u00e9alis\u00e9 \u00e0 l&rsquo;initiative de l&rsquo;\u00e9cole \u00e9l\u00e9mentaire Jules Ferry \u00e0 Petite-Synthe. Des ateliers artistiques r\u00e9alis\u00e9s avec les \u00e9l\u00e8ves du CP au CM2 ont donn\u00e9 lieu \u00e0 la cr\u00e9ation d&rsquo;une fresque sur l&rsquo;Empathie et les \u00e9motions. Les ateliers cr\u00e9atifs ont eu lieu pendant le mois d&rsquo;octobre et novembre 2025. Nous avons explor\u00e9 les diff\u00e9rentes [&hellip;]<\/p>\n","protected":false},"author":1,"featured_media":5600,"comment_status":"closed","ping_status":"closed","sticky":false,"template":"","format":"standard","meta":{"site-sidebar-layout":"default","site-content-layout":"","ast-site-content-layout":"default","site-content-style":"default","site-sidebar-style":"default","ast-global-header-display":"","ast-banner-title-visibility":"","ast-main-header-display":"","ast-hfb-above-header-display":"","ast-hfb-below-header-display":"","ast-hfb-mobile-header-display":"","site-post-title":"","ast-breadcrumbs-content":"","ast-featured-img":"","footer-sml-layout":"","ast-disable-related-posts":"","theme-transparent-header-meta":"","adv-header-id-meta":"","stick-header-meta":"","header-above-stick-meta":"","header-main-stick-meta":"","header-below-stick-meta":"","astra-migrate-meta-layouts":"set","ast-page-background-enabled":"default","ast-page-background-meta":{"desktop":{"background-color":"","background-image":"","background-repeat":"repeat","background-position":"center center","background-size":"auto","background-attachment":"scroll","background-type":"","background-media":"","overlay-type":"","overlay-color":"","overlay-opacity":"","overlay-gradient":""},"tablet":{"background-color":"","background-image":"","background-repeat":"repeat","background-position":"center center","background-size":"auto","background-attachment":"scroll","background-type":"","background-media":"","overlay-type":"","overlay-color":"","overlay-opacity":"","overlay-gradient":""},"mobile":{"background-color":"","background-image":"","background-repeat":"repeat","background-position":"center center","background-size":"auto","background-attachment":"scroll","background-type":"","background-media":"","overlay-type":"","overlay-color":"","overlay-opacity":"","overlay-gradient":""}},"ast-content-background-meta":{"desktop":{"background-color":"var(--ast-global-color-5)","background-image":"","background-repeat":"repeat","background-position":"center center","background-size":"auto","background-attachment":"scroll","background-type":"","background-media":"","overlay-type":"","overlay-color":"","overlay-opacity":"","overlay-gradient":""},"tablet":{"background-color":"var(--ast-global-color-5)","background-image":"","background-repeat":"repeat","background-position":"center center","background-size":"auto","background-attachment":"scroll","background-type":"","background-media":"","overlay-type":"","overlay-color":"","overlay-opacity":"","overlay-gradient":""},"mobile":{"background-color":"var(--ast-global-color-5)","background-image":"","background-repeat":"repeat","background-position":"center center","background-size":"auto","background-attachment":"scroll","background-type":"","background-media":"","overlay-type":"","overlay-color":"","overlay-opacity":"","overlay-gradient":""}},"footnotes":""},"categories":[1],"tags":[],"class_list":["post-5599","post","type-post","status-publish","format-standard","has-post-thumbnail","hentry","category-projets-realisations"],"yoast_head":"<title>Fresque devant l&#039;\u00c9cole Jules Ferry \u00e0 Petite-Synthe &#8211; EverydayRaquel<\/title>\n<meta name=\"robots\" content=\"index, follow, max-snippet:-1, max-image-preview:large, max-video-preview:-1\" \/>\n<link rel=\"canonical\" href=\"https:\/\/everydayraquel.com\/en\/projets-realisations\/fresque-devant-lecole-jules-ferry-a-petite-synthe\/\" \/>\n<meta property=\"og:locale\" content=\"en_GB\" \/>\n<meta property=\"og:type\" content=\"article\" \/>\n<meta property=\"og:title\" content=\"Fresque devant l&#039;\u00c9cole Jules Ferry \u00e0 Petite-Synthe\" \/>\n<meta property=\"og:description\" content=\"Voici un projet r\u00e9alis\u00e9 \u00e0 l&rsquo;initiative de l&rsquo;\u00e9cole \u00e9l\u00e9mentaire Jules Ferry \u00e0 Petite-Synthe. Des ateliers artistiques r\u00e9alis\u00e9s avec les \u00e9l\u00e8ves du CP au CM2 ont donn\u00e9 lieu \u00e0 la cr\u00e9ation d&rsquo;une fresque sur l&rsquo;Empathie et les \u00e9motions. Les ateliers cr\u00e9atifs ont eu lieu pendant le mois d&rsquo;octobre et novembre 2025. Nous avons explor\u00e9 les diff\u00e9rentes [&hellip;]\" \/>\n<meta property=\"og:url\" content=\"https:\/\/everydayraquel.com\/en\/projets-realisations\/fresque-devant-lecole-jules-ferry-a-petite-synthe\/\" \/>\n<meta property=\"og:site_name\" content=\"EverydayRaquel\" \/>\n<meta property=\"article:publisher\" content=\"https:\/\/www.facebook.com\/everydayraquel\/\" \/>\n<meta property=\"article:published_time\" content=\"2026-04-30T09:17:14+00:00\" \/>\n<meta property=\"article:modified_time\" content=\"2026-04-30T09:17:16+00:00\" \/>\n<meta property=\"og:image\" content=\"https:\/\/everydayraquel.com\/wp-content\/uploads\/2026\/04\/Realisation-fresque-jules-ferrry.jpeg\" \/>\n\t<meta property=\"og:image:width\" content=\"1179\" \/>\n\t<meta property=\"og:image:height\" content=\"884\" \/>\n\t<meta property=\"og:image:type\" content=\"image\/jpeg\" \/>\n<meta name=\"author\" content=\"EverydayRaquel\" \/>\n<meta name=\"twitter:card\" content=\"summary_large_image\" \/>\n<meta name=\"twitter:label1\" content=\"Written by\" \/>\n\t<meta name=\"twitter:data1\" content=\"EverydayRaquel\" \/>\n\t<meta name=\"twitter:label2\" content=\"Estimated reading time\" \/>\n\t<meta name=\"twitter:data2\" content=\"3 minutes\" \/>\n<script type=\"application\/ld+json\" class=\"yoast-schema-graph\">{\"@context\":\"https:\/\/schema.org\",\"@graph\":[{\"@type\":\"Article\",\"@id\":\"https:\/\/everydayraquel.com\/projets-realisations\/fresque-devant-lecole-jules-ferry-a-petite-synthe\/#article\",\"isPartOf\":{\"@id\":\"https:\/\/everydayraquel.com\/projets-realisations\/fresque-devant-lecole-jules-ferry-a-petite-synthe\/\"},\"author\":{\"name\":\"EverydayRaquel\",\"@id\":\"https:\/\/everydayraquel.com\/#\/schema\/person\/36d6b01d3007ed58a6b127fc7a55866d\"},\"headline\":\"Fresque devant l&rsquo;\u00c9cole Jules Ferry \u00e0 Petite-Synthe\",\"datePublished\":\"2026-04-30T09:17:14+00:00\",\"dateModified\":\"2026-04-30T09:17:16+00:00\",\"mainEntityOfPage\":{\"@id\":\"https:\/\/everydayraquel.com\/projets-realisations\/fresque-devant-lecole-jules-ferry-a-petite-synthe\/\"},\"wordCount\":182,\"publisher\":{\"@id\":\"https:\/\/everydayraquel.com\/#organization\"},\"image\":{\"@id\":\"https:\/\/everydayraquel.com\/projets-realisations\/fresque-devant-lecole-jules-ferry-a-petite-synthe\/#primaryimage\"},\"thumbnailUrl\":\"https:\/\/everydayraquel.com\/wp-content\/uploads\/2026\/04\/Realisation-fresque-jules-ferrry.jpeg\",\"articleSection\":[\"Projets et r\u00e9alisations\"],\"inLanguage\":\"en-GB\"},{\"@type\":\"WebPage\",\"@id\":\"https:\/\/everydayraquel.com\/projets-realisations\/fresque-devant-lecole-jules-ferry-a-petite-synthe\/\",\"url\":\"https:\/\/everydayraquel.com\/projets-realisations\/fresque-devant-lecole-jules-ferry-a-petite-synthe\/\",\"name\":\"Fresque devant l'\u00c9cole Jules Ferry \u00e0 Petite-Synthe &#8211; EverydayRaquel\",\"isPartOf\":{\"@id\":\"https:\/\/everydayraquel.com\/#website\"},\"primaryImageOfPage\":{\"@id\":\"https:\/\/everydayraquel.com\/projets-realisations\/fresque-devant-lecole-jules-ferry-a-petite-synthe\/#primaryimage\"},\"image\":{\"@id\":\"https:\/\/everydayraquel.com\/projets-realisations\/fresque-devant-lecole-jules-ferry-a-petite-synthe\/#primaryimage\"},\"thumbnailUrl\":\"https:\/\/everydayraquel.com\/wp-content\/uploads\/2026\/04\/Realisation-fresque-jules-ferrry.jpeg\",\"datePublished\":\"2026-04-30T09:17:14+00:00\",\"dateModified\":\"2026-04-30T09:17:16+00:00\",\"breadcrumb\":{\"@id\":\"https:\/\/everydayraquel.com\/projets-realisations\/fresque-devant-lecole-jules-ferry-a-petite-synthe\/#breadcrumb\"},\"inLanguage\":\"en-GB\",\"potentialAction\":[{\"@type\":\"ReadAction\",\"target\":[\"https:\/\/everydayraquel.com\/projets-realisations\/fresque-devant-lecole-jules-ferry-a-petite-synthe\/\"]}]},{\"@type\":\"ImageObject\",\"inLanguage\":\"en-GB\",\"@id\":\"https:\/\/everydayraquel.com\/projets-realisations\/fresque-devant-lecole-jules-ferry-a-petite-synthe\/#primaryimage\",\"url\":\"https:\/\/everydayraquel.com\/wp-content\/uploads\/2026\/04\/Realisation-fresque-jules-ferrry.jpeg\",\"contentUrl\":\"https:\/\/everydayraquel.com\/wp-content\/uploads\/2026\/04\/Realisation-fresque-jules-ferrry.jpeg\",\"width\":1179,\"height\":884},{\"@type\":\"BreadcrumbList\",\"@id\":\"https:\/\/everydayraquel.com\/projets-realisations\/fresque-devant-lecole-jules-ferry-a-petite-synthe\/#breadcrumb\",\"itemListElement\":[{\"@type\":\"ListItem\",\"position\":1,\"name\":\"Accueil\",\"item\":\"https:\/\/everydayraquel.com\/\"},{\"@type\":\"ListItem\",\"position\":2,\"name\":\"Projets et r\u00e9alisations\",\"item\":\"https:\/\/everydayraquel.com\/en\/categorie\/projets-realisations\/\"},{\"@type\":\"ListItem\",\"position\":3,\"name\":\"Fresque devant l&rsquo;\u00c9cole Jules Ferry \u00e0 Petite-Synthe\"}]},{\"@type\":\"WebSite\",\"@id\":\"https:\/\/everydayraquel.com\/#website\",\"url\":\"https:\/\/everydayraquel.com\/\",\"name\":\"EverydayRaquel Art et Illustration\",\"description\":\"Un jour, un dessin\",\"publisher\":{\"@id\":\"https:\/\/everydayraquel.com\/#organization\"},\"alternateName\":\"Artiste Everyday Raquel\",\"potentialAction\":[{\"@type\":\"SearchAction\",\"target\":{\"@type\":\"EntryPoint\",\"urlTemplate\":\"https:\/\/everydayraquel.com\/?s={search_term_string}\"},\"query-input\":{\"@type\":\"PropertyValueSpecification\",\"valueRequired\":true,\"valueName\":\"search_term_string\"}}],\"inLanguage\":\"en-GB\"},{\"@type\":[\"Organization\",\"Place\",\"ArtGallery\"],\"@id\":\"https:\/\/everydayraquel.com\/#organization\",\"name\":\"Everyday Raquel\",\"alternateName\":\"Raquel Artiste Dunkerque\",\"url\":\"https:\/\/everydayraquel.com\/\",\"logo\":{\"@id\":\"https:\/\/everydayraquel.com\/projets-realisations\/fresque-devant-lecole-jules-ferry-a-petite-synthe\/#local-main-organization-logo\"},\"image\":{\"@id\":\"https:\/\/everydayraquel.com\/projets-realisations\/fresque-devant-lecole-jules-ferry-a-petite-synthe\/#local-main-organization-logo\"},\"sameAs\":[\"https:\/\/www.facebook.com\/everydayraquel\/\",\"https:\/\/www.instagram.com\/everydayraquel\/\"],\"description\":\"Artiste et illustratrice \u00e0 Dunkerque, je r\u00e9alise des dessins personnalis\u00e9s, vente d'affiches et de cadres, dessins du carnaval et des moments du quotidien. Street art, ateliers de dessins collectifs.\",\"legalName\":\"EveryDay Raquel\",\"foundingDate\":\"2020-07-27\",\"numberOfEmployees\":{\"@type\":\"QuantitativeValue\",\"minValue\":\"1\",\"maxValue\":\"10\"},\"address\":{\"@id\":\"https:\/\/everydayraquel.com\/projets-realisations\/fresque-devant-lecole-jules-ferry-a-petite-synthe\/#local-main-place-address\"},\"telephone\":[],\"openingHoursSpecification\":[{\"@type\":\"OpeningHoursSpecification\",\"dayOfWeek\":[\"Monday\",\"Tuesday\",\"Wednesday\",\"Thursday\",\"Friday\"],\"opens\":\"09:30\",\"closes\":\"18:00\"},{\"@type\":\"OpeningHoursSpecification\",\"dayOfWeek\":[\"Saturday\"],\"opens\":\"10:00\",\"closes\":\"12:00\"},{\"@type\":\"OpeningHoursSpecification\",\"dayOfWeek\":[\"Sunday\"],\"opens\":\"00:00\",\"closes\":\"00:00\"}],\"email\":\"contact@everydayraquel.com\",\"areaServed\":\"Dunkerque, Grande-Synthe, Bergues, Calais, Hazebrouck, Lille,\",\"priceRange\":\"$$\",\"currenciesAccepted\":\"Euro\",\"paymentAccepted\":\"CB, liquide, cash, carte bancaire\"},{\"@type\":\"Person\",\"@id\":\"https:\/\/everydayraquel.com\/#\/schema\/person\/36d6b01d3007ed58a6b127fc7a55866d\",\"name\":\"EverydayRaquel\",\"image\":{\"@type\":\"ImageObject\",\"inLanguage\":\"en-GB\",\"@id\":\"https:\/\/everydayraquel.com\/#\/schema\/person\/image\/\",\"url\":\"https:\/\/secure.gravatar.com\/avatar\/5e2617d86765c986f856f878f916c1b8fb4e0b31779b30aa04c29ee1c10a7276?s=96&d=mm&r=g\",\"contentUrl\":\"https:\/\/secure.gravatar.com\/avatar\/5e2617d86765c986f856f878f916c1b8fb4e0b31779b30aa04c29ee1c10a7276?s=96&d=mm&r=g\",\"caption\":\"EverydayRaquel\"}},{\"@type\":\"PostalAddress\",\"@id\":\"https:\/\/everydayraquel.com\/projets-realisations\/fresque-devant-lecole-jules-ferry-a-petite-synthe\/#local-main-place-address\",\"streetAddress\":\"Rue Winston Churchill\",\"addressLocality\":\"Dunkerque\",\"postalCode\":\"59240\",\"addressCountry\":\"FR\"},{\"@type\":\"ImageObject\",\"inLanguage\":\"en-GB\",\"@id\":\"https:\/\/everydayraquel.com\/projets-realisations\/fresque-devant-lecole-jules-ferry-a-petite-synthe\/#local-main-organization-logo\",\"url\":\"https:\/\/everydayraquel.com\/wp-content\/uploads\/2020\/11\/everydayraquel_logo_mirroir.png\",\"contentUrl\":\"https:\/\/everydayraquel.com\/wp-content\/uploads\/2020\/11\/everydayraquel_logo_mirroir.png\",\"width\":670,\"height\":290,\"caption\":\"Everyday Raquel\"}]}<\/script>\n<meta name=\"geo.placename\" content=\"Dunkerque\" \/>\n<meta name=\"geo.region\" content=\"France\" \/>","yoast_head_json":{"title":"Fresque devant l'\u00c9cole Jules Ferry \u00e0 Petite-Synthe &#8211; EverydayRaquel","robots":{"index":"index","follow":"follow","max-snippet":"max-snippet:-1","max-image-preview":"max-image-preview:large","max-video-preview":"max-video-preview:-1"},"canonical":"https:\/\/everydayraquel.com\/en\/projets-realisations\/fresque-devant-lecole-jules-ferry-a-petite-synthe\/","og_locale":"en_GB","og_type":"article","og_title":"Fresque devant l'\u00c9cole Jules Ferry \u00e0 Petite-Synthe","og_description":"Voici un projet r\u00e9alis\u00e9 \u00e0 l&rsquo;initiative de l&rsquo;\u00e9cole \u00e9l\u00e9mentaire Jules Ferry \u00e0 Petite-Synthe. Des ateliers artistiques r\u00e9alis\u00e9s avec les \u00e9l\u00e8ves du CP au CM2 ont donn\u00e9 lieu \u00e0 la cr\u00e9ation d&rsquo;une fresque sur l&rsquo;Empathie et les \u00e9motions. Les ateliers cr\u00e9atifs ont eu lieu pendant le mois d&rsquo;octobre et novembre 2025. Nous avons explor\u00e9 les diff\u00e9rentes [&hellip;]","og_url":"https:\/\/everydayraquel.com\/en\/projets-realisations\/fresque-devant-lecole-jules-ferry-a-petite-synthe\/","og_site_name":"EverydayRaquel","article_publisher":"https:\/\/www.facebook.com\/everydayraquel\/","article_published_time":"2026-04-30T09:17:14+00:00","article_modified_time":"2026-04-30T09:17:16+00:00","og_image":[{"width":1179,"height":884,"url":"https:\/\/everydayraquel.com\/wp-content\/uploads\/2026\/04\/Realisation-fresque-jules-ferrry.jpeg","type":"image\/jpeg"}],"author":"EverydayRaquel","twitter_card":"summary_large_image","twitter_misc":{"Written by":"EverydayRaquel","Estimated reading time":"3 minutes"},"schema":{"@context":"https:\/\/schema.org","@graph":[{"@type":"Article","@id":"https:\/\/everydayraquel.com\/projets-realisations\/fresque-devant-lecole-jules-ferry-a-petite-synthe\/#article","isPartOf":{"@id":"https:\/\/everydayraquel.com\/projets-realisations\/fresque-devant-lecole-jules-ferry-a-petite-synthe\/"},"author":{"name":"EverydayRaquel","@id":"https:\/\/everydayraquel.com\/#\/schema\/person\/36d6b01d3007ed58a6b127fc7a55866d"},"headline":"Fresque devant l&rsquo;\u00c9cole Jules Ferry \u00e0 Petite-Synthe","datePublished":"2026-04-30T09:17:14+00:00","dateModified":"2026-04-30T09:17:16+00:00","mainEntityOfPage":{"@id":"https:\/\/everydayraquel.com\/projets-realisations\/fresque-devant-lecole-jules-ferry-a-petite-synthe\/"},"wordCount":182,"publisher":{"@id":"https:\/\/everydayraquel.com\/#organization"},"image":{"@id":"https:\/\/everydayraquel.com\/projets-realisations\/fresque-devant-lecole-jules-ferry-a-petite-synthe\/#primaryimage"},"thumbnailUrl":"https:\/\/everydayraquel.com\/wp-content\/uploads\/2026\/04\/Realisation-fresque-jules-ferrry.jpeg","articleSection":["Projets et r\u00e9alisations"],"inLanguage":"en-GB"},{"@type":"WebPage","@id":"https:\/\/everydayraquel.com\/projets-realisations\/fresque-devant-lecole-jules-ferry-a-petite-synthe\/","url":"https:\/\/everydayraquel.com\/projets-realisations\/fresque-devant-lecole-jules-ferry-a-petite-synthe\/","name":"Fresque devant l'\u00c9cole Jules Ferry \u00e0 Petite-Synthe &#8211; EverydayRaquel","isPartOf":{"@id":"https:\/\/everydayraquel.com\/#website"},"primaryImageOfPage":{"@id":"https:\/\/everydayraquel.com\/projets-realisations\/fresque-devant-lecole-jules-ferry-a-petite-synthe\/#primaryimage"},"image":{"@id":"https:\/\/everydayraquel.com\/projets-realisations\/fresque-devant-lecole-jules-ferry-a-petite-synthe\/#primaryimage"},"thumbnailUrl":"https:\/\/everydayraquel.com\/wp-content\/uploads\/2026\/04\/Realisation-fresque-jules-ferrry.jpeg","datePublished":"2026-04-30T09:17:14+00:00","dateModified":"2026-04-30T09:17:16+00:00","breadcrumb":{"@id":"https:\/\/everydayraquel.com\/projets-realisations\/fresque-devant-lecole-jules-ferry-a-petite-synthe\/#breadcrumb"},"inLanguage":"en-GB","potentialAction":[{"@type":"ReadAction","target":["https:\/\/everydayraquel.com\/projets-realisations\/fresque-devant-lecole-jules-ferry-a-petite-synthe\/"]}]},{"@type":"ImageObject","inLanguage":"en-GB","@id":"https:\/\/everydayraquel.com\/projets-realisations\/fresque-devant-lecole-jules-ferry-a-petite-synthe\/#primaryimage","url":"https:\/\/everydayraquel.com\/wp-content\/uploads\/2026\/04\/Realisation-fresque-jules-ferrry.jpeg","contentUrl":"https:\/\/everydayraquel.com\/wp-content\/uploads\/2026\/04\/Realisation-fresque-jules-ferrry.jpeg","width":1179,"height":884},{"@type":"BreadcrumbList","@id":"https:\/\/everydayraquel.com\/projets-realisations\/fresque-devant-lecole-jules-ferry-a-petite-synthe\/#breadcrumb","itemListElement":[{"@type":"ListItem","position":1,"name":"Accueil","item":"https:\/\/everydayraquel.com\/"},{"@type":"ListItem","position":2,"name":"Projets et r\u00e9alisations","item":"https:\/\/everydayraquel.com\/en\/categorie\/projets-realisations\/"},{"@type":"ListItem","position":3,"name":"Fresque devant l&rsquo;\u00c9cole Jules Ferry \u00e0 Petite-Synthe"}]},{"@type":"WebSite","@id":"https:\/\/everydayraquel.com\/#website","url":"https:\/\/everydayraquel.com\/","name":"EverydayRaquel Art et Illustration","description":"Un jour, un dessin","publisher":{"@id":"https:\/\/everydayraquel.com\/#organization"},"alternateName":"Artiste Everyday Raquel","potentialAction":[{"@type":"SearchAction","target":{"@type":"EntryPoint","urlTemplate":"https:\/\/everydayraquel.com\/?s={search_term_string}"},"query-input":{"@type":"PropertyValueSpecification","valueRequired":true,"valueName":"search_term_string"}}],"inLanguage":"en-GB"},{"@type":["Organization","Place","ArtGallery"],"@id":"https:\/\/everydayraquel.com\/#organization","name":"Everyday Raquel","alternateName":"Raquel Artiste Dunkerque","url":"https:\/\/everydayraquel.com\/","logo":{"@id":"https:\/\/everydayraquel.com\/projets-realisations\/fresque-devant-lecole-jules-ferry-a-petite-synthe\/#local-main-organization-logo"},"image":{"@id":"https:\/\/everydayraquel.com\/projets-realisations\/fresque-devant-lecole-jules-ferry-a-petite-synthe\/#local-main-organization-logo"},"sameAs":["https:\/\/www.facebook.com\/everydayraquel\/","https:\/\/www.instagram.com\/everydayraquel\/"],"description":"Artiste et illustratrice \u00e0 Dunkerque, je r\u00e9alise des dessins personnalis\u00e9s, vente d'affiches et de cadres, dessins du carnaval et des moments du quotidien. Street art, ateliers de dessins collectifs.","legalName":"EveryDay Raquel","foundingDate":"2020-07-27","numberOfEmployees":{"@type":"QuantitativeValue","minValue":"1","maxValue":"10"},"address":{"@id":"https:\/\/everydayraquel.com\/projets-realisations\/fresque-devant-lecole-jules-ferry-a-petite-synthe\/#local-main-place-address"},"telephone":[],"openingHoursSpecification":[{"@type":"OpeningHoursSpecification","dayOfWeek":["Monday","Tuesday","Wednesday","Thursday","Friday"],"opens":"09:30","closes":"18:00"},{"@type":"OpeningHoursSpecification","dayOfWeek":["Saturday"],"opens":"10:00","closes":"12:00"},{"@type":"OpeningHoursSpecification","dayOfWeek":["Sunday"],"opens":"00:00","closes":"00:00"}],"email":"contact@everydayraquel.com","areaServed":"Dunkerque, Grande-Synthe, Bergues, Calais, Hazebrouck, Lille,","priceRange":"$$","currenciesAccepted":"Euro","paymentAccepted":"CB, liquide, cash, carte bancaire"},{"@type":"Person","@id":"https:\/\/everydayraquel.com\/#\/schema\/person\/36d6b01d3007ed58a6b127fc7a55866d","name":"EverydayRaquel","image":{"@type":"ImageObject","inLanguage":"en-GB","@id":"https:\/\/everydayraquel.com\/#\/schema\/person\/image\/","url":"https:\/\/secure.gravatar.com\/avatar\/5e2617d86765c986f856f878f916c1b8fb4e0b31779b30aa04c29ee1c10a7276?s=96&d=mm&r=g","contentUrl":"https:\/\/secure.gravatar.com\/avatar\/5e2617d86765c986f856f878f916c1b8fb4e0b31779b30aa04c29ee1c10a7276?s=96&d=mm&r=g","caption":"EverydayRaquel"}},{"@type":"PostalAddress","@id":"https:\/\/everydayraquel.com\/projets-realisations\/fresque-devant-lecole-jules-ferry-a-petite-synthe\/#local-main-place-address","streetAddress":"Rue Winston Churchill","addressLocality":"Dunkerque","postalCode":"59240","addressCountry":"FR"},{"@type":"ImageObject","inLanguage":"en-GB","@id":"https:\/\/everydayraquel.com\/projets-realisations\/fresque-devant-lecole-jules-ferry-a-petite-synthe\/#local-main-organization-logo","url":"https:\/\/everydayraquel.com\/wp-content\/uploads\/2020\/11\/everydayraquel_logo_mirroir.png","contentUrl":"https:\/\/everydayraquel.com\/wp-content\/uploads\/2020\/11\/everydayraquel_logo_mirroir.png","width":670,"height":290,"caption":"Everyday Raquel"}]},"geo.placename":"Dunkerque","geo.region":"France"},"_links":{"self":[{"href":"https:\/\/everydayraquel.com\/en\/wp-json\/wp\/v2\/posts\/5599","targetHints":{"allow":["GET"]}}],"collection":[{"href":"https:\/\/everydayraquel.com\/en\/wp-json\/wp\/v2\/posts"}],"about":[{"href":"https:\/\/everydayraquel.com\/en\/wp-json\/wp\/v2\/types\/post"}],"author":[{"embeddable":true,"href":"https:\/\/everydayraquel.com\/en\/wp-json\/wp\/v2\/users\/1"}],"replies":[{"embeddable":true,"href":"https:\/\/everydayraquel.com\/en\/wp-json\/wp\/v2\/comments?post=5599"}],"version-history":[{"count":1,"href":"https:\/\/everydayraquel.com\/en\/wp-json\/wp\/v2\/posts\/5599\/revisions"}],"predecessor-version":[{"id":5610,"href":"https:\/\/everydayraquel.com\/en\/wp-json\/wp\/v2\/posts\/5599\/revisions\/5610"}],"wp:featuredmedia":[{"embeddable":true,"href":"https:\/\/everydayraquel.com\/en\/wp-json\/wp\/v2\/media\/5600"}],"wp:attachment":[{"href":"https:\/\/everydayraquel.com\/en\/wp-json\/wp\/v2\/media?parent=5599"}],"wp:term":[{"taxonomy":"category","embeddable":true,"href":"https:\/\/everydayraquel.com\/en\/wp-json\/wp\/v2\/categories?post=5599"},{"taxonomy":"post_tag","embeddable":true,"href":"https:\/\/everydayraquel.com\/en\/wp-json\/wp\/v2\/tags?post=5599"}],"curies":[{"name":"wp","href":"https:\/\/api.w.org\/{rel}","templated":true}]}}