{"id":5573,"date":"2026-04-17T16:13:31","date_gmt":"2026-04-17T14:13:31","guid":{"rendered":"https:\/\/everydayraquel.com\/?p=5573"},"modified":"2026-04-17T16:13:32","modified_gmt":"2026-04-17T14:13:32","slug":"une-fresque-pour-lespace-bts-du-lycee-angellier","status":"publish","type":"post","link":"https:\/\/everydayraquel.com\/en\/projets-realisations\/une-fresque-pour-lespace-bts-du-lycee-angellier\/","title":{"rendered":"Une fresque pour l&rsquo;espace BTS du Lyc\u00e9e Angellier"},"content":{"rendered":"<p>Le Lyc\u00e9e Angellier de Dunkerque propose des formations BTS en Commerce International, Comptabilit\u00e9 et Gestion ainsi que Management Commercial Op\u00e9rationnel. J&rsquo;ai travaill\u00e9 avec les \u00e9tudiants pour d\u00e9cider d&rsquo;une fresque artistique qui repr\u00e9sente leurs \u00e9tudes et leurs futurs m\u00e9tiers avec bienveillance et humour; le tout dans un style street art amusant, authentique et color\u00e9.\u00a0<\/p>\n\n\n\n<p>C&rsquo;est pendant une s\u00e9rie de trois ateliers de concertation que nous avons d\u00e9cid\u00e9 ensemble du contenu de la fresque.<\/p>\n\n\n\n<figure class=\"wp-block-gallery has-nested-images columns-default is-cropped wp-block-gallery-1 is-layout-flex wp-block-gallery-is-layout-flex\">\n<figure class=\"wp-block-image size-large\"><img fetchpriority=\"high\" decoding=\"async\" width=\"1024\" height=\"576\" data-id=\"5574\" src=\"https:\/\/everydayraquel.com\/wp-content\/uploads\/2026\/04\/Atelier-concertation-fresque-BTS-lycee-angellier-everydayraquel-2-1024x576.jpeg\" alt=\"\" class=\"wp-image-5574\" srcset=\"https:\/\/everydayraquel.com\/wp-content\/uploads\/2026\/04\/Atelier-concertation-fresque-BTS-lycee-angellier-everydayraquel-2-1024x576.jpeg 1024w, https:\/\/everydayraquel.com\/wp-content\/uploads\/2026\/04\/Atelier-concertation-fresque-BTS-lycee-angellier-everydayraquel-2-300x169.jpeg 300w, https:\/\/everydayraquel.com\/wp-content\/uploads\/2026\/04\/Atelier-concertation-fresque-BTS-lycee-angellier-everydayraquel-2-768x432.jpeg 768w, https:\/\/everydayraquel.com\/wp-content\/uploads\/2026\/04\/Atelier-concertation-fresque-BTS-lycee-angellier-everydayraquel-2-18x10.jpeg 18w, https:\/\/everydayraquel.com\/wp-content\/uploads\/2026\/04\/Atelier-concertation-fresque-BTS-lycee-angellier-everydayraquel-2-600x338.jpeg 600w, https:\/\/everydayraquel.com\/wp-content\/uploads\/2026\/04\/Atelier-concertation-fresque-BTS-lycee-angellier-everydayraquel-2-64x36.jpeg 64w, https:\/\/everydayraquel.com\/wp-content\/uploads\/2026\/04\/Atelier-concertation-fresque-BTS-lycee-angellier-everydayraquel-2.jpeg 1200w\" sizes=\"(max-width: 1024px) 100vw, 1024px\" \/><\/figure>\n\n\n\n<figure class=\"wp-block-image size-large\"><img decoding=\"async\" width=\"1024\" height=\"576\" data-id=\"5575\" src=\"https:\/\/everydayraquel.com\/wp-content\/uploads\/2026\/04\/Atelier-concertation-fresque-BTS-lycee-angellier-everydayraquel-1024x576.jpeg\" alt=\"\" class=\"wp-image-5575\" srcset=\"https:\/\/everydayraquel.com\/wp-content\/uploads\/2026\/04\/Atelier-concertation-fresque-BTS-lycee-angellier-everydayraquel-1024x576.jpeg 1024w, https:\/\/everydayraquel.com\/wp-content\/uploads\/2026\/04\/Atelier-concertation-fresque-BTS-lycee-angellier-everydayraquel-300x169.jpeg 300w, https:\/\/everydayraquel.com\/wp-content\/uploads\/2026\/04\/Atelier-concertation-fresque-BTS-lycee-angellier-everydayraquel-768x432.jpeg 768w, https:\/\/everydayraquel.com\/wp-content\/uploads\/2026\/04\/Atelier-concertation-fresque-BTS-lycee-angellier-everydayraquel-18x10.jpeg 18w, https:\/\/everydayraquel.com\/wp-content\/uploads\/2026\/04\/Atelier-concertation-fresque-BTS-lycee-angellier-everydayraquel-600x338.jpeg 600w, https:\/\/everydayraquel.com\/wp-content\/uploads\/2026\/04\/Atelier-concertation-fresque-BTS-lycee-angellier-everydayraquel-64x36.jpeg 64w, https:\/\/everydayraquel.com\/wp-content\/uploads\/2026\/04\/Atelier-concertation-fresque-BTS-lycee-angellier-everydayraquel.jpeg 1200w\" sizes=\"(max-width: 1024px) 100vw, 1024px\" \/><\/figure>\n<\/figure>\n\n\n\n<p>\u00c0 la fin des ateliers de concertation, j&rsquo;ai commenc\u00e9 le processus de peinture. Pendant deux semaines j&rsquo;ai r\u00e9alis\u00e9 les dessins sur les plaques de bois contreplaqu\u00e9. Ces plaques seront par la suite accroch\u00e9es dans le couloir des BTS. <\/p>\n\n\n\n<p>Voici un exemple de plaque pendant la r\u00e9alisation :<\/p>\n\n\n\n<figure class=\"wp-block-gallery has-nested-images columns-default is-cropped wp-block-gallery-2 is-layout-flex wp-block-gallery-is-layout-flex\">\n<figure class=\"wp-block-image size-large\"><img decoding=\"async\" width=\"506\" height=\"900\" data-id=\"5576\" src=\"https:\/\/everydayraquel.com\/wp-content\/uploads\/2026\/04\/realisation-fresque-BTS-lycee-angellier-Professionnels1.jpeg\" alt=\"\" class=\"wp-image-5576\" srcset=\"https:\/\/everydayraquel.com\/wp-content\/uploads\/2026\/04\/realisation-fresque-BTS-lycee-angellier-Professionnels1.jpeg 506w, https:\/\/everydayraquel.com\/wp-content\/uploads\/2026\/04\/realisation-fresque-BTS-lycee-angellier-Professionnels1-169x300.jpeg 169w, https:\/\/everydayraquel.com\/wp-content\/uploads\/2026\/04\/realisation-fresque-BTS-lycee-angellier-Professionnels1-7x12.jpeg 7w, https:\/\/everydayraquel.com\/wp-content\/uploads\/2026\/04\/realisation-fresque-BTS-lycee-angellier-Professionnels1-300x534.jpeg 300w, https:\/\/everydayraquel.com\/wp-content\/uploads\/2026\/04\/realisation-fresque-BTS-lycee-angellier-Professionnels1-64x114.jpeg 64w\" sizes=\"(max-width: 506px) 100vw, 506px\" \/><figcaption class=\"wp-element-caption\">Esquisse<\/figcaption><\/figure>\n\n\n\n<figure class=\"wp-block-image size-large\"><img loading=\"lazy\" decoding=\"async\" width=\"506\" height=\"900\" data-id=\"5577\" src=\"https:\/\/everydayraquel.com\/wp-content\/uploads\/2026\/04\/realisation-fresque-BTS-lycee-angellier-Professionnels2.jpeg\" alt=\"\" class=\"wp-image-5577\" srcset=\"https:\/\/everydayraquel.com\/wp-content\/uploads\/2026\/04\/realisation-fresque-BTS-lycee-angellier-Professionnels2.jpeg 506w, https:\/\/everydayraquel.com\/wp-content\/uploads\/2026\/04\/realisation-fresque-BTS-lycee-angellier-Professionnels2-169x300.jpeg 169w, https:\/\/everydayraquel.com\/wp-content\/uploads\/2026\/04\/realisation-fresque-BTS-lycee-angellier-Professionnels2-7x12.jpeg 7w, https:\/\/everydayraquel.com\/wp-content\/uploads\/2026\/04\/realisation-fresque-BTS-lycee-angellier-Professionnels2-300x534.jpeg 300w, https:\/\/everydayraquel.com\/wp-content\/uploads\/2026\/04\/realisation-fresque-BTS-lycee-angellier-Professionnels2-64x114.jpeg 64w\" sizes=\"(max-width: 506px) 100vw, 506px\" \/><figcaption class=\"wp-element-caption\">Couleurs<\/figcaption><\/figure>\n\n\n\n<figure class=\"wp-block-image size-large\"><img loading=\"lazy\" decoding=\"async\" width=\"506\" height=\"900\" data-id=\"5578\" src=\"https:\/\/everydayraquel.com\/wp-content\/uploads\/2026\/04\/realisation-fresque-BTS-lycee-angellier-Professionnels3.jpeg\" alt=\"\" class=\"wp-image-5578\" srcset=\"https:\/\/everydayraquel.com\/wp-content\/uploads\/2026\/04\/realisation-fresque-BTS-lycee-angellier-Professionnels3.jpeg 506w, https:\/\/everydayraquel.com\/wp-content\/uploads\/2026\/04\/realisation-fresque-BTS-lycee-angellier-Professionnels3-169x300.jpeg 169w, https:\/\/everydayraquel.com\/wp-content\/uploads\/2026\/04\/realisation-fresque-BTS-lycee-angellier-Professionnels3-7x12.jpeg 7w, https:\/\/everydayraquel.com\/wp-content\/uploads\/2026\/04\/realisation-fresque-BTS-lycee-angellier-Professionnels3-300x534.jpeg 300w, https:\/\/everydayraquel.com\/wp-content\/uploads\/2026\/04\/realisation-fresque-BTS-lycee-angellier-Professionnels3-64x114.jpeg 64w\" sizes=\"(max-width: 506px) 100vw, 506px\" \/><figcaption class=\"wp-element-caption\">Finitions<\/figcaption><\/figure>\n<\/figure>\n\n\n\n<p>Un vernissage sera pr\u00e9vu prochainement pour inaugurer l&rsquo;accrochage des la fresque.<\/p>\n\n\n\n<p>Merci aux \u00e9tudiants pour leurs id\u00e9es et au Lyc\u00e9e Angellier pour ce beau projet !<\/p>","protected":false},"excerpt":{"rendered":"<p>Le Lyc\u00e9e Angellier de Dunkerque propose des formations BTS en Commerce International, Comptabilit\u00e9 et Gestion ainsi que Management Commercial Op\u00e9rationnel. J&rsquo;ai travaill\u00e9 avec les \u00e9tudiants pour d\u00e9cider d&rsquo;une fresque artistique qui repr\u00e9sente leurs \u00e9tudes et leurs futurs m\u00e9tiers avec bienveillance et humour; le tout dans un style street art amusant, authentique et color\u00e9.\u00a0 C&rsquo;est pendant [&hellip;]<\/p>\n","protected":false},"author":1,"featured_media":5579,"comment_status":"closed","ping_status":"closed","sticky":false,"template":"","format":"standard","meta":{"site-sidebar-layout":"default","site-content-layout":"","ast-site-content-layout":"default","site-content-style":"default","site-sidebar-style":"default","ast-global-header-display":"","ast-banner-title-visibility":"","ast-main-header-display":"","ast-hfb-above-header-display":"","ast-hfb-below-header-display":"","ast-hfb-mobile-header-display":"","site-post-title":"","ast-breadcrumbs-content":"","ast-featured-img":"","footer-sml-layout":"","ast-disable-related-posts":"","theme-transparent-header-meta":"","adv-header-id-meta":"","stick-header-meta":"","header-above-stick-meta":"","header-main-stick-meta":"","header-below-stick-meta":"","astra-migrate-meta-layouts":"set","ast-page-background-enabled":"default","ast-page-background-meta":{"desktop":{"background-color":"","background-image":"","background-repeat":"repeat","background-position":"center center","background-size":"auto","background-attachment":"scroll","background-type":"","background-media":"","overlay-type":"","overlay-color":"","overlay-opacity":"","overlay-gradient":""},"tablet":{"background-color":"","background-image":"","background-repeat":"repeat","background-position":"center center","background-size":"auto","background-attachment":"scroll","background-type":"","background-media":"","overlay-type":"","overlay-color":"","overlay-opacity":"","overlay-gradient":""},"mobile":{"background-color":"","background-image":"","background-repeat":"repeat","background-position":"center center","background-size":"auto","background-attachment":"scroll","background-type":"","background-media":"","overlay-type":"","overlay-color":"","overlay-opacity":"","overlay-gradient":""}},"ast-content-background-meta":{"desktop":{"background-color":"var(--ast-global-color-5)","background-image":"","background-repeat":"repeat","background-position":"center center","background-size":"auto","background-attachment":"scroll","background-type":"","background-media":"","overlay-type":"","overlay-color":"","overlay-opacity":"","overlay-gradient":""},"tablet":{"background-color":"var(--ast-global-color-5)","background-image":"","background-repeat":"repeat","background-position":"center center","background-size":"auto","background-attachment":"scroll","background-type":"","background-media":"","overlay-type":"","overlay-color":"","overlay-opacity":"","overlay-gradient":""},"mobile":{"background-color":"var(--ast-global-color-5)","background-image":"","background-repeat":"repeat","background-position":"center center","background-size":"auto","background-attachment":"scroll","background-type":"","background-media":"","overlay-type":"","overlay-color":"","overlay-opacity":"","overlay-gradient":""}},"footnotes":""},"categories":[1],"tags":[],"class_list":["post-5573","post","type-post","status-publish","format-standard","has-post-thumbnail","hentry","category-projets-realisations"],"yoast_head":"<title>Une fresque pour l&#039;espace BTS du Lyc\u00e9e Angellier &#8211; EverydayRaquel<\/title>\n<meta name=\"robots\" content=\"index, follow, max-snippet:-1, max-image-preview:large, max-video-preview:-1\" \/>\n<link rel=\"canonical\" href=\"https:\/\/everydayraquel.com\/en\/projets-realisations\/une-fresque-pour-lespace-bts-du-lycee-angellier\/\" \/>\n<meta property=\"og:locale\" content=\"en_GB\" \/>\n<meta property=\"og:type\" content=\"article\" \/>\n<meta property=\"og:title\" content=\"Une fresque pour l&#039;espace BTS du Lyc\u00e9e Angellier\" \/>\n<meta property=\"og:description\" content=\"Le Lyc\u00e9e Angellier de Dunkerque propose des formations BTS en Commerce International, Comptabilit\u00e9 et Gestion ainsi que Management Commercial Op\u00e9rationnel. J&rsquo;ai travaill\u00e9 avec les \u00e9tudiants pour d\u00e9cider d&rsquo;une fresque artistique qui repr\u00e9sente leurs \u00e9tudes et leurs futurs m\u00e9tiers avec bienveillance et humour; le tout dans un style street art amusant, authentique et color\u00e9.\u00a0 C&rsquo;est pendant [&hellip;]\" \/>\n<meta property=\"og:url\" content=\"https:\/\/everydayraquel.com\/en\/projets-realisations\/une-fresque-pour-lespace-bts-du-lycee-angellier\/\" \/>\n<meta property=\"og:site_name\" content=\"EverydayRaquel\" \/>\n<meta property=\"article:publisher\" content=\"https:\/\/www.facebook.com\/everydayraquel\/\" \/>\n<meta property=\"article:published_time\" content=\"2026-04-17T14:13:31+00:00\" \/>\n<meta property=\"article:modified_time\" content=\"2026-04-17T14:13:32+00:00\" \/>\n<meta property=\"og:image\" content=\"https:\/\/everydayraquel.com\/wp-content\/uploads\/2026\/04\/realisation-fresque-BTS-lycee-angellier-everydayraquel-1.jpeg\" \/>\n\t<meta property=\"og:image:width\" content=\"1200\" \/>\n\t<meta property=\"og:image:height\" content=\"675\" \/>\n\t<meta property=\"og:image:type\" content=\"image\/jpeg\" \/>\n<meta name=\"author\" content=\"EverydayRaquel\" \/>\n<meta name=\"twitter:card\" content=\"summary_large_image\" \/>\n<meta name=\"twitter:label1\" content=\"Written by\" \/>\n\t<meta name=\"twitter:data1\" content=\"EverydayRaquel\" \/>\n\t<meta name=\"twitter:label2\" content=\"Estimated reading time\" \/>\n\t<meta name=\"twitter:data2\" content=\"2 minutes\" \/>\n<script type=\"application\/ld+json\" class=\"yoast-schema-graph\">{\"@context\":\"https:\/\/schema.org\",\"@graph\":[{\"@type\":\"Article\",\"@id\":\"https:\/\/everydayraquel.com\/projets-realisations\/une-fresque-pour-lespace-bts-du-lycee-angellier\/#article\",\"isPartOf\":{\"@id\":\"https:\/\/everydayraquel.com\/projets-realisations\/une-fresque-pour-lespace-bts-du-lycee-angellier\/\"},\"author\":{\"name\":\"EverydayRaquel\",\"@id\":\"https:\/\/everydayraquel.com\/#\/schema\/person\/36d6b01d3007ed58a6b127fc7a55866d\"},\"headline\":\"Une fresque pour l&rsquo;espace BTS du Lyc\u00e9e Angellier\",\"datePublished\":\"2026-04-17T14:13:31+00:00\",\"dateModified\":\"2026-04-17T14:13:32+00:00\",\"mainEntityOfPage\":{\"@id\":\"https:\/\/everydayraquel.com\/projets-realisations\/une-fresque-pour-lespace-bts-du-lycee-angellier\/\"},\"wordCount\":174,\"publisher\":{\"@id\":\"https:\/\/everydayraquel.com\/#organization\"},\"image\":{\"@id\":\"https:\/\/everydayraquel.com\/projets-realisations\/une-fresque-pour-lespace-bts-du-lycee-angellier\/#primaryimage\"},\"thumbnailUrl\":\"https:\/\/everydayraquel.com\/wp-content\/uploads\/2026\/04\/realisation-fresque-BTS-lycee-angellier-everydayraquel-1.jpeg\",\"articleSection\":[\"Projets et r\u00e9alisations\"],\"inLanguage\":\"en-GB\"},{\"@type\":\"WebPage\",\"@id\":\"https:\/\/everydayraquel.com\/projets-realisations\/une-fresque-pour-lespace-bts-du-lycee-angellier\/\",\"url\":\"https:\/\/everydayraquel.com\/projets-realisations\/une-fresque-pour-lespace-bts-du-lycee-angellier\/\",\"name\":\"Une fresque pour l'espace BTS du Lyc\u00e9e Angellier &#8211; EverydayRaquel\",\"isPartOf\":{\"@id\":\"https:\/\/everydayraquel.com\/#website\"},\"primaryImageOfPage\":{\"@id\":\"https:\/\/everydayraquel.com\/projets-realisations\/une-fresque-pour-lespace-bts-du-lycee-angellier\/#primaryimage\"},\"image\":{\"@id\":\"https:\/\/everydayraquel.com\/projets-realisations\/une-fresque-pour-lespace-bts-du-lycee-angellier\/#primaryimage\"},\"thumbnailUrl\":\"https:\/\/everydayraquel.com\/wp-content\/uploads\/2026\/04\/realisation-fresque-BTS-lycee-angellier-everydayraquel-1.jpeg\",\"datePublished\":\"2026-04-17T14:13:31+00:00\",\"dateModified\":\"2026-04-17T14:13:32+00:00\",\"breadcrumb\":{\"@id\":\"https:\/\/everydayraquel.com\/projets-realisations\/une-fresque-pour-lespace-bts-du-lycee-angellier\/#breadcrumb\"},\"inLanguage\":\"en-GB\",\"potentialAction\":[{\"@type\":\"ReadAction\",\"target\":[\"https:\/\/everydayraquel.com\/projets-realisations\/une-fresque-pour-lespace-bts-du-lycee-angellier\/\"]}]},{\"@type\":\"ImageObject\",\"inLanguage\":\"en-GB\",\"@id\":\"https:\/\/everydayraquel.com\/projets-realisations\/une-fresque-pour-lespace-bts-du-lycee-angellier\/#primaryimage\",\"url\":\"https:\/\/everydayraquel.com\/wp-content\/uploads\/2026\/04\/realisation-fresque-BTS-lycee-angellier-everydayraquel-1.jpeg\",\"contentUrl\":\"https:\/\/everydayraquel.com\/wp-content\/uploads\/2026\/04\/realisation-fresque-BTS-lycee-angellier-everydayraquel-1.jpeg\",\"width\":1200,\"height\":675},{\"@type\":\"BreadcrumbList\",\"@id\":\"https:\/\/everydayraquel.com\/projets-realisations\/une-fresque-pour-lespace-bts-du-lycee-angellier\/#breadcrumb\",\"itemListElement\":[{\"@type\":\"ListItem\",\"position\":1,\"name\":\"Accueil\",\"item\":\"https:\/\/everydayraquel.com\/\"},{\"@type\":\"ListItem\",\"position\":2,\"name\":\"Projets et r\u00e9alisations\",\"item\":\"https:\/\/everydayraquel.com\/en\/categorie\/projets-realisations\/\"},{\"@type\":\"ListItem\",\"position\":3,\"name\":\"Une fresque pour l&rsquo;espace BTS du Lyc\u00e9e Angellier\"}]},{\"@type\":\"WebSite\",\"@id\":\"https:\/\/everydayraquel.com\/#website\",\"url\":\"https:\/\/everydayraquel.com\/\",\"name\":\"EverydayRaquel Art et Illustration\",\"description\":\"Un jour, un dessin\",\"publisher\":{\"@id\":\"https:\/\/everydayraquel.com\/#organization\"},\"alternateName\":\"Artiste Everyday Raquel\",\"potentialAction\":[{\"@type\":\"SearchAction\",\"target\":{\"@type\":\"EntryPoint\",\"urlTemplate\":\"https:\/\/everydayraquel.com\/?s={search_term_string}\"},\"query-input\":{\"@type\":\"PropertyValueSpecification\",\"valueRequired\":true,\"valueName\":\"search_term_string\"}}],\"inLanguage\":\"en-GB\"},{\"@type\":[\"Organization\",\"Place\",\"ArtGallery\"],\"@id\":\"https:\/\/everydayraquel.com\/#organization\",\"name\":\"Everyday Raquel\",\"alternateName\":\"Raquel Artiste Dunkerque\",\"url\":\"https:\/\/everydayraquel.com\/\",\"logo\":{\"@id\":\"https:\/\/everydayraquel.com\/projets-realisations\/une-fresque-pour-lespace-bts-du-lycee-angellier\/#local-main-organization-logo\"},\"image\":{\"@id\":\"https:\/\/everydayraquel.com\/projets-realisations\/une-fresque-pour-lespace-bts-du-lycee-angellier\/#local-main-organization-logo\"},\"sameAs\":[\"https:\/\/www.facebook.com\/everydayraquel\/\",\"https:\/\/www.instagram.com\/everydayraquel\/\"],\"description\":\"Artiste et illustratrice \u00e0 Dunkerque, je r\u00e9alise des dessins personnalis\u00e9s, vente d'affiches et de cadres, dessins du carnaval et des moments du quotidien. Street art, ateliers de dessins collectifs.\",\"legalName\":\"EveryDay Raquel\",\"foundingDate\":\"2020-07-27\",\"numberOfEmployees\":{\"@type\":\"QuantitativeValue\",\"minValue\":\"1\",\"maxValue\":\"10\"},\"address\":{\"@id\":\"https:\/\/everydayraquel.com\/projets-realisations\/une-fresque-pour-lespace-bts-du-lycee-angellier\/#local-main-place-address\"},\"telephone\":[],\"openingHoursSpecification\":[{\"@type\":\"OpeningHoursSpecification\",\"dayOfWeek\":[\"Monday\",\"Tuesday\",\"Wednesday\",\"Thursday\",\"Friday\"],\"opens\":\"09:30\",\"closes\":\"18:00\"},{\"@type\":\"OpeningHoursSpecification\",\"dayOfWeek\":[\"Saturday\"],\"opens\":\"10:00\",\"closes\":\"12:00\"},{\"@type\":\"OpeningHoursSpecification\",\"dayOfWeek\":[\"Sunday\"],\"opens\":\"00:00\",\"closes\":\"00:00\"}],\"email\":\"contact@everydayraquel.com\",\"areaServed\":\"Dunkerque, Grande-Synthe, Bergues, Calais, Hazebrouck, Lille,\",\"priceRange\":\"$$\",\"currenciesAccepted\":\"Euro\",\"paymentAccepted\":\"CB, liquide, cash, carte bancaire\"},{\"@type\":\"Person\",\"@id\":\"https:\/\/everydayraquel.com\/#\/schema\/person\/36d6b01d3007ed58a6b127fc7a55866d\",\"name\":\"EverydayRaquel\",\"image\":{\"@type\":\"ImageObject\",\"inLanguage\":\"en-GB\",\"@id\":\"https:\/\/everydayraquel.com\/#\/schema\/person\/image\/\",\"url\":\"https:\/\/secure.gravatar.com\/avatar\/5e2617d86765c986f856f878f916c1b8fb4e0b31779b30aa04c29ee1c10a7276?s=96&d=mm&r=g\",\"contentUrl\":\"https:\/\/secure.gravatar.com\/avatar\/5e2617d86765c986f856f878f916c1b8fb4e0b31779b30aa04c29ee1c10a7276?s=96&d=mm&r=g\",\"caption\":\"EverydayRaquel\"}},{\"@type\":\"PostalAddress\",\"@id\":\"https:\/\/everydayraquel.com\/projets-realisations\/une-fresque-pour-lespace-bts-du-lycee-angellier\/#local-main-place-address\",\"streetAddress\":\"Rue Winston Churchill\",\"addressLocality\":\"Dunkerque\",\"postalCode\":\"59240\",\"addressCountry\":\"FR\"},{\"@type\":\"ImageObject\",\"inLanguage\":\"en-GB\",\"@id\":\"https:\/\/everydayraquel.com\/projets-realisations\/une-fresque-pour-lespace-bts-du-lycee-angellier\/#local-main-organization-logo\",\"url\":\"https:\/\/everydayraquel.com\/wp-content\/uploads\/2020\/11\/everydayraquel_logo_mirroir.png\",\"contentUrl\":\"https:\/\/everydayraquel.com\/wp-content\/uploads\/2020\/11\/everydayraquel_logo_mirroir.png\",\"width\":670,\"height\":290,\"caption\":\"Everyday Raquel\"}]}<\/script>\n<meta name=\"geo.placename\" content=\"Dunkerque\" \/>\n<meta name=\"geo.region\" content=\"France\" \/>","yoast_head_json":{"title":"Une fresque pour l'espace BTS du Lyc\u00e9e Angellier &#8211; EverydayRaquel","robots":{"index":"index","follow":"follow","max-snippet":"max-snippet:-1","max-image-preview":"max-image-preview:large","max-video-preview":"max-video-preview:-1"},"canonical":"https:\/\/everydayraquel.com\/en\/projets-realisations\/une-fresque-pour-lespace-bts-du-lycee-angellier\/","og_locale":"en_GB","og_type":"article","og_title":"Une fresque pour l'espace BTS du Lyc\u00e9e Angellier","og_description":"Le Lyc\u00e9e Angellier de Dunkerque propose des formations BTS en Commerce International, Comptabilit\u00e9 et Gestion ainsi que Management Commercial Op\u00e9rationnel. J&rsquo;ai travaill\u00e9 avec les \u00e9tudiants pour d\u00e9cider d&rsquo;une fresque artistique qui repr\u00e9sente leurs \u00e9tudes et leurs futurs m\u00e9tiers avec bienveillance et humour; le tout dans un style street art amusant, authentique et color\u00e9.\u00a0 C&rsquo;est pendant [&hellip;]","og_url":"https:\/\/everydayraquel.com\/en\/projets-realisations\/une-fresque-pour-lespace-bts-du-lycee-angellier\/","og_site_name":"EverydayRaquel","article_publisher":"https:\/\/www.facebook.com\/everydayraquel\/","article_published_time":"2026-04-17T14:13:31+00:00","article_modified_time":"2026-04-17T14:13:32+00:00","og_image":[{"width":1200,"height":675,"url":"https:\/\/everydayraquel.com\/wp-content\/uploads\/2026\/04\/realisation-fresque-BTS-lycee-angellier-everydayraquel-1.jpeg","type":"image\/jpeg"}],"author":"EverydayRaquel","twitter_card":"summary_large_image","twitter_misc":{"Written by":"EverydayRaquel","Estimated reading time":"2 minutes"},"schema":{"@context":"https:\/\/schema.org","@graph":[{"@type":"Article","@id":"https:\/\/everydayraquel.com\/projets-realisations\/une-fresque-pour-lespace-bts-du-lycee-angellier\/#article","isPartOf":{"@id":"https:\/\/everydayraquel.com\/projets-realisations\/une-fresque-pour-lespace-bts-du-lycee-angellier\/"},"author":{"name":"EverydayRaquel","@id":"https:\/\/everydayraquel.com\/#\/schema\/person\/36d6b01d3007ed58a6b127fc7a55866d"},"headline":"Une fresque pour l&rsquo;espace BTS du Lyc\u00e9e Angellier","datePublished":"2026-04-17T14:13:31+00:00","dateModified":"2026-04-17T14:13:32+00:00","mainEntityOfPage":{"@id":"https:\/\/everydayraquel.com\/projets-realisations\/une-fresque-pour-lespace-bts-du-lycee-angellier\/"},"wordCount":174,"publisher":{"@id":"https:\/\/everydayraquel.com\/#organization"},"image":{"@id":"https:\/\/everydayraquel.com\/projets-realisations\/une-fresque-pour-lespace-bts-du-lycee-angellier\/#primaryimage"},"thumbnailUrl":"https:\/\/everydayraquel.com\/wp-content\/uploads\/2026\/04\/realisation-fresque-BTS-lycee-angellier-everydayraquel-1.jpeg","articleSection":["Projets et r\u00e9alisations"],"inLanguage":"en-GB"},{"@type":"WebPage","@id":"https:\/\/everydayraquel.com\/projets-realisations\/une-fresque-pour-lespace-bts-du-lycee-angellier\/","url":"https:\/\/everydayraquel.com\/projets-realisations\/une-fresque-pour-lespace-bts-du-lycee-angellier\/","name":"Une fresque pour l'espace BTS du Lyc\u00e9e Angellier &#8211; EverydayRaquel","isPartOf":{"@id":"https:\/\/everydayraquel.com\/#website"},"primaryImageOfPage":{"@id":"https:\/\/everydayraquel.com\/projets-realisations\/une-fresque-pour-lespace-bts-du-lycee-angellier\/#primaryimage"},"image":{"@id":"https:\/\/everydayraquel.com\/projets-realisations\/une-fresque-pour-lespace-bts-du-lycee-angellier\/#primaryimage"},"thumbnailUrl":"https:\/\/everydayraquel.com\/wp-content\/uploads\/2026\/04\/realisation-fresque-BTS-lycee-angellier-everydayraquel-1.jpeg","datePublished":"2026-04-17T14:13:31+00:00","dateModified":"2026-04-17T14:13:32+00:00","breadcrumb":{"@id":"https:\/\/everydayraquel.com\/projets-realisations\/une-fresque-pour-lespace-bts-du-lycee-angellier\/#breadcrumb"},"inLanguage":"en-GB","potentialAction":[{"@type":"ReadAction","target":["https:\/\/everydayraquel.com\/projets-realisations\/une-fresque-pour-lespace-bts-du-lycee-angellier\/"]}]},{"@type":"ImageObject","inLanguage":"en-GB","@id":"https:\/\/everydayraquel.com\/projets-realisations\/une-fresque-pour-lespace-bts-du-lycee-angellier\/#primaryimage","url":"https:\/\/everydayraquel.com\/wp-content\/uploads\/2026\/04\/realisation-fresque-BTS-lycee-angellier-everydayraquel-1.jpeg","contentUrl":"https:\/\/everydayraquel.com\/wp-content\/uploads\/2026\/04\/realisation-fresque-BTS-lycee-angellier-everydayraquel-1.jpeg","width":1200,"height":675},{"@type":"BreadcrumbList","@id":"https:\/\/everydayraquel.com\/projets-realisations\/une-fresque-pour-lespace-bts-du-lycee-angellier\/#breadcrumb","itemListElement":[{"@type":"ListItem","position":1,"name":"Accueil","item":"https:\/\/everydayraquel.com\/"},{"@type":"ListItem","position":2,"name":"Projets et r\u00e9alisations","item":"https:\/\/everydayraquel.com\/en\/categorie\/projets-realisations\/"},{"@type":"ListItem","position":3,"name":"Une fresque pour l&rsquo;espace BTS du Lyc\u00e9e Angellier"}]},{"@type":"WebSite","@id":"https:\/\/everydayraquel.com\/#website","url":"https:\/\/everydayraquel.com\/","name":"EverydayRaquel Art et Illustration","description":"Un jour, un dessin","publisher":{"@id":"https:\/\/everydayraquel.com\/#organization"},"alternateName":"Artiste Everyday Raquel","potentialAction":[{"@type":"SearchAction","target":{"@type":"EntryPoint","urlTemplate":"https:\/\/everydayraquel.com\/?s={search_term_string}"},"query-input":{"@type":"PropertyValueSpecification","valueRequired":true,"valueName":"search_term_string"}}],"inLanguage":"en-GB"},{"@type":["Organization","Place","ArtGallery"],"@id":"https:\/\/everydayraquel.com\/#organization","name":"Everyday Raquel","alternateName":"Raquel Artiste Dunkerque","url":"https:\/\/everydayraquel.com\/","logo":{"@id":"https:\/\/everydayraquel.com\/projets-realisations\/une-fresque-pour-lespace-bts-du-lycee-angellier\/#local-main-organization-logo"},"image":{"@id":"https:\/\/everydayraquel.com\/projets-realisations\/une-fresque-pour-lespace-bts-du-lycee-angellier\/#local-main-organization-logo"},"sameAs":["https:\/\/www.facebook.com\/everydayraquel\/","https:\/\/www.instagram.com\/everydayraquel\/"],"description":"Artiste et illustratrice \u00e0 Dunkerque, je r\u00e9alise des dessins personnalis\u00e9s, vente d'affiches et de cadres, dessins du carnaval et des moments du quotidien. Street art, ateliers de dessins collectifs.","legalName":"EveryDay Raquel","foundingDate":"2020-07-27","numberOfEmployees":{"@type":"QuantitativeValue","minValue":"1","maxValue":"10"},"address":{"@id":"https:\/\/everydayraquel.com\/projets-realisations\/une-fresque-pour-lespace-bts-du-lycee-angellier\/#local-main-place-address"},"telephone":[],"openingHoursSpecification":[{"@type":"OpeningHoursSpecification","dayOfWeek":["Monday","Tuesday","Wednesday","Thursday","Friday"],"opens":"09:30","closes":"18:00"},{"@type":"OpeningHoursSpecification","dayOfWeek":["Saturday"],"opens":"10:00","closes":"12:00"},{"@type":"OpeningHoursSpecification","dayOfWeek":["Sunday"],"opens":"00:00","closes":"00:00"}],"email":"contact@everydayraquel.com","areaServed":"Dunkerque, Grande-Synthe, Bergues, Calais, Hazebrouck, Lille,","priceRange":"$$","currenciesAccepted":"Euro","paymentAccepted":"CB, liquide, cash, carte bancaire"},{"@type":"Person","@id":"https:\/\/everydayraquel.com\/#\/schema\/person\/36d6b01d3007ed58a6b127fc7a55866d","name":"EverydayRaquel","image":{"@type":"ImageObject","inLanguage":"en-GB","@id":"https:\/\/everydayraquel.com\/#\/schema\/person\/image\/","url":"https:\/\/secure.gravatar.com\/avatar\/5e2617d86765c986f856f878f916c1b8fb4e0b31779b30aa04c29ee1c10a7276?s=96&d=mm&r=g","contentUrl":"https:\/\/secure.gravatar.com\/avatar\/5e2617d86765c986f856f878f916c1b8fb4e0b31779b30aa04c29ee1c10a7276?s=96&d=mm&r=g","caption":"EverydayRaquel"}},{"@type":"PostalAddress","@id":"https:\/\/everydayraquel.com\/projets-realisations\/une-fresque-pour-lespace-bts-du-lycee-angellier\/#local-main-place-address","streetAddress":"Rue Winston Churchill","addressLocality":"Dunkerque","postalCode":"59240","addressCountry":"FR"},{"@type":"ImageObject","inLanguage":"en-GB","@id":"https:\/\/everydayraquel.com\/projets-realisations\/une-fresque-pour-lespace-bts-du-lycee-angellier\/#local-main-organization-logo","url":"https:\/\/everydayraquel.com\/wp-content\/uploads\/2020\/11\/everydayraquel_logo_mirroir.png","contentUrl":"https:\/\/everydayraquel.com\/wp-content\/uploads\/2020\/11\/everydayraquel_logo_mirroir.png","width":670,"height":290,"caption":"Everyday Raquel"}]},"geo.placename":"Dunkerque","geo.region":"France"},"_links":{"self":[{"href":"https:\/\/everydayraquel.com\/en\/wp-json\/wp\/v2\/posts\/5573","targetHints":{"allow":["GET"]}}],"collection":[{"href":"https:\/\/everydayraquel.com\/en\/wp-json\/wp\/v2\/posts"}],"about":[{"href":"https:\/\/everydayraquel.com\/en\/wp-json\/wp\/v2\/types\/post"}],"author":[{"embeddable":true,"href":"https:\/\/everydayraquel.com\/en\/wp-json\/wp\/v2\/users\/1"}],"replies":[{"embeddable":true,"href":"https:\/\/everydayraquel.com\/en\/wp-json\/wp\/v2\/comments?post=5573"}],"version-history":[{"count":2,"href":"https:\/\/everydayraquel.com\/en\/wp-json\/wp\/v2\/posts\/5573\/revisions"}],"predecessor-version":[{"id":5581,"href":"https:\/\/everydayraquel.com\/en\/wp-json\/wp\/v2\/posts\/5573\/revisions\/5581"}],"wp:featuredmedia":[{"embeddable":true,"href":"https:\/\/everydayraquel.com\/en\/wp-json\/wp\/v2\/media\/5579"}],"wp:attachment":[{"href":"https:\/\/everydayraquel.com\/en\/wp-json\/wp\/v2\/media?parent=5573"}],"wp:term":[{"taxonomy":"category","embeddable":true,"href":"https:\/\/everydayraquel.com\/en\/wp-json\/wp\/v2\/categories?post=5573"},{"taxonomy":"post_tag","embeddable":true,"href":"https:\/\/everydayraquel.com\/en\/wp-json\/wp\/v2\/tags?post=5573"}],"curies":[{"name":"wp","href":"https:\/\/api.w.org\/{rel}","templated":true}]}}