{"id":5472,"date":"2025-03-01T21:49:51","date_gmt":"2025-03-01T20:49:51","guid":{"rendered":"https:\/\/everydayraquel.com\/?p=5472"},"modified":"2026-04-17T15:37:25","modified_gmt":"2026-04-17T13:37:25","slug":"publication-du-livre-nos-voix-les-proches-aidantes-temoignent","status":"publish","type":"post","link":"https:\/\/everydayraquel.com\/en\/projets-realisations\/publication-du-livre-nos-voix-les-proches-aidantes-temoignent\/","title":{"rendered":"Publication du livre \u00ab\u00a0Nos voix\u00a0\u00bb : les proches aidantes t\u00e9moignent"},"content":{"rendered":"<blockquote class=\"wp-block-quote is-layout-flow wp-block-quote-is-layout-flow\">\n<p class=\"has-text-align-center\">Ce livre s\u2019est enrichi et illustr\u00e9 \u00e0 partir de t\u00e9moignages, conseils et astuces de vie partag\u00e9s par ce groupe de femmes tout au long de leurs rencontres. Les ressources partag\u00e9es dans ce livre leur appartiennent et sont le fruit de leurs exp\u00e9riences de vie.<\/p>\n\n\n\n<p class=\"has-text-align-center\">D\u00e8s 2022, des femmes qui \u00e9taient accompagn\u00e9es individuellement par le Centre d\u2019Information sur les Droits des Femmes et des Familles Nord Flandres (CIDFF) , ont \u00e9t\u00e9 r\u00e9unies et ont particip\u00e9 \u00e0 des ateliers collectifs cr\u00e9\u00e9s et propos\u00e9s par le CIDFF.&nbsp;<\/p>\n\n\n\n<p>Les th\u00e9matiques abord\u00e9es dans le livre sont les suivantes :<\/p>\n\n\n\n<ul class=\"wp-block-list\">\n<li>Parentalit\u00e9<\/li>\n\n\n\n<li>coaching en confiance en soi<\/li>\n\n\n\n<li>informations juridiques<\/li>\n\n\n\n<li>comp\u00e9tences num\u00e9riques<\/li>\n\n\n\n<li>savoir-faire et savoir-\u00eatre<\/li>\n\n\n\n<li>conciliation des temps&#8230;&nbsp;<\/li>\n<\/ul>\n\n\n\n<p>Ce groupe, constitu\u00e9 essentiellement de proches aidantes, a souhait\u00e9 continuer de travailler ensemble.&nbsp;<\/p>\n\n\n\n<p>Le CIDFF a r\u00e9pondu \u00e0 ce besoin avec l\u2019action :&nbsp;\u00abAidante, Maman, Femme, l\u2019aventure continue&#8230;\u00bb&nbsp;<\/p>\n\n\n\n<p>Ces rencontres ont permis aux proches aidantes de se retrouver, de cr\u00e9er un espace de parole et de lien social, tout en partageant leurs exp\u00e9riences.&nbsp;<\/p>\n\n\n\n<p>Le but \u00e9tait de mettre \u00e0 profit, dans leur vie quotidienne, les savoirs et outils propos\u00e9s lors des ateliers du CIDFF.&nbsp;<\/p>\n\n\n\n<p class=\"has-text-align-center\">Ce livre s\u2019est enrichi et illustr\u00e9 \u00e0 partir de t\u00e9moignages, conseils et astuces de vie partag\u00e9s par ce groupe de femmes tout au long de leurs rencontres. Les ressources partag\u00e9es dans ce livre leur appartiennent et sont le fruit de leurs exp\u00e9riences de vie.<br><br><em>\u00ab Personne qui vient en aide, de mani\u00e8re r\u00e9guli\u00e8re et fr\u00e9quente,&nbsp;\u00e0 titre non professionnel, pour accomplir tout ou partie des actes&nbsp;ou des activit\u00e9s de la vie quotidienne d\u2019une personne en perte&nbsp;d\u2019autonomie, du fait de l\u2019\u00e2ge, de la maladie ou d\u2019un handicap \u00bb&nbsp;<\/em><br><br>Loi n\u00b02015-1776 du 28 d\u00e9cembre 2015 (article 51)&nbsp;<br>Code de l\u2019action sociale et des familles (articles L113-1-3)&nbsp;<\/p>\n<\/blockquote>\n\n\n\n<figure class=\"wp-block-image size-full\"><img fetchpriority=\"high\" decoding=\"async\" width=\"629\" height=\"900\" src=\"https:\/\/everydayraquel.com\/wp-content\/uploads\/2026\/04\/Illustration-confiance-en-soi-livre-nos-voix-everydayraquel.png\" alt=\"\" class=\"wp-image-5571\" srcset=\"https:\/\/everydayraquel.com\/wp-content\/uploads\/2026\/04\/Illustration-confiance-en-soi-livre-nos-voix-everydayraquel.png 629w, https:\/\/everydayraquel.com\/wp-content\/uploads\/2026\/04\/Illustration-confiance-en-soi-livre-nos-voix-everydayraquel-210x300.png 210w, https:\/\/everydayraquel.com\/wp-content\/uploads\/2026\/04\/Illustration-confiance-en-soi-livre-nos-voix-everydayraquel-8x12.png 8w, https:\/\/everydayraquel.com\/wp-content\/uploads\/2026\/04\/Illustration-confiance-en-soi-livre-nos-voix-everydayraquel-300x429.png 300w, https:\/\/everydayraquel.com\/wp-content\/uploads\/2026\/04\/Illustration-confiance-en-soi-livre-nos-voix-everydayraquel-600x859.png 600w, https:\/\/everydayraquel.com\/wp-content\/uploads\/2026\/04\/Illustration-confiance-en-soi-livre-nos-voix-everydayraquel-64x92.png 64w\" sizes=\"(max-width: 629px) 100vw, 629px\" \/><\/figure>\n\n\n\n<p><\/p>","protected":false},"excerpt":{"rendered":"","protected":false},"author":1,"featured_media":5570,"comment_status":"closed","ping_status":"closed","sticky":false,"template":"","format":"standard","meta":{"site-sidebar-layout":"default","site-content-layout":"","ast-site-content-layout":"default","site-content-style":"default","site-sidebar-style":"default","ast-global-header-display":"","ast-banner-title-visibility":"","ast-main-header-display":"","ast-hfb-above-header-display":"","ast-hfb-below-header-display":"","ast-hfb-mobile-header-display":"","site-post-title":"","ast-breadcrumbs-content":"","ast-featured-img":"","footer-sml-layout":"","ast-disable-related-posts":"","theme-transparent-header-meta":"","adv-header-id-meta":"","stick-header-meta":"","header-above-stick-meta":"","header-main-stick-meta":"","header-below-stick-meta":"","astra-migrate-meta-layouts":"set","ast-page-background-enabled":"default","ast-page-background-meta":{"desktop":{"background-color":"","background-image":"","background-repeat":"repeat","background-position":"center center","background-size":"auto","background-attachment":"scroll","background-type":"","background-media":"","overlay-type":"","overlay-color":"","overlay-opacity":"","overlay-gradient":""},"tablet":{"background-color":"","background-image":"","background-repeat":"repeat","background-position":"center center","background-size":"auto","background-attachment":"scroll","background-type":"","background-media":"","overlay-type":"","overlay-color":"","overlay-opacity":"","overlay-gradient":""},"mobile":{"background-color":"","background-image":"","background-repeat":"repeat","background-position":"center center","background-size":"auto","background-attachment":"scroll","background-type":"","background-media":"","overlay-type":"","overlay-color":"","overlay-opacity":"","overlay-gradient":""}},"ast-content-background-meta":{"desktop":{"background-color":"var(--ast-global-color-5)","background-image":"","background-repeat":"repeat","background-position":"center center","background-size":"auto","background-attachment":"scroll","background-type":"","background-media":"","overlay-type":"","overlay-color":"","overlay-opacity":"","overlay-gradient":""},"tablet":{"background-color":"var(--ast-global-color-5)","background-image":"","background-repeat":"repeat","background-position":"center center","background-size":"auto","background-attachment":"scroll","background-type":"","background-media":"","overlay-type":"","overlay-color":"","overlay-opacity":"","overlay-gradient":""},"mobile":{"background-color":"var(--ast-global-color-5)","background-image":"","background-repeat":"repeat","background-position":"center center","background-size":"auto","background-attachment":"scroll","background-type":"","background-media":"","overlay-type":"","overlay-color":"","overlay-opacity":"","overlay-gradient":""}},"footnotes":""},"categories":[1],"tags":[],"class_list":["post-5472","post","type-post","status-publish","format-standard","has-post-thumbnail","hentry","category-projets-realisations"],"yoast_head":"<title>Publication du livre &quot;Nos voix&quot; : les proches aidantes t\u00e9moignent &#8211; EverydayRaquel<\/title>\n<meta name=\"robots\" content=\"index, follow, max-snippet:-1, max-image-preview:large, max-video-preview:-1\" \/>\n<link rel=\"canonical\" href=\"https:\/\/everydayraquel.com\/en\/projets-realisations\/publication-du-livre-nos-voix-les-proches-aidantes-temoignent\/\" \/>\n<meta property=\"og:locale\" content=\"en_GB\" \/>\n<meta property=\"og:type\" content=\"article\" \/>\n<meta property=\"og:title\" content=\"Publication du livre &quot;Nos voix&quot; : les proches aidantes t\u00e9moignent\" \/>\n<meta property=\"og:url\" content=\"https:\/\/everydayraquel.com\/en\/projets-realisations\/publication-du-livre-nos-voix-les-proches-aidantes-temoignent\/\" \/>\n<meta property=\"og:site_name\" content=\"EverydayRaquel\" \/>\n<meta property=\"article:publisher\" content=\"https:\/\/www.facebook.com\/everydayraquel\/\" \/>\n<meta property=\"article:published_time\" content=\"2025-03-01T20:49:51+00:00\" \/>\n<meta property=\"article:modified_time\" content=\"2026-04-17T13:37:25+00:00\" \/>\n<meta property=\"og:image\" content=\"https:\/\/everydayraquel.com\/wp-content\/uploads\/2026\/04\/Couverure-livre-Nos-voix-evrydayraquel.jpg\" \/>\n\t<meta property=\"og:image:width\" content=\"633\" \/>\n\t<meta property=\"og:image:height\" content=\"900\" \/>\n\t<meta property=\"og:image:type\" content=\"image\/jpeg\" \/>\n<meta name=\"author\" content=\"EverydayRaquel\" \/>\n<meta name=\"twitter:card\" content=\"summary_large_image\" \/>\n<meta name=\"twitter:label1\" content=\"Written by\" \/>\n\t<meta name=\"twitter:data1\" content=\"EverydayRaquel\" \/>\n\t<meta name=\"twitter:label2\" content=\"Estimated reading time\" \/>\n\t<meta name=\"twitter:data2\" content=\"1 minute\" \/>\n<script type=\"application\/ld+json\" class=\"yoast-schema-graph\">{\"@context\":\"https:\/\/schema.org\",\"@graph\":[{\"@type\":\"Article\",\"@id\":\"https:\/\/everydayraquel.com\/projets-realisations\/publication-du-livre-nos-voix-les-proches-aidantes-temoignent\/#article\",\"isPartOf\":{\"@id\":\"https:\/\/everydayraquel.com\/projets-realisations\/publication-du-livre-nos-voix-les-proches-aidantes-temoignent\/\"},\"author\":{\"name\":\"EverydayRaquel\",\"@id\":\"https:\/\/everydayraquel.com\/#\/schema\/person\/36d6b01d3007ed58a6b127fc7a55866d\"},\"headline\":\"Publication du livre \u00ab\u00a0Nos voix\u00a0\u00bb : les proches aidantes t\u00e9moignent\",\"datePublished\":\"2025-03-01T20:49:51+00:00\",\"dateModified\":\"2026-04-17T13:37:25+00:00\",\"mainEntityOfPage\":{\"@id\":\"https:\/\/everydayraquel.com\/projets-realisations\/publication-du-livre-nos-voix-les-proches-aidantes-temoignent\/\"},\"wordCount\":339,\"publisher\":{\"@id\":\"https:\/\/everydayraquel.com\/#organization\"},\"image\":{\"@id\":\"https:\/\/everydayraquel.com\/projets-realisations\/publication-du-livre-nos-voix-les-proches-aidantes-temoignent\/#primaryimage\"},\"thumbnailUrl\":\"https:\/\/everydayraquel.com\/wp-content\/uploads\/2026\/04\/Couverure-livre-Nos-voix-evrydayraquel.jpg\",\"articleSection\":[\"Projets et r\u00e9alisations\"],\"inLanguage\":\"en-GB\"},{\"@type\":\"WebPage\",\"@id\":\"https:\/\/everydayraquel.com\/projets-realisations\/publication-du-livre-nos-voix-les-proches-aidantes-temoignent\/\",\"url\":\"https:\/\/everydayraquel.com\/projets-realisations\/publication-du-livre-nos-voix-les-proches-aidantes-temoignent\/\",\"name\":\"Publication du livre \\\"Nos voix\\\" : les proches aidantes t\u00e9moignent &#8211; EverydayRaquel\",\"isPartOf\":{\"@id\":\"https:\/\/everydayraquel.com\/#website\"},\"primaryImageOfPage\":{\"@id\":\"https:\/\/everydayraquel.com\/projets-realisations\/publication-du-livre-nos-voix-les-proches-aidantes-temoignent\/#primaryimage\"},\"image\":{\"@id\":\"https:\/\/everydayraquel.com\/projets-realisations\/publication-du-livre-nos-voix-les-proches-aidantes-temoignent\/#primaryimage\"},\"thumbnailUrl\":\"https:\/\/everydayraquel.com\/wp-content\/uploads\/2026\/04\/Couverure-livre-Nos-voix-evrydayraquel.jpg\",\"datePublished\":\"2025-03-01T20:49:51+00:00\",\"dateModified\":\"2026-04-17T13:37:25+00:00\",\"breadcrumb\":{\"@id\":\"https:\/\/everydayraquel.com\/projets-realisations\/publication-du-livre-nos-voix-les-proches-aidantes-temoignent\/#breadcrumb\"},\"inLanguage\":\"en-GB\",\"potentialAction\":[{\"@type\":\"ReadAction\",\"target\":[\"https:\/\/everydayraquel.com\/projets-realisations\/publication-du-livre-nos-voix-les-proches-aidantes-temoignent\/\"]}]},{\"@type\":\"ImageObject\",\"inLanguage\":\"en-GB\",\"@id\":\"https:\/\/everydayraquel.com\/projets-realisations\/publication-du-livre-nos-voix-les-proches-aidantes-temoignent\/#primaryimage\",\"url\":\"https:\/\/everydayraquel.com\/wp-content\/uploads\/2026\/04\/Couverure-livre-Nos-voix-evrydayraquel.jpg\",\"contentUrl\":\"https:\/\/everydayraquel.com\/wp-content\/uploads\/2026\/04\/Couverure-livre-Nos-voix-evrydayraquel.jpg\",\"width\":633,\"height\":900},{\"@type\":\"BreadcrumbList\",\"@id\":\"https:\/\/everydayraquel.com\/projets-realisations\/publication-du-livre-nos-voix-les-proches-aidantes-temoignent\/#breadcrumb\",\"itemListElement\":[{\"@type\":\"ListItem\",\"position\":1,\"name\":\"Accueil\",\"item\":\"https:\/\/everydayraquel.com\/\"},{\"@type\":\"ListItem\",\"position\":2,\"name\":\"Projets et r\u00e9alisations\",\"item\":\"https:\/\/everydayraquel.com\/en\/categorie\/projets-realisations\/\"},{\"@type\":\"ListItem\",\"position\":3,\"name\":\"Publication du livre \u00ab\u00a0Nos voix\u00a0\u00bb : les proches aidantes t\u00e9moignent\"}]},{\"@type\":\"WebSite\",\"@id\":\"https:\/\/everydayraquel.com\/#website\",\"url\":\"https:\/\/everydayraquel.com\/\",\"name\":\"EverydayRaquel Art et Illustration\",\"description\":\"Un jour, un dessin\",\"publisher\":{\"@id\":\"https:\/\/everydayraquel.com\/#organization\"},\"alternateName\":\"Artiste Everyday Raquel\",\"potentialAction\":[{\"@type\":\"SearchAction\",\"target\":{\"@type\":\"EntryPoint\",\"urlTemplate\":\"https:\/\/everydayraquel.com\/?s={search_term_string}\"},\"query-input\":{\"@type\":\"PropertyValueSpecification\",\"valueRequired\":true,\"valueName\":\"search_term_string\"}}],\"inLanguage\":\"en-GB\"},{\"@type\":[\"Organization\",\"Place\",\"ArtGallery\"],\"@id\":\"https:\/\/everydayraquel.com\/#organization\",\"name\":\"Everyday Raquel\",\"alternateName\":\"Raquel Artiste Dunkerque\",\"url\":\"https:\/\/everydayraquel.com\/\",\"logo\":{\"@id\":\"https:\/\/everydayraquel.com\/projets-realisations\/publication-du-livre-nos-voix-les-proches-aidantes-temoignent\/#local-main-organization-logo\"},\"image\":{\"@id\":\"https:\/\/everydayraquel.com\/projets-realisations\/publication-du-livre-nos-voix-les-proches-aidantes-temoignent\/#local-main-organization-logo\"},\"sameAs\":[\"https:\/\/www.facebook.com\/everydayraquel\/\",\"https:\/\/www.instagram.com\/everydayraquel\/\"],\"description\":\"Artiste et illustratrice \u00e0 Dunkerque, je r\u00e9alise des dessins personnalis\u00e9s, vente d'affiches et de cadres, dessins du carnaval et des moments du quotidien. Street art, ateliers de dessins collectifs.\",\"legalName\":\"EveryDay Raquel\",\"foundingDate\":\"2020-07-27\",\"numberOfEmployees\":{\"@type\":\"QuantitativeValue\",\"minValue\":\"1\",\"maxValue\":\"10\"},\"address\":{\"@id\":\"https:\/\/everydayraquel.com\/projets-realisations\/publication-du-livre-nos-voix-les-proches-aidantes-temoignent\/#local-main-place-address\"},\"telephone\":[],\"openingHoursSpecification\":[{\"@type\":\"OpeningHoursSpecification\",\"dayOfWeek\":[\"Monday\",\"Tuesday\",\"Wednesday\",\"Thursday\",\"Friday\"],\"opens\":\"09:30\",\"closes\":\"18:00\"},{\"@type\":\"OpeningHoursSpecification\",\"dayOfWeek\":[\"Saturday\"],\"opens\":\"10:00\",\"closes\":\"12:00\"},{\"@type\":\"OpeningHoursSpecification\",\"dayOfWeek\":[\"Sunday\"],\"opens\":\"00:00\",\"closes\":\"00:00\"}],\"email\":\"contact@everydayraquel.com\",\"areaServed\":\"Dunkerque, Grande-Synthe, Bergues, Calais, Hazebrouck, Lille,\",\"priceRange\":\"$$\",\"currenciesAccepted\":\"Euro\",\"paymentAccepted\":\"CB, liquide, cash, carte bancaire\"},{\"@type\":\"Person\",\"@id\":\"https:\/\/everydayraquel.com\/#\/schema\/person\/36d6b01d3007ed58a6b127fc7a55866d\",\"name\":\"EverydayRaquel\",\"image\":{\"@type\":\"ImageObject\",\"inLanguage\":\"en-GB\",\"@id\":\"https:\/\/everydayraquel.com\/#\/schema\/person\/image\/\",\"url\":\"https:\/\/secure.gravatar.com\/avatar\/5e2617d86765c986f856f878f916c1b8fb4e0b31779b30aa04c29ee1c10a7276?s=96&d=mm&r=g\",\"contentUrl\":\"https:\/\/secure.gravatar.com\/avatar\/5e2617d86765c986f856f878f916c1b8fb4e0b31779b30aa04c29ee1c10a7276?s=96&d=mm&r=g\",\"caption\":\"EverydayRaquel\"}},{\"@type\":\"PostalAddress\",\"@id\":\"https:\/\/everydayraquel.com\/projets-realisations\/publication-du-livre-nos-voix-les-proches-aidantes-temoignent\/#local-main-place-address\",\"streetAddress\":\"Rue Winston Churchill\",\"addressLocality\":\"Dunkerque\",\"postalCode\":\"59240\",\"addressCountry\":\"FR\"},{\"@type\":\"ImageObject\",\"inLanguage\":\"en-GB\",\"@id\":\"https:\/\/everydayraquel.com\/projets-realisations\/publication-du-livre-nos-voix-les-proches-aidantes-temoignent\/#local-main-organization-logo\",\"url\":\"https:\/\/everydayraquel.com\/wp-content\/uploads\/2020\/11\/everydayraquel_logo_mirroir.png\",\"contentUrl\":\"https:\/\/everydayraquel.com\/wp-content\/uploads\/2020\/11\/everydayraquel_logo_mirroir.png\",\"width\":670,\"height\":290,\"caption\":\"Everyday Raquel\"}]}<\/script>\n<meta name=\"geo.placename\" content=\"Dunkerque\" \/>\n<meta name=\"geo.region\" content=\"France\" \/>","yoast_head_json":{"title":"Publication du livre \"Nos voix\" : les proches aidantes t\u00e9moignent &#8211; EverydayRaquel","robots":{"index":"index","follow":"follow","max-snippet":"max-snippet:-1","max-image-preview":"max-image-preview:large","max-video-preview":"max-video-preview:-1"},"canonical":"https:\/\/everydayraquel.com\/en\/projets-realisations\/publication-du-livre-nos-voix-les-proches-aidantes-temoignent\/","og_locale":"en_GB","og_type":"article","og_title":"Publication du livre \"Nos voix\" : les proches aidantes t\u00e9moignent","og_url":"https:\/\/everydayraquel.com\/en\/projets-realisations\/publication-du-livre-nos-voix-les-proches-aidantes-temoignent\/","og_site_name":"EverydayRaquel","article_publisher":"https:\/\/www.facebook.com\/everydayraquel\/","article_published_time":"2025-03-01T20:49:51+00:00","article_modified_time":"2026-04-17T13:37:25+00:00","og_image":[{"width":633,"height":900,"url":"https:\/\/everydayraquel.com\/wp-content\/uploads\/2026\/04\/Couverure-livre-Nos-voix-evrydayraquel.jpg","type":"image\/jpeg"}],"author":"EverydayRaquel","twitter_card":"summary_large_image","twitter_misc":{"Written by":"EverydayRaquel","Estimated reading time":"1 minute"},"schema":{"@context":"https:\/\/schema.org","@graph":[{"@type":"Article","@id":"https:\/\/everydayraquel.com\/projets-realisations\/publication-du-livre-nos-voix-les-proches-aidantes-temoignent\/#article","isPartOf":{"@id":"https:\/\/everydayraquel.com\/projets-realisations\/publication-du-livre-nos-voix-les-proches-aidantes-temoignent\/"},"author":{"name":"EverydayRaquel","@id":"https:\/\/everydayraquel.com\/#\/schema\/person\/36d6b01d3007ed58a6b127fc7a55866d"},"headline":"Publication du livre \u00ab\u00a0Nos voix\u00a0\u00bb : les proches aidantes t\u00e9moignent","datePublished":"2025-03-01T20:49:51+00:00","dateModified":"2026-04-17T13:37:25+00:00","mainEntityOfPage":{"@id":"https:\/\/everydayraquel.com\/projets-realisations\/publication-du-livre-nos-voix-les-proches-aidantes-temoignent\/"},"wordCount":339,"publisher":{"@id":"https:\/\/everydayraquel.com\/#organization"},"image":{"@id":"https:\/\/everydayraquel.com\/projets-realisations\/publication-du-livre-nos-voix-les-proches-aidantes-temoignent\/#primaryimage"},"thumbnailUrl":"https:\/\/everydayraquel.com\/wp-content\/uploads\/2026\/04\/Couverure-livre-Nos-voix-evrydayraquel.jpg","articleSection":["Projets et r\u00e9alisations"],"inLanguage":"en-GB"},{"@type":"WebPage","@id":"https:\/\/everydayraquel.com\/projets-realisations\/publication-du-livre-nos-voix-les-proches-aidantes-temoignent\/","url":"https:\/\/everydayraquel.com\/projets-realisations\/publication-du-livre-nos-voix-les-proches-aidantes-temoignent\/","name":"Publication du livre \"Nos voix\" : les proches aidantes t\u00e9moignent &#8211; EverydayRaquel","isPartOf":{"@id":"https:\/\/everydayraquel.com\/#website"},"primaryImageOfPage":{"@id":"https:\/\/everydayraquel.com\/projets-realisations\/publication-du-livre-nos-voix-les-proches-aidantes-temoignent\/#primaryimage"},"image":{"@id":"https:\/\/everydayraquel.com\/projets-realisations\/publication-du-livre-nos-voix-les-proches-aidantes-temoignent\/#primaryimage"},"thumbnailUrl":"https:\/\/everydayraquel.com\/wp-content\/uploads\/2026\/04\/Couverure-livre-Nos-voix-evrydayraquel.jpg","datePublished":"2025-03-01T20:49:51+00:00","dateModified":"2026-04-17T13:37:25+00:00","breadcrumb":{"@id":"https:\/\/everydayraquel.com\/projets-realisations\/publication-du-livre-nos-voix-les-proches-aidantes-temoignent\/#breadcrumb"},"inLanguage":"en-GB","potentialAction":[{"@type":"ReadAction","target":["https:\/\/everydayraquel.com\/projets-realisations\/publication-du-livre-nos-voix-les-proches-aidantes-temoignent\/"]}]},{"@type":"ImageObject","inLanguage":"en-GB","@id":"https:\/\/everydayraquel.com\/projets-realisations\/publication-du-livre-nos-voix-les-proches-aidantes-temoignent\/#primaryimage","url":"https:\/\/everydayraquel.com\/wp-content\/uploads\/2026\/04\/Couverure-livre-Nos-voix-evrydayraquel.jpg","contentUrl":"https:\/\/everydayraquel.com\/wp-content\/uploads\/2026\/04\/Couverure-livre-Nos-voix-evrydayraquel.jpg","width":633,"height":900},{"@type":"BreadcrumbList","@id":"https:\/\/everydayraquel.com\/projets-realisations\/publication-du-livre-nos-voix-les-proches-aidantes-temoignent\/#breadcrumb","itemListElement":[{"@type":"ListItem","position":1,"name":"Accueil","item":"https:\/\/everydayraquel.com\/"},{"@type":"ListItem","position":2,"name":"Projets et r\u00e9alisations","item":"https:\/\/everydayraquel.com\/en\/categorie\/projets-realisations\/"},{"@type":"ListItem","position":3,"name":"Publication du livre \u00ab\u00a0Nos voix\u00a0\u00bb : les proches aidantes t\u00e9moignent"}]},{"@type":"WebSite","@id":"https:\/\/everydayraquel.com\/#website","url":"https:\/\/everydayraquel.com\/","name":"EverydayRaquel Art et Illustration","description":"Un jour, un dessin","publisher":{"@id":"https:\/\/everydayraquel.com\/#organization"},"alternateName":"Artiste Everyday Raquel","potentialAction":[{"@type":"SearchAction","target":{"@type":"EntryPoint","urlTemplate":"https:\/\/everydayraquel.com\/?s={search_term_string}"},"query-input":{"@type":"PropertyValueSpecification","valueRequired":true,"valueName":"search_term_string"}}],"inLanguage":"en-GB"},{"@type":["Organization","Place","ArtGallery"],"@id":"https:\/\/everydayraquel.com\/#organization","name":"Everyday Raquel","alternateName":"Raquel Artiste Dunkerque","url":"https:\/\/everydayraquel.com\/","logo":{"@id":"https:\/\/everydayraquel.com\/projets-realisations\/publication-du-livre-nos-voix-les-proches-aidantes-temoignent\/#local-main-organization-logo"},"image":{"@id":"https:\/\/everydayraquel.com\/projets-realisations\/publication-du-livre-nos-voix-les-proches-aidantes-temoignent\/#local-main-organization-logo"},"sameAs":["https:\/\/www.facebook.com\/everydayraquel\/","https:\/\/www.instagram.com\/everydayraquel\/"],"description":"Artiste et illustratrice \u00e0 Dunkerque, je r\u00e9alise des dessins personnalis\u00e9s, vente d'affiches et de cadres, dessins du carnaval et des moments du quotidien. Street art, ateliers de dessins collectifs.","legalName":"EveryDay Raquel","foundingDate":"2020-07-27","numberOfEmployees":{"@type":"QuantitativeValue","minValue":"1","maxValue":"10"},"address":{"@id":"https:\/\/everydayraquel.com\/projets-realisations\/publication-du-livre-nos-voix-les-proches-aidantes-temoignent\/#local-main-place-address"},"telephone":[],"openingHoursSpecification":[{"@type":"OpeningHoursSpecification","dayOfWeek":["Monday","Tuesday","Wednesday","Thursday","Friday"],"opens":"09:30","closes":"18:00"},{"@type":"OpeningHoursSpecification","dayOfWeek":["Saturday"],"opens":"10:00","closes":"12:00"},{"@type":"OpeningHoursSpecification","dayOfWeek":["Sunday"],"opens":"00:00","closes":"00:00"}],"email":"contact@everydayraquel.com","areaServed":"Dunkerque, Grande-Synthe, Bergues, Calais, Hazebrouck, Lille,","priceRange":"$$","currenciesAccepted":"Euro","paymentAccepted":"CB, liquide, cash, carte bancaire"},{"@type":"Person","@id":"https:\/\/everydayraquel.com\/#\/schema\/person\/36d6b01d3007ed58a6b127fc7a55866d","name":"EverydayRaquel","image":{"@type":"ImageObject","inLanguage":"en-GB","@id":"https:\/\/everydayraquel.com\/#\/schema\/person\/image\/","url":"https:\/\/secure.gravatar.com\/avatar\/5e2617d86765c986f856f878f916c1b8fb4e0b31779b30aa04c29ee1c10a7276?s=96&d=mm&r=g","contentUrl":"https:\/\/secure.gravatar.com\/avatar\/5e2617d86765c986f856f878f916c1b8fb4e0b31779b30aa04c29ee1c10a7276?s=96&d=mm&r=g","caption":"EverydayRaquel"}},{"@type":"PostalAddress","@id":"https:\/\/everydayraquel.com\/projets-realisations\/publication-du-livre-nos-voix-les-proches-aidantes-temoignent\/#local-main-place-address","streetAddress":"Rue Winston Churchill","addressLocality":"Dunkerque","postalCode":"59240","addressCountry":"FR"},{"@type":"ImageObject","inLanguage":"en-GB","@id":"https:\/\/everydayraquel.com\/projets-realisations\/publication-du-livre-nos-voix-les-proches-aidantes-temoignent\/#local-main-organization-logo","url":"https:\/\/everydayraquel.com\/wp-content\/uploads\/2020\/11\/everydayraquel_logo_mirroir.png","contentUrl":"https:\/\/everydayraquel.com\/wp-content\/uploads\/2020\/11\/everydayraquel_logo_mirroir.png","width":670,"height":290,"caption":"Everyday Raquel"}]},"geo.placename":"Dunkerque","geo.region":"France"},"_links":{"self":[{"href":"https:\/\/everydayraquel.com\/en\/wp-json\/wp\/v2\/posts\/5472","targetHints":{"allow":["GET"]}}],"collection":[{"href":"https:\/\/everydayraquel.com\/en\/wp-json\/wp\/v2\/posts"}],"about":[{"href":"https:\/\/everydayraquel.com\/en\/wp-json\/wp\/v2\/types\/post"}],"author":[{"embeddable":true,"href":"https:\/\/everydayraquel.com\/en\/wp-json\/wp\/v2\/users\/1"}],"replies":[{"embeddable":true,"href":"https:\/\/everydayraquel.com\/en\/wp-json\/wp\/v2\/comments?post=5472"}],"version-history":[{"count":2,"href":"https:\/\/everydayraquel.com\/en\/wp-json\/wp\/v2\/posts\/5472\/revisions"}],"predecessor-version":[{"id":5572,"href":"https:\/\/everydayraquel.com\/en\/wp-json\/wp\/v2\/posts\/5472\/revisions\/5572"}],"wp:featuredmedia":[{"embeddable":true,"href":"https:\/\/everydayraquel.com\/en\/wp-json\/wp\/v2\/media\/5570"}],"wp:attachment":[{"href":"https:\/\/everydayraquel.com\/en\/wp-json\/wp\/v2\/media?parent=5472"}],"wp:term":[{"taxonomy":"category","embeddable":true,"href":"https:\/\/everydayraquel.com\/en\/wp-json\/wp\/v2\/categories?post=5472"},{"taxonomy":"post_tag","embeddable":true,"href":"https:\/\/everydayraquel.com\/en\/wp-json\/wp\/v2\/tags?post=5472"}],"curies":[{"name":"wp","href":"https:\/\/api.w.org\/{rel}","templated":true}]}}