{"id":5450,"date":"2025-06-11T18:39:15","date_gmt":"2025-06-11T16:39:15","guid":{"rendered":"https:\/\/everydayraquel.com\/?p=5450"},"modified":"2025-06-11T18:39:18","modified_gmt":"2025-06-11T16:39:18","slug":"creation-de-laffiche-cache-cache-festival-3e-edition","status":"publish","type":"post","link":"https:\/\/everydayraquel.com\/en\/projets-realisations\/creation-de-laffiche-cache-cache-festival-3e-edition\/","title":{"rendered":"Cr\u00e9ation de l&rsquo;affiche \u00ab\u00a0Cache Cache Festival 3e \u00e9dition\u00a0\u00bb"},"content":{"rendered":"<h2 class=\"wp-block-heading\" id=\"h-l-illustration-d-un-evenement-festif-qui-melange-spectacle-et-musique-pour-tou-les-ages\">L&rsquo;illustration d&rsquo;un \u00e9v\u00e9nement festif qui m\u00e9lange spectacle et musique pour tou les \u00e2ges.<\/h2>\n\n\n\n<p>En tant qu&rsquo;artiste illustratrice \u00e0 Dunkerque je suis emmen\u00e9e \u00e0 faire une grande vari\u00e9t\u00e9 de projets illustr\u00e9s tels que des affiches, des d\u00e9corations de vitrines, des fresques murales, de l&rsquo;\u00e9dition de livres, et d&rsquo;autres encore.<\/p>\n\n\n\n<p>Depuis trois ans d\u00e9j\u00e0, j\u2019ai le plaisir de dessiner les affiches de Cache Cache Festival, en essayant \u00e0 chaque \u00e9dition de capturer l\u2019ambiance festive et joyeuse qui anime les spectateurs, petits et grands.<\/p>\n\n\n\n<figure class=\"wp-block-gallery has-nested-images columns-default is-cropped wp-block-gallery-1 is-layout-flex wp-block-gallery-is-layout-flex\">\n<figure class=\"wp-block-image size-large\"><img fetchpriority=\"high\" decoding=\"async\" width=\"636\" height=\"900\" data-id=\"4991\" src=\"https:\/\/everydayraquel.com\/wp-content\/uploads\/2023\/05\/cache-cache-festival-affiche.jpg\" alt=\"\" class=\"wp-image-4991\" srcset=\"https:\/\/everydayraquel.com\/wp-content\/uploads\/2023\/05\/cache-cache-festival-affiche.jpg 636w, https:\/\/everydayraquel.com\/wp-content\/uploads\/2023\/05\/cache-cache-festival-affiche-300x425.jpg 300w, https:\/\/everydayraquel.com\/wp-content\/uploads\/2023\/05\/cache-cache-festival-affiche-600x849.jpg 600w, https:\/\/everydayraquel.com\/wp-content\/uploads\/2023\/05\/cache-cache-festival-affiche-64x91.jpg 64w, https:\/\/everydayraquel.com\/wp-content\/uploads\/2023\/05\/cache-cache-festival-affiche-212x300.jpg 212w, https:\/\/everydayraquel.com\/wp-content\/uploads\/2023\/05\/cache-cache-festival-affiche-8x12.jpg 8w\" sizes=\"(max-width: 636px) 100vw, 636px\" \/><figcaption class=\"wp-element-caption\">Cache Cache Festival 1\u00e8re \u00e9dition<\/figcaption><\/figure>\n\n\n\n<figure class=\"wp-block-image size-large\"><img decoding=\"async\" width=\"550\" height=\"781\" data-id=\"5383\" src=\"https:\/\/everydayraquel.com\/wp-content\/uploads\/2024\/04\/affiche-cache-cache-festival-2e-edition.jpg\" alt=\"\" class=\"wp-image-5383\" srcset=\"https:\/\/everydayraquel.com\/wp-content\/uploads\/2024\/04\/affiche-cache-cache-festival-2e-edition.jpg 550w, https:\/\/everydayraquel.com\/wp-content\/uploads\/2024\/04\/affiche-cache-cache-festival-2e-edition-211x300.jpg 211w, https:\/\/everydayraquel.com\/wp-content\/uploads\/2024\/04\/affiche-cache-cache-festival-2e-edition-8x12.jpg 8w, https:\/\/everydayraquel.com\/wp-content\/uploads\/2024\/04\/affiche-cache-cache-festival-2e-edition-300x426.jpg 300w, https:\/\/everydayraquel.com\/wp-content\/uploads\/2024\/04\/affiche-cache-cache-festival-2e-edition-64x91.jpg 64w\" sizes=\"(max-width: 550px) 100vw, 550px\" \/><figcaption class=\"wp-element-caption\">Cache Cache Festival 2\u00e8me \u00e9dition<\/figcaption><\/figure>\n\n\n\n<figure class=\"wp-block-image size-large\"><img decoding=\"async\" width=\"636\" height=\"900\" data-id=\"5451\" src=\"https:\/\/everydayraquel.com\/wp-content\/uploads\/2025\/06\/Capture-decran-2025-06-11-a-16.35.41.jpg\" alt=\"\" class=\"wp-image-5451\" srcset=\"https:\/\/everydayraquel.com\/wp-content\/uploads\/2025\/06\/Capture-decran-2025-06-11-a-16.35.41.jpg 636w, https:\/\/everydayraquel.com\/wp-content\/uploads\/2025\/06\/Capture-decran-2025-06-11-a-16.35.41-212x300.jpg 212w, https:\/\/everydayraquel.com\/wp-content\/uploads\/2025\/06\/Capture-decran-2025-06-11-a-16.35.41-8x12.jpg 8w, https:\/\/everydayraquel.com\/wp-content\/uploads\/2025\/06\/Capture-decran-2025-06-11-a-16.35.41-300x425.jpg 300w, https:\/\/everydayraquel.com\/wp-content\/uploads\/2025\/06\/Capture-decran-2025-06-11-a-16.35.41-600x849.jpg 600w, https:\/\/everydayraquel.com\/wp-content\/uploads\/2025\/06\/Capture-decran-2025-06-11-a-16.35.41-64x91.jpg 64w\" sizes=\"(max-width: 636px) 100vw, 636px\" \/><figcaption class=\"wp-element-caption\">Cache Cache Festival 3\u00e8me \u00e9dition<\/figcaption><\/figure>\n<\/figure>\n\n\n\n<p>Ce bel \u00e9v\u00e9nement se d\u00e9roule au <a href=\"https:\/\/fort-des-dunes.fr\/\">Mus\u00e9rial du Fort des Dunes<\/a>, \u00e0 Leffrinckoucke, tout pr\u00e8s de Dunkerque. C\u2019est un lieu charg\u00e9 d\u2019histoire, qui devient le temps d\u2019une journ\u00e9e un v\u00e9ritable terrain de jeu artistique. Le programme est  organis\u00e9 par <a href=\"https:\/\/www.agitateurspublic.com\/\">Agitateurs Public<\/a>, une association du dunkerquois qui propose une programmation autour de la Musique, les Arts de la rue, le Cin\u00e9ma, la Po\u00e9sie et les Arts plastiques.<\/p>\n\n\n\n<p>Pour la r\u00e9alisation d\u2019une affiche illustr\u00e9e, je commence toujours par une phase d\u2019exploration et de recherche. Voici un aper\u00e7u de la premi\u00e8re esquisse :<\/p>\n\n\n\n<figure class=\"wp-block-gallery has-nested-images columns-default is-cropped wp-block-gallery-2 is-layout-flex wp-block-gallery-is-layout-flex\">\n<figure class=\"wp-block-image size-large\"><img loading=\"lazy\" decoding=\"async\" width=\"636\" height=\"900\" data-id=\"5452\" src=\"https:\/\/everydayraquel.com\/wp-content\/uploads\/2025\/06\/cache-cache-festival-esquisse.jpg\" alt=\"\" class=\"wp-image-5452\" srcset=\"https:\/\/everydayraquel.com\/wp-content\/uploads\/2025\/06\/cache-cache-festival-esquisse.jpg 636w, https:\/\/everydayraquel.com\/wp-content\/uploads\/2025\/06\/cache-cache-festival-esquisse-212x300.jpg 212w, https:\/\/everydayraquel.com\/wp-content\/uploads\/2025\/06\/cache-cache-festival-esquisse-8x12.jpg 8w, https:\/\/everydayraquel.com\/wp-content\/uploads\/2025\/06\/cache-cache-festival-esquisse-300x425.jpg 300w, https:\/\/everydayraquel.com\/wp-content\/uploads\/2025\/06\/cache-cache-festival-esquisse-600x849.jpg 600w, https:\/\/everydayraquel.com\/wp-content\/uploads\/2025\/06\/cache-cache-festival-esquisse-64x91.jpg 64w\" sizes=\"(max-width: 636px) 100vw, 636px\" \/><\/figure>\n\n\n\n<figure class=\"wp-block-image size-large\"><img decoding=\"async\" width=\"636\" height=\"900\" data-id=\"5451\" src=\"https:\/\/everydayraquel.com\/wp-content\/uploads\/2025\/06\/Capture-decran-2025-06-11-a-16.35.41.jpg\" alt=\"\" class=\"wp-image-5451\" srcset=\"https:\/\/everydayraquel.com\/wp-content\/uploads\/2025\/06\/Capture-decran-2025-06-11-a-16.35.41.jpg 636w, https:\/\/everydayraquel.com\/wp-content\/uploads\/2025\/06\/Capture-decran-2025-06-11-a-16.35.41-212x300.jpg 212w, https:\/\/everydayraquel.com\/wp-content\/uploads\/2025\/06\/Capture-decran-2025-06-11-a-16.35.41-8x12.jpg 8w, https:\/\/everydayraquel.com\/wp-content\/uploads\/2025\/06\/Capture-decran-2025-06-11-a-16.35.41-300x425.jpg 300w, https:\/\/everydayraquel.com\/wp-content\/uploads\/2025\/06\/Capture-decran-2025-06-11-a-16.35.41-600x849.jpg 600w, https:\/\/everydayraquel.com\/wp-content\/uploads\/2025\/06\/Capture-decran-2025-06-11-a-16.35.41-64x91.jpg 64w\" sizes=\"(max-width: 636px) 100vw, 636px\" \/><\/figure>\n<\/figure>\n\n\n\n<p>Les partenaires de cet \u00e9v\u00e9nement sont : La ville de Leffrinckoucke, la Mus\u00e9rial du Fort des Dunes, La ville de Dunkerque, Le d\u00e9partement du Nord et Agitateurs Public.<\/p>\n\n\n\n<p>Pour plus de d\u00e9tails sur la cr\u00e9ation des affiches des \u00e9ditions pr\u00e9c\u00e9dentes :<\/p>\n\n\n\n<ul class=\"wp-block-list\">\n<li><a href=\"https:\/\/everydayraquel.com\/en\/projets-realisations\/creation-dune-affiche-pour-cache-cache-festival\/\">Cache Cache Festival 1\u00e8re \u00e9dition<\/a><\/li>\n\n\n\n<li><a href=\"https:\/\/everydayraquel.com\/en\/projets-realisations\/laffiche-pour-cache-cache-festival-2eme-edition\/\">Cache Cache Festival 2\u00e8re \u00e9dition<\/a><\/li>\n<\/ul>","protected":false},"excerpt":{"rendered":"<p>L&rsquo;illustration d&rsquo;un \u00e9v\u00e9nement festif qui m\u00e9lange spectacle et musique pour tou les \u00e2ges. En tant qu&rsquo;artiste illustratrice \u00e0 Dunkerque je suis emmen\u00e9e \u00e0 faire une grande vari\u00e9t\u00e9 de projets illustr\u00e9s tels que des affiches, des d\u00e9corations de vitrines, des fresques murales, de l&rsquo;\u00e9dition de livres, et d&rsquo;autres encore. Depuis trois ans d\u00e9j\u00e0, j\u2019ai le plaisir [&hellip;]<\/p>\n","protected":false},"author":1,"featured_media":5451,"comment_status":"closed","ping_status":"closed","sticky":false,"template":"","format":"standard","meta":{"site-sidebar-layout":"default","site-content-layout":"","ast-site-content-layout":"default","site-content-style":"default","site-sidebar-style":"default","ast-global-header-display":"","ast-banner-title-visibility":"","ast-main-header-display":"","ast-hfb-above-header-display":"","ast-hfb-below-header-display":"","ast-hfb-mobile-header-display":"","site-post-title":"","ast-breadcrumbs-content":"","ast-featured-img":"","footer-sml-layout":"","ast-disable-related-posts":"","theme-transparent-header-meta":"","adv-header-id-meta":"","stick-header-meta":"","header-above-stick-meta":"","header-main-stick-meta":"","header-below-stick-meta":"","astra-migrate-meta-layouts":"set","ast-page-background-enabled":"default","ast-page-background-meta":{"desktop":{"background-color":"","background-image":"","background-repeat":"repeat","background-position":"center center","background-size":"auto","background-attachment":"scroll","background-type":"","background-media":"","overlay-type":"","overlay-color":"","overlay-opacity":"","overlay-gradient":""},"tablet":{"background-color":"","background-image":"","background-repeat":"repeat","background-position":"center center","background-size":"auto","background-attachment":"scroll","background-type":"","background-media":"","overlay-type":"","overlay-color":"","overlay-opacity":"","overlay-gradient":""},"mobile":{"background-color":"","background-image":"","background-repeat":"repeat","background-position":"center center","background-size":"auto","background-attachment":"scroll","background-type":"","background-media":"","overlay-type":"","overlay-color":"","overlay-opacity":"","overlay-gradient":""}},"ast-content-background-meta":{"desktop":{"background-color":"var(--ast-global-color-5)","background-image":"","background-repeat":"repeat","background-position":"center center","background-size":"auto","background-attachment":"scroll","background-type":"","background-media":"","overlay-type":"","overlay-color":"","overlay-opacity":"","overlay-gradient":""},"tablet":{"background-color":"var(--ast-global-color-5)","background-image":"","background-repeat":"repeat","background-position":"center center","background-size":"auto","background-attachment":"scroll","background-type":"","background-media":"","overlay-type":"","overlay-color":"","overlay-opacity":"","overlay-gradient":""},"mobile":{"background-color":"var(--ast-global-color-5)","background-image":"","background-repeat":"repeat","background-position":"center center","background-size":"auto","background-attachment":"scroll","background-type":"","background-media":"","overlay-type":"","overlay-color":"","overlay-opacity":"","overlay-gradient":""}},"footnotes":""},"categories":[1],"tags":[],"class_list":["post-5450","post","type-post","status-publish","format-standard","has-post-thumbnail","hentry","category-projets-realisations"],"yoast_head":"<title>Cr\u00e9ation de l&#039;affiche &quot;Cache Cache Festival 3e \u00e9dition&quot; &#8211; EverydayRaquel<\/title>\n<meta name=\"robots\" content=\"index, follow, max-snippet:-1, max-image-preview:large, max-video-preview:-1\" \/>\n<link rel=\"canonical\" href=\"https:\/\/everydayraquel.com\/en\/projets-realisations\/creation-de-laffiche-cache-cache-festival-3e-edition\/\" \/>\n<meta property=\"og:locale\" content=\"en_GB\" \/>\n<meta property=\"og:type\" content=\"article\" \/>\n<meta property=\"og:title\" content=\"Cr\u00e9ation de l&#039;affiche &quot;Cache Cache Festival 3e \u00e9dition&quot;\" \/>\n<meta property=\"og:description\" content=\"L&rsquo;illustration d&rsquo;un \u00e9v\u00e9nement festif qui m\u00e9lange spectacle et musique pour tou les \u00e2ges. En tant qu&rsquo;artiste illustratrice \u00e0 Dunkerque je suis emmen\u00e9e \u00e0 faire une grande vari\u00e9t\u00e9 de projets illustr\u00e9s tels que des affiches, des d\u00e9corations de vitrines, des fresques murales, de l&rsquo;\u00e9dition de livres, et d&rsquo;autres encore. Depuis trois ans d\u00e9j\u00e0, j\u2019ai le plaisir [&hellip;]\" \/>\n<meta property=\"og:url\" content=\"https:\/\/everydayraquel.com\/en\/projets-realisations\/creation-de-laffiche-cache-cache-festival-3e-edition\/\" \/>\n<meta property=\"og:site_name\" content=\"EverydayRaquel\" \/>\n<meta property=\"article:publisher\" content=\"https:\/\/www.facebook.com\/everydayraquel\/\" \/>\n<meta property=\"article:published_time\" content=\"2025-06-11T16:39:15+00:00\" \/>\n<meta property=\"article:modified_time\" content=\"2025-06-11T16:39:18+00:00\" \/>\n<meta property=\"og:image\" content=\"https:\/\/everydayraquel.com\/wp-content\/uploads\/2025\/06\/Capture-decran-2025-06-11-a-16.35.41.jpg\" \/>\n\t<meta property=\"og:image:width\" content=\"636\" \/>\n\t<meta property=\"og:image:height\" content=\"900\" \/>\n\t<meta property=\"og:image:type\" content=\"image\/jpeg\" \/>\n<meta name=\"author\" content=\"EverydayRaquel\" \/>\n<meta name=\"twitter:card\" content=\"summary_large_image\" \/>\n<meta name=\"twitter:label1\" content=\"Written by\" \/>\n\t<meta name=\"twitter:data1\" content=\"EverydayRaquel\" \/>\n\t<meta name=\"twitter:label2\" content=\"Estimated reading time\" \/>\n\t<meta name=\"twitter:data2\" content=\"3 minutes\" \/>\n<script type=\"application\/ld+json\" class=\"yoast-schema-graph\">{\"@context\":\"https:\/\/schema.org\",\"@graph\":[{\"@type\":\"Article\",\"@id\":\"https:\/\/everydayraquel.com\/projets-realisations\/creation-de-laffiche-cache-cache-festival-3e-edition\/#article\",\"isPartOf\":{\"@id\":\"https:\/\/everydayraquel.com\/projets-realisations\/creation-de-laffiche-cache-cache-festival-3e-edition\/\"},\"author\":{\"name\":\"EverydayRaquel\",\"@id\":\"https:\/\/everydayraquel.com\/#\/schema\/person\/36d6b01d3007ed58a6b127fc7a55866d\"},\"headline\":\"Cr\u00e9ation de l&rsquo;affiche \u00ab\u00a0Cache Cache Festival 3e \u00e9dition\u00a0\u00bb\",\"datePublished\":\"2025-06-11T16:39:15+00:00\",\"dateModified\":\"2025-06-11T16:39:18+00:00\",\"mainEntityOfPage\":{\"@id\":\"https:\/\/everydayraquel.com\/projets-realisations\/creation-de-laffiche-cache-cache-festival-3e-edition\/\"},\"wordCount\":278,\"publisher\":{\"@id\":\"https:\/\/everydayraquel.com\/#organization\"},\"image\":{\"@id\":\"https:\/\/everydayraquel.com\/projets-realisations\/creation-de-laffiche-cache-cache-festival-3e-edition\/#primaryimage\"},\"thumbnailUrl\":\"https:\/\/everydayraquel.com\/wp-content\/uploads\/2025\/06\/Capture-decran-2025-06-11-a-16.35.41.jpg\",\"articleSection\":[\"Projets et r\u00e9alisations\"],\"inLanguage\":\"en-GB\"},{\"@type\":\"WebPage\",\"@id\":\"https:\/\/everydayraquel.com\/projets-realisations\/creation-de-laffiche-cache-cache-festival-3e-edition\/\",\"url\":\"https:\/\/everydayraquel.com\/projets-realisations\/creation-de-laffiche-cache-cache-festival-3e-edition\/\",\"name\":\"Cr\u00e9ation de l'affiche \\\"Cache Cache Festival 3e \u00e9dition\\\" &#8211; EverydayRaquel\",\"isPartOf\":{\"@id\":\"https:\/\/everydayraquel.com\/#website\"},\"primaryImageOfPage\":{\"@id\":\"https:\/\/everydayraquel.com\/projets-realisations\/creation-de-laffiche-cache-cache-festival-3e-edition\/#primaryimage\"},\"image\":{\"@id\":\"https:\/\/everydayraquel.com\/projets-realisations\/creation-de-laffiche-cache-cache-festival-3e-edition\/#primaryimage\"},\"thumbnailUrl\":\"https:\/\/everydayraquel.com\/wp-content\/uploads\/2025\/06\/Capture-decran-2025-06-11-a-16.35.41.jpg\",\"datePublished\":\"2025-06-11T16:39:15+00:00\",\"dateModified\":\"2025-06-11T16:39:18+00:00\",\"breadcrumb\":{\"@id\":\"https:\/\/everydayraquel.com\/projets-realisations\/creation-de-laffiche-cache-cache-festival-3e-edition\/#breadcrumb\"},\"inLanguage\":\"en-GB\",\"potentialAction\":[{\"@type\":\"ReadAction\",\"target\":[\"https:\/\/everydayraquel.com\/projets-realisations\/creation-de-laffiche-cache-cache-festival-3e-edition\/\"]}]},{\"@type\":\"ImageObject\",\"inLanguage\":\"en-GB\",\"@id\":\"https:\/\/everydayraquel.com\/projets-realisations\/creation-de-laffiche-cache-cache-festival-3e-edition\/#primaryimage\",\"url\":\"https:\/\/everydayraquel.com\/wp-content\/uploads\/2025\/06\/Capture-decran-2025-06-11-a-16.35.41.jpg\",\"contentUrl\":\"https:\/\/everydayraquel.com\/wp-content\/uploads\/2025\/06\/Capture-decran-2025-06-11-a-16.35.41.jpg\",\"width\":636,\"height\":900,\"caption\":\"Cache Cache Festival 3\u00e8me \u00e9dition\"},{\"@type\":\"BreadcrumbList\",\"@id\":\"https:\/\/everydayraquel.com\/projets-realisations\/creation-de-laffiche-cache-cache-festival-3e-edition\/#breadcrumb\",\"itemListElement\":[{\"@type\":\"ListItem\",\"position\":1,\"name\":\"Accueil\",\"item\":\"https:\/\/everydayraquel.com\/\"},{\"@type\":\"ListItem\",\"position\":2,\"name\":\"Projets et r\u00e9alisations\",\"item\":\"https:\/\/everydayraquel.com\/en\/categorie\/projets-realisations\/\"},{\"@type\":\"ListItem\",\"position\":3,\"name\":\"Cr\u00e9ation de l&rsquo;affiche \u00ab\u00a0Cache Cache Festival 3e \u00e9dition\u00a0\u00bb\"}]},{\"@type\":\"WebSite\",\"@id\":\"https:\/\/everydayraquel.com\/#website\",\"url\":\"https:\/\/everydayraquel.com\/\",\"name\":\"EverydayRaquel Art et Illustration\",\"description\":\"Un jour, un dessin\",\"publisher\":{\"@id\":\"https:\/\/everydayraquel.com\/#organization\"},\"alternateName\":\"Artiste Everyday Raquel\",\"potentialAction\":[{\"@type\":\"SearchAction\",\"target\":{\"@type\":\"EntryPoint\",\"urlTemplate\":\"https:\/\/everydayraquel.com\/?s={search_term_string}\"},\"query-input\":{\"@type\":\"PropertyValueSpecification\",\"valueRequired\":true,\"valueName\":\"search_term_string\"}}],\"inLanguage\":\"en-GB\"},{\"@type\":[\"Organization\",\"Place\",\"ArtGallery\"],\"@id\":\"https:\/\/everydayraquel.com\/#organization\",\"name\":\"Everyday Raquel\",\"alternateName\":\"Raquel Artiste Dunkerque\",\"url\":\"https:\/\/everydayraquel.com\/\",\"logo\":{\"@id\":\"https:\/\/everydayraquel.com\/projets-realisations\/creation-de-laffiche-cache-cache-festival-3e-edition\/#local-main-organization-logo\"},\"image\":{\"@id\":\"https:\/\/everydayraquel.com\/projets-realisations\/creation-de-laffiche-cache-cache-festival-3e-edition\/#local-main-organization-logo\"},\"sameAs\":[\"https:\/\/www.facebook.com\/everydayraquel\/\",\"https:\/\/www.instagram.com\/everydayraquel\/\"],\"description\":\"Artiste et illustratrice \u00e0 Dunkerque, je r\u00e9alise des dessins personnalis\u00e9s, vente d'affiches et de cadres, dessins du carnaval et des moments du quotidien. Street art, ateliers de dessins collectifs.\",\"legalName\":\"EveryDay Raquel\",\"foundingDate\":\"2020-07-27\",\"numberOfEmployees\":{\"@type\":\"QuantitativeValue\",\"minValue\":\"1\",\"maxValue\":\"10\"},\"address\":{\"@id\":\"https:\/\/everydayraquel.com\/projets-realisations\/creation-de-laffiche-cache-cache-festival-3e-edition\/#local-main-place-address\"},\"telephone\":[],\"openingHoursSpecification\":[{\"@type\":\"OpeningHoursSpecification\",\"dayOfWeek\":[\"Monday\",\"Tuesday\",\"Wednesday\",\"Thursday\",\"Friday\"],\"opens\":\"09:30\",\"closes\":\"18:00\"},{\"@type\":\"OpeningHoursSpecification\",\"dayOfWeek\":[\"Saturday\"],\"opens\":\"10:00\",\"closes\":\"12:00\"},{\"@type\":\"OpeningHoursSpecification\",\"dayOfWeek\":[\"Sunday\"],\"opens\":\"00:00\",\"closes\":\"00:00\"}],\"email\":\"contact@everydayraquel.com\",\"areaServed\":\"Dunkerque, Grande-Synthe, Bergues, Calais, Hazebrouck, Lille,\",\"priceRange\":\"$$\",\"currenciesAccepted\":\"Euro\",\"paymentAccepted\":\"CB, liquide, cash, carte bancaire\"},{\"@type\":\"Person\",\"@id\":\"https:\/\/everydayraquel.com\/#\/schema\/person\/36d6b01d3007ed58a6b127fc7a55866d\",\"name\":\"EverydayRaquel\",\"image\":{\"@type\":\"ImageObject\",\"inLanguage\":\"en-GB\",\"@id\":\"https:\/\/everydayraquel.com\/#\/schema\/person\/image\/\",\"url\":\"https:\/\/secure.gravatar.com\/avatar\/5e2617d86765c986f856f878f916c1b8fb4e0b31779b30aa04c29ee1c10a7276?s=96&d=mm&r=g\",\"contentUrl\":\"https:\/\/secure.gravatar.com\/avatar\/5e2617d86765c986f856f878f916c1b8fb4e0b31779b30aa04c29ee1c10a7276?s=96&d=mm&r=g\",\"caption\":\"EverydayRaquel\"}},{\"@type\":\"PostalAddress\",\"@id\":\"https:\/\/everydayraquel.com\/projets-realisations\/creation-de-laffiche-cache-cache-festival-3e-edition\/#local-main-place-address\",\"streetAddress\":\"Rue Winston Churchill\",\"addressLocality\":\"Dunkerque\",\"postalCode\":\"59240\",\"addressCountry\":\"FR\"},{\"@type\":\"ImageObject\",\"inLanguage\":\"en-GB\",\"@id\":\"https:\/\/everydayraquel.com\/projets-realisations\/creation-de-laffiche-cache-cache-festival-3e-edition\/#local-main-organization-logo\",\"url\":\"https:\/\/everydayraquel.com\/wp-content\/uploads\/2020\/11\/everydayraquel_logo_mirroir.png\",\"contentUrl\":\"https:\/\/everydayraquel.com\/wp-content\/uploads\/2020\/11\/everydayraquel_logo_mirroir.png\",\"width\":670,\"height\":290,\"caption\":\"Everyday Raquel\"}]}<\/script>\n<meta name=\"geo.placename\" content=\"Dunkerque\" \/>\n<meta name=\"geo.region\" content=\"France\" \/>","yoast_head_json":{"title":"Cr\u00e9ation de l'affiche \"Cache Cache Festival 3e \u00e9dition\" &#8211; EverydayRaquel","robots":{"index":"index","follow":"follow","max-snippet":"max-snippet:-1","max-image-preview":"max-image-preview:large","max-video-preview":"max-video-preview:-1"},"canonical":"https:\/\/everydayraquel.com\/en\/projets-realisations\/creation-de-laffiche-cache-cache-festival-3e-edition\/","og_locale":"en_GB","og_type":"article","og_title":"Cr\u00e9ation de l'affiche \"Cache Cache Festival 3e \u00e9dition\"","og_description":"L&rsquo;illustration d&rsquo;un \u00e9v\u00e9nement festif qui m\u00e9lange spectacle et musique pour tou les \u00e2ges. En tant qu&rsquo;artiste illustratrice \u00e0 Dunkerque je suis emmen\u00e9e \u00e0 faire une grande vari\u00e9t\u00e9 de projets illustr\u00e9s tels que des affiches, des d\u00e9corations de vitrines, des fresques murales, de l&rsquo;\u00e9dition de livres, et d&rsquo;autres encore. Depuis trois ans d\u00e9j\u00e0, j\u2019ai le plaisir [&hellip;]","og_url":"https:\/\/everydayraquel.com\/en\/projets-realisations\/creation-de-laffiche-cache-cache-festival-3e-edition\/","og_site_name":"EverydayRaquel","article_publisher":"https:\/\/www.facebook.com\/everydayraquel\/","article_published_time":"2025-06-11T16:39:15+00:00","article_modified_time":"2025-06-11T16:39:18+00:00","og_image":[{"width":636,"height":900,"url":"https:\/\/everydayraquel.com\/wp-content\/uploads\/2025\/06\/Capture-decran-2025-06-11-a-16.35.41.jpg","type":"image\/jpeg"}],"author":"EverydayRaquel","twitter_card":"summary_large_image","twitter_misc":{"Written by":"EverydayRaquel","Estimated reading time":"3 minutes"},"schema":{"@context":"https:\/\/schema.org","@graph":[{"@type":"Article","@id":"https:\/\/everydayraquel.com\/projets-realisations\/creation-de-laffiche-cache-cache-festival-3e-edition\/#article","isPartOf":{"@id":"https:\/\/everydayraquel.com\/projets-realisations\/creation-de-laffiche-cache-cache-festival-3e-edition\/"},"author":{"name":"EverydayRaquel","@id":"https:\/\/everydayraquel.com\/#\/schema\/person\/36d6b01d3007ed58a6b127fc7a55866d"},"headline":"Cr\u00e9ation de l&rsquo;affiche \u00ab\u00a0Cache Cache Festival 3e \u00e9dition\u00a0\u00bb","datePublished":"2025-06-11T16:39:15+00:00","dateModified":"2025-06-11T16:39:18+00:00","mainEntityOfPage":{"@id":"https:\/\/everydayraquel.com\/projets-realisations\/creation-de-laffiche-cache-cache-festival-3e-edition\/"},"wordCount":278,"publisher":{"@id":"https:\/\/everydayraquel.com\/#organization"},"image":{"@id":"https:\/\/everydayraquel.com\/projets-realisations\/creation-de-laffiche-cache-cache-festival-3e-edition\/#primaryimage"},"thumbnailUrl":"https:\/\/everydayraquel.com\/wp-content\/uploads\/2025\/06\/Capture-decran-2025-06-11-a-16.35.41.jpg","articleSection":["Projets et r\u00e9alisations"],"inLanguage":"en-GB"},{"@type":"WebPage","@id":"https:\/\/everydayraquel.com\/projets-realisations\/creation-de-laffiche-cache-cache-festival-3e-edition\/","url":"https:\/\/everydayraquel.com\/projets-realisations\/creation-de-laffiche-cache-cache-festival-3e-edition\/","name":"Cr\u00e9ation de l'affiche \"Cache Cache Festival 3e \u00e9dition\" &#8211; EverydayRaquel","isPartOf":{"@id":"https:\/\/everydayraquel.com\/#website"},"primaryImageOfPage":{"@id":"https:\/\/everydayraquel.com\/projets-realisations\/creation-de-laffiche-cache-cache-festival-3e-edition\/#primaryimage"},"image":{"@id":"https:\/\/everydayraquel.com\/projets-realisations\/creation-de-laffiche-cache-cache-festival-3e-edition\/#primaryimage"},"thumbnailUrl":"https:\/\/everydayraquel.com\/wp-content\/uploads\/2025\/06\/Capture-decran-2025-06-11-a-16.35.41.jpg","datePublished":"2025-06-11T16:39:15+00:00","dateModified":"2025-06-11T16:39:18+00:00","breadcrumb":{"@id":"https:\/\/everydayraquel.com\/projets-realisations\/creation-de-laffiche-cache-cache-festival-3e-edition\/#breadcrumb"},"inLanguage":"en-GB","potentialAction":[{"@type":"ReadAction","target":["https:\/\/everydayraquel.com\/projets-realisations\/creation-de-laffiche-cache-cache-festival-3e-edition\/"]}]},{"@type":"ImageObject","inLanguage":"en-GB","@id":"https:\/\/everydayraquel.com\/projets-realisations\/creation-de-laffiche-cache-cache-festival-3e-edition\/#primaryimage","url":"https:\/\/everydayraquel.com\/wp-content\/uploads\/2025\/06\/Capture-decran-2025-06-11-a-16.35.41.jpg","contentUrl":"https:\/\/everydayraquel.com\/wp-content\/uploads\/2025\/06\/Capture-decran-2025-06-11-a-16.35.41.jpg","width":636,"height":900,"caption":"Cache Cache Festival 3\u00e8me \u00e9dition"},{"@type":"BreadcrumbList","@id":"https:\/\/everydayraquel.com\/projets-realisations\/creation-de-laffiche-cache-cache-festival-3e-edition\/#breadcrumb","itemListElement":[{"@type":"ListItem","position":1,"name":"Accueil","item":"https:\/\/everydayraquel.com\/"},{"@type":"ListItem","position":2,"name":"Projets et r\u00e9alisations","item":"https:\/\/everydayraquel.com\/en\/categorie\/projets-realisations\/"},{"@type":"ListItem","position":3,"name":"Cr\u00e9ation de l&rsquo;affiche \u00ab\u00a0Cache Cache Festival 3e \u00e9dition\u00a0\u00bb"}]},{"@type":"WebSite","@id":"https:\/\/everydayraquel.com\/#website","url":"https:\/\/everydayraquel.com\/","name":"EverydayRaquel Art et Illustration","description":"Un jour, un dessin","publisher":{"@id":"https:\/\/everydayraquel.com\/#organization"},"alternateName":"Artiste Everyday Raquel","potentialAction":[{"@type":"SearchAction","target":{"@type":"EntryPoint","urlTemplate":"https:\/\/everydayraquel.com\/?s={search_term_string}"},"query-input":{"@type":"PropertyValueSpecification","valueRequired":true,"valueName":"search_term_string"}}],"inLanguage":"en-GB"},{"@type":["Organization","Place","ArtGallery"],"@id":"https:\/\/everydayraquel.com\/#organization","name":"Everyday Raquel","alternateName":"Raquel Artiste Dunkerque","url":"https:\/\/everydayraquel.com\/","logo":{"@id":"https:\/\/everydayraquel.com\/projets-realisations\/creation-de-laffiche-cache-cache-festival-3e-edition\/#local-main-organization-logo"},"image":{"@id":"https:\/\/everydayraquel.com\/projets-realisations\/creation-de-laffiche-cache-cache-festival-3e-edition\/#local-main-organization-logo"},"sameAs":["https:\/\/www.facebook.com\/everydayraquel\/","https:\/\/www.instagram.com\/everydayraquel\/"],"description":"Artiste et illustratrice \u00e0 Dunkerque, je r\u00e9alise des dessins personnalis\u00e9s, vente d'affiches et de cadres, dessins du carnaval et des moments du quotidien. Street art, ateliers de dessins collectifs.","legalName":"EveryDay Raquel","foundingDate":"2020-07-27","numberOfEmployees":{"@type":"QuantitativeValue","minValue":"1","maxValue":"10"},"address":{"@id":"https:\/\/everydayraquel.com\/projets-realisations\/creation-de-laffiche-cache-cache-festival-3e-edition\/#local-main-place-address"},"telephone":[],"openingHoursSpecification":[{"@type":"OpeningHoursSpecification","dayOfWeek":["Monday","Tuesday","Wednesday","Thursday","Friday"],"opens":"09:30","closes":"18:00"},{"@type":"OpeningHoursSpecification","dayOfWeek":["Saturday"],"opens":"10:00","closes":"12:00"},{"@type":"OpeningHoursSpecification","dayOfWeek":["Sunday"],"opens":"00:00","closes":"00:00"}],"email":"contact@everydayraquel.com","areaServed":"Dunkerque, Grande-Synthe, Bergues, Calais, Hazebrouck, Lille,","priceRange":"$$","currenciesAccepted":"Euro","paymentAccepted":"CB, liquide, cash, carte bancaire"},{"@type":"Person","@id":"https:\/\/everydayraquel.com\/#\/schema\/person\/36d6b01d3007ed58a6b127fc7a55866d","name":"EverydayRaquel","image":{"@type":"ImageObject","inLanguage":"en-GB","@id":"https:\/\/everydayraquel.com\/#\/schema\/person\/image\/","url":"https:\/\/secure.gravatar.com\/avatar\/5e2617d86765c986f856f878f916c1b8fb4e0b31779b30aa04c29ee1c10a7276?s=96&d=mm&r=g","contentUrl":"https:\/\/secure.gravatar.com\/avatar\/5e2617d86765c986f856f878f916c1b8fb4e0b31779b30aa04c29ee1c10a7276?s=96&d=mm&r=g","caption":"EverydayRaquel"}},{"@type":"PostalAddress","@id":"https:\/\/everydayraquel.com\/projets-realisations\/creation-de-laffiche-cache-cache-festival-3e-edition\/#local-main-place-address","streetAddress":"Rue Winston Churchill","addressLocality":"Dunkerque","postalCode":"59240","addressCountry":"FR"},{"@type":"ImageObject","inLanguage":"en-GB","@id":"https:\/\/everydayraquel.com\/projets-realisations\/creation-de-laffiche-cache-cache-festival-3e-edition\/#local-main-organization-logo","url":"https:\/\/everydayraquel.com\/wp-content\/uploads\/2020\/11\/everydayraquel_logo_mirroir.png","contentUrl":"https:\/\/everydayraquel.com\/wp-content\/uploads\/2020\/11\/everydayraquel_logo_mirroir.png","width":670,"height":290,"caption":"Everyday Raquel"}]},"geo.placename":"Dunkerque","geo.region":"France"},"_links":{"self":[{"href":"https:\/\/everydayraquel.com\/en\/wp-json\/wp\/v2\/posts\/5450","targetHints":{"allow":["GET"]}}],"collection":[{"href":"https:\/\/everydayraquel.com\/en\/wp-json\/wp\/v2\/posts"}],"about":[{"href":"https:\/\/everydayraquel.com\/en\/wp-json\/wp\/v2\/types\/post"}],"author":[{"embeddable":true,"href":"https:\/\/everydayraquel.com\/en\/wp-json\/wp\/v2\/users\/1"}],"replies":[{"embeddable":true,"href":"https:\/\/everydayraquel.com\/en\/wp-json\/wp\/v2\/comments?post=5450"}],"version-history":[{"count":1,"href":"https:\/\/everydayraquel.com\/en\/wp-json\/wp\/v2\/posts\/5450\/revisions"}],"predecessor-version":[{"id":5453,"href":"https:\/\/everydayraquel.com\/en\/wp-json\/wp\/v2\/posts\/5450\/revisions\/5453"}],"wp:featuredmedia":[{"embeddable":true,"href":"https:\/\/everydayraquel.com\/en\/wp-json\/wp\/v2\/media\/5451"}],"wp:attachment":[{"href":"https:\/\/everydayraquel.com\/en\/wp-json\/wp\/v2\/media?parent=5450"}],"wp:term":[{"taxonomy":"category","embeddable":true,"href":"https:\/\/everydayraquel.com\/en\/wp-json\/wp\/v2\/categories?post=5450"},{"taxonomy":"post_tag","embeddable":true,"href":"https:\/\/everydayraquel.com\/en\/wp-json\/wp\/v2\/tags?post=5450"}],"curies":[{"name":"wp","href":"https:\/\/api.w.org\/{rel}","templated":true}]}}