{"id":5062,"date":"2023-10-03T19:17:04","date_gmt":"2023-10-03T17:17:04","guid":{"rendered":"https:\/\/everydayraquel.com\/?p=5062"},"modified":"2023-10-09T17:39:31","modified_gmt":"2023-10-09T15:39:31","slug":"salon-equilibre-professionnel-entreprise-se-reinvente","status":"publish","type":"post","link":"https:\/\/everydayraquel.com\/en\/projets-realisations\/salon-equilibre-professionnel-entreprise-se-reinvente\/","title":{"rendered":"Solutions Forum : salon de l&rsquo;\u00e9quilibre professionnel organis\u00e9 par l&rsquo;Entreprise Se R\u00e9invente"},"content":{"rendered":"<p>Ce salon r\u00e9unira les diff\u00e9rents membres du collectif experts en qualit\u00e9 de vie et conditions de travail (QVCT) au <a class=\"x1i10hfl xjbqb8w x6umtig x1b1mbwd xaqea5y xav7gou x9f619 x1ypdohk xt0psk2 xe8uvvx xdj266r x11i5rnm xat24cr x1mh8g0r xexx8yu x4uap5 x18d9i69 xkhd6sd x16tdsg8 x1hl2dhg xggy1nq x1a2a7pz xt0b8zv x1qq9wsj xo1l8bm\" tabindex=\"0\" role=\"link\" href=\"https:\/\/www.facebook.com\/radissonblumalolesbains?__cft__[0]=AZVVBdhIn6ozo4DW6hZ5boSzYeJTkSelGR7jwHGhkcd0qrRG5Wk-mcTTBKnwxFnZzWdH_U2bAfyEFYtz7TwJpFDAcWjLnf2-rz3giqIa8FavsF2uz-9pql5bqykXDpRJwTRaQiwOYjOP56T2f40UAvnvnHC5g7B9g6jKYRX3m382byV6SWm_IOFs7oosTmBlbrg&amp;__tn__=-]K-R\"><span class=\"xt0psk2\">Radisson Blu Grand H\u00f4tel &amp; Spa, Malo Les Bains<\/span><\/a> Dunkerque, le 10 octobre 2023.<\/p>\n\n\n<p>D\u00e9but 2023 j&rsquo;ai adh\u00e9r\u00e9 au collectif d&rsquo;entrepreneurs de l<a href=\"https:\/\/www.facebook.com\/lentreprisesereinvente\">&lsquo;ESR<\/a>. Il s&rsquo;agit d&rsquo;un collectif experts dans diff\u00e9rents domaines (sport, yoga, d\u00e9co, illustration, etc&#8230;), qui ensemble accompagnent les entreprises dans leurs d\u00e9marches QVCT. <\/p>\n\n\n\n<p>Ce salon vise \u00e0 pr\u00e9senter les diff\u00e9rentes comp\u00e9tences des membres du collectif en villages th\u00e9matiques :<\/p>\n\n\n\n<ul class=\"wp-block-list\">\n<li>S&rsquo;occuper de soi : culture du mieux-\u00eatre<\/li>\n\n\n\n<li>Conscience de soi : culture des comp\u00e9tences<\/li>\n\n\n\n<li>D\u00e9passement de soi : culture du mouvement<\/li>\n\n\n\n<li>Savoir s&rsquo;alimenter : culture du partage<\/li>\n\n\n\n<li>Confort &#8211; fonctionnalit\u00e9 : culture de l&rsquo;environnement<\/li>\n\n\n\n<li>Village des Partenaires Engag\u00e9s<\/li>\n<\/ul>\n\n\n\n<p class=\"has-text-align-left\">En tant que membre de l&rsquo;ESR je serai pr\u00e9sente avec un stand dans le village \u00ab\u00a0Conscience de soi : culture des comp\u00e9tences\u00a0\u00bb. Je pr\u00e9senterai les diff\u00e9rents ateliers et actions que je propose pour explorer la cr\u00e9ativit\u00e9 et l&rsquo;imagination en entrepris ; tel que je le fais dans mon m\u00e9tier d&rsquo;artiste illustratrice \u00e0 Dunkerque.<\/p>\n\n\n\n<p class=\"has-text-align-center\">J&rsquo;ai \u00e9galement pu illustrer l&rsquo;affiche de cette premi\u00e8re \u00e9dition dans le territoire dunkerquois :<\/p>\n\n\n\n<figure class=\"wp-block-image aligncenter size-full is-resized\"><img fetchpriority=\"high\" decoding=\"async\" src=\"https:\/\/everydayraquel.com\/wp-content\/uploads\/2023\/10\/ESR-Solutions-forum-QVTC-2023.jpeg\" alt=\"\" class=\"wp-image-5064\" style=\"width:420px;height:594px\" width=\"420\" height=\"594\"\/><\/figure>\n\n\n\n<p><\/p>\n\n\n\n<p>Votre entreprise est \u00e0 la recherche d&rsquo;un accompagnement dans vos futures actions QVCT ? Venez nous rencontrer au Solutions Forum au Radisson Blu \u00e0 Malo-les-Bains Dunkerque.<\/p>\n\n\n\n<p><\/p>\n","protected":false},"excerpt":{"rendered":"<p>Ce 8 octobre le collectif ESR dont je fais partie se r\u00e9unit au Radisson Blu Dunkerque pour pr\u00e9senter leurs experts dans le domaine de la QVCT.<\/p>","protected":false},"author":1,"featured_media":5064,"comment_status":"closed","ping_status":"open","sticky":false,"template":"","format":"standard","meta":{"site-sidebar-layout":"default","site-content-layout":"default","ast-site-content-layout":"default","site-content-style":"default","site-sidebar-style":"default","ast-global-header-display":"","ast-banner-title-visibility":"","ast-main-header-display":"","ast-hfb-above-header-display":"","ast-hfb-below-header-display":"","ast-hfb-mobile-header-display":"","site-post-title":"","ast-breadcrumbs-content":"","ast-featured-img":"","footer-sml-layout":"","ast-disable-related-posts":"","theme-transparent-header-meta":"default","adv-header-id-meta":"","stick-header-meta":"","header-above-stick-meta":"","header-main-stick-meta":"","header-below-stick-meta":"","astra-migrate-meta-layouts":"set","ast-page-background-enabled":"default","ast-page-background-meta":{"desktop":{"background-color":"","background-image":"","background-repeat":"repeat","background-position":"center center","background-size":"auto","background-attachment":"scroll","background-type":"","background-media":"","overlay-type":"","overlay-color":"","overlay-opacity":"","overlay-gradient":""},"tablet":{"background-color":"","background-image":"","background-repeat":"repeat","background-position":"center center","background-size":"auto","background-attachment":"scroll","background-type":"","background-media":"","overlay-type":"","overlay-color":"","overlay-opacity":"","overlay-gradient":""},"mobile":{"background-color":"","background-image":"","background-repeat":"repeat","background-position":"center center","background-size":"auto","background-attachment":"scroll","background-type":"","background-media":"","overlay-type":"","overlay-color":"","overlay-opacity":"","overlay-gradient":""}},"ast-content-background-meta":{"desktop":{"background-color":"var(--ast-global-color-5)","background-image":"","background-repeat":"repeat","background-position":"center center","background-size":"auto","background-attachment":"scroll","background-type":"","background-media":"","overlay-type":"","overlay-color":"","overlay-opacity":"","overlay-gradient":""},"tablet":{"background-color":"var(--ast-global-color-5)","background-image":"","background-repeat":"repeat","background-position":"center center","background-size":"auto","background-attachment":"scroll","background-type":"","background-media":"","overlay-type":"","overlay-color":"","overlay-opacity":"","overlay-gradient":""},"mobile":{"background-color":"var(--ast-global-color-5)","background-image":"","background-repeat":"repeat","background-position":"center center","background-size":"auto","background-attachment":"scroll","background-type":"","background-media":"","overlay-type":"","overlay-color":"","overlay-opacity":"","overlay-gradient":""}},"footnotes":""},"categories":[1],"tags":[],"class_list":["post-5062","post","type-post","status-publish","format-standard","has-post-thumbnail","hentry","category-projets-realisations"],"yoast_head":"<title>Solutions Forum : salon de l&#039;\u00e9quilibre professionnel organis\u00e9 par l&#039;Entreprise Se R\u00e9invente &#8211; EverydayRaquel<\/title>\n<meta name=\"description\" content=\"Ce 10 octobre le collectif ESR dont je fais partie se r\u00e9unit au Radisson Blu Dunkerque pour pr\u00e9senter leurs experts dans le domaine de la QVCT\" \/>\n<meta name=\"robots\" content=\"index, follow, max-snippet:-1, max-image-preview:large, max-video-preview:-1\" \/>\n<link rel=\"canonical\" href=\"https:\/\/everydayraquel.com\/en\/projets-realisations\/salon-equilibre-professionnel-entreprise-se-reinvente\/\" \/>\n<meta property=\"og:locale\" content=\"en_GB\" \/>\n<meta property=\"og:type\" content=\"article\" \/>\n<meta property=\"og:title\" content=\"Solutions Forum : salon de l&#039;\u00e9quilibre professionnel organis\u00e9 par l&#039;Entreprise Se R\u00e9invente\" \/>\n<meta property=\"og:description\" content=\"Ce 10 octobre le collectif ESR dont je fais partie se r\u00e9unit au Radisson Blu Dunkerque pour pr\u00e9senter leurs experts dans le domaine de la QVCT\" \/>\n<meta property=\"og:url\" content=\"https:\/\/everydayraquel.com\/en\/projets-realisations\/salon-equilibre-professionnel-entreprise-se-reinvente\/\" \/>\n<meta property=\"og:site_name\" content=\"EverydayRaquel\" \/>\n<meta property=\"article:publisher\" content=\"https:\/\/www.facebook.com\/everydayraquel\/\" \/>\n<meta property=\"article:published_time\" content=\"2023-10-03T17:17:04+00:00\" \/>\n<meta property=\"article:modified_time\" content=\"2023-10-09T15:39:31+00:00\" \/>\n<meta property=\"og:image\" content=\"https:\/\/everydayraquel.com\/wp-content\/uploads\/2023\/10\/ESR-Solutions-forum-QVTC-2023-e1696352209561.jpeg\" \/>\n\t<meta property=\"og:image:width\" content=\"636\" \/>\n\t<meta property=\"og:image:height\" content=\"553\" \/>\n\t<meta property=\"og:image:type\" content=\"image\/jpeg\" \/>\n<meta name=\"author\" content=\"EverydayRaquel\" \/>\n<meta name=\"twitter:card\" content=\"summary_large_image\" \/>\n<meta name=\"twitter:label1\" content=\"Written by\" \/>\n\t<meta name=\"twitter:data1\" content=\"EverydayRaquel\" \/>\n\t<meta name=\"twitter:label2\" content=\"Estimated reading time\" \/>\n\t<meta name=\"twitter:data2\" content=\"2 minutes\" \/>\n<script type=\"application\/ld+json\" class=\"yoast-schema-graph\">{\"@context\":\"https:\/\/schema.org\",\"@graph\":[{\"@type\":\"Article\",\"@id\":\"https:\/\/everydayraquel.com\/projets-realisations\/salon-equilibre-professionnel-entreprise-se-reinvente\/#article\",\"isPartOf\":{\"@id\":\"https:\/\/everydayraquel.com\/projets-realisations\/salon-equilibre-professionnel-entreprise-se-reinvente\/\"},\"author\":{\"name\":\"EverydayRaquel\",\"@id\":\"https:\/\/everydayraquel.com\/#\/schema\/person\/36d6b01d3007ed58a6b127fc7a55866d\"},\"headline\":\"Solutions Forum : salon de l&rsquo;\u00e9quilibre professionnel organis\u00e9 par l&rsquo;Entreprise Se R\u00e9invente\",\"datePublished\":\"2023-10-03T17:17:04+00:00\",\"dateModified\":\"2023-10-09T15:39:31+00:00\",\"mainEntityOfPage\":{\"@id\":\"https:\/\/everydayraquel.com\/projets-realisations\/salon-equilibre-professionnel-entreprise-se-reinvente\/\"},\"wordCount\":245,\"publisher\":{\"@id\":\"https:\/\/everydayraquel.com\/#organization\"},\"image\":{\"@id\":\"https:\/\/everydayraquel.com\/projets-realisations\/salon-equilibre-professionnel-entreprise-se-reinvente\/#primaryimage\"},\"thumbnailUrl\":\"https:\/\/everydayraquel.com\/wp-content\/uploads\/2023\/10\/ESR-Solutions-forum-QVTC-2023-e1696352209561.jpeg\",\"articleSection\":[\"Projets et r\u00e9alisations\"],\"inLanguage\":\"en-GB\"},{\"@type\":\"WebPage\",\"@id\":\"https:\/\/everydayraquel.com\/projets-realisations\/salon-equilibre-professionnel-entreprise-se-reinvente\/\",\"url\":\"https:\/\/everydayraquel.com\/projets-realisations\/salon-equilibre-professionnel-entreprise-se-reinvente\/\",\"name\":\"Solutions Forum : salon de l'\u00e9quilibre professionnel organis\u00e9 par l'Entreprise Se R\u00e9invente &#8211; EverydayRaquel\",\"isPartOf\":{\"@id\":\"https:\/\/everydayraquel.com\/#website\"},\"primaryImageOfPage\":{\"@id\":\"https:\/\/everydayraquel.com\/projets-realisations\/salon-equilibre-professionnel-entreprise-se-reinvente\/#primaryimage\"},\"image\":{\"@id\":\"https:\/\/everydayraquel.com\/projets-realisations\/salon-equilibre-professionnel-entreprise-se-reinvente\/#primaryimage\"},\"thumbnailUrl\":\"https:\/\/everydayraquel.com\/wp-content\/uploads\/2023\/10\/ESR-Solutions-forum-QVTC-2023-e1696352209561.jpeg\",\"datePublished\":\"2023-10-03T17:17:04+00:00\",\"dateModified\":\"2023-10-09T15:39:31+00:00\",\"description\":\"Ce 10 octobre le collectif ESR dont je fais partie se r\u00e9unit au Radisson Blu Dunkerque pour pr\u00e9senter leurs experts dans le domaine de la QVCT\",\"breadcrumb\":{\"@id\":\"https:\/\/everydayraquel.com\/projets-realisations\/salon-equilibre-professionnel-entreprise-se-reinvente\/#breadcrumb\"},\"inLanguage\":\"en-GB\",\"potentialAction\":[{\"@type\":\"ReadAction\",\"target\":[\"https:\/\/everydayraquel.com\/projets-realisations\/salon-equilibre-professionnel-entreprise-se-reinvente\/\"]}]},{\"@type\":\"ImageObject\",\"inLanguage\":\"en-GB\",\"@id\":\"https:\/\/everydayraquel.com\/projets-realisations\/salon-equilibre-professionnel-entreprise-se-reinvente\/#primaryimage\",\"url\":\"https:\/\/everydayraquel.com\/wp-content\/uploads\/2023\/10\/ESR-Solutions-forum-QVTC-2023-e1696352209561.jpeg\",\"contentUrl\":\"https:\/\/everydayraquel.com\/wp-content\/uploads\/2023\/10\/ESR-Solutions-forum-QVTC-2023-e1696352209561.jpeg\",\"width\":636,\"height\":553},{\"@type\":\"BreadcrumbList\",\"@id\":\"https:\/\/everydayraquel.com\/projets-realisations\/salon-equilibre-professionnel-entreprise-se-reinvente\/#breadcrumb\",\"itemListElement\":[{\"@type\":\"ListItem\",\"position\":1,\"name\":\"Accueil\",\"item\":\"https:\/\/everydayraquel.com\/\"},{\"@type\":\"ListItem\",\"position\":2,\"name\":\"Projets et r\u00e9alisations\",\"item\":\"https:\/\/everydayraquel.com\/en\/categorie\/projets-realisations\/\"},{\"@type\":\"ListItem\",\"position\":3,\"name\":\"Solutions Forum : salon de l&#8217;\u00e9quilibre professionnel organis\u00e9 par l&#8217;Entreprise Se R\u00e9invente\"}]},{\"@type\":\"WebSite\",\"@id\":\"https:\/\/everydayraquel.com\/#website\",\"url\":\"https:\/\/everydayraquel.com\/\",\"name\":\"EverydayRaquel Art et Illustration\",\"description\":\"Un jour, un dessin\",\"publisher\":{\"@id\":\"https:\/\/everydayraquel.com\/#organization\"},\"alternateName\":\"Artiste Everyday Raquel\",\"potentialAction\":[{\"@type\":\"SearchAction\",\"target\":{\"@type\":\"EntryPoint\",\"urlTemplate\":\"https:\/\/everydayraquel.com\/?s={search_term_string}\"},\"query-input\":{\"@type\":\"PropertyValueSpecification\",\"valueRequired\":true,\"valueName\":\"search_term_string\"}}],\"inLanguage\":\"en-GB\"},{\"@type\":[\"Organization\",\"Place\",\"ArtGallery\"],\"@id\":\"https:\/\/everydayraquel.com\/#organization\",\"name\":\"Everyday Raquel\",\"alternateName\":\"Raquel Artiste Dunkerque\",\"url\":\"https:\/\/everydayraquel.com\/\",\"logo\":{\"@id\":\"https:\/\/everydayraquel.com\/projets-realisations\/salon-equilibre-professionnel-entreprise-se-reinvente\/#local-main-organization-logo\"},\"image\":{\"@id\":\"https:\/\/everydayraquel.com\/projets-realisations\/salon-equilibre-professionnel-entreprise-se-reinvente\/#local-main-organization-logo\"},\"sameAs\":[\"https:\/\/www.facebook.com\/everydayraquel\/\",\"https:\/\/www.instagram.com\/everydayraquel\/\"],\"description\":\"Artiste et illustratrice \u00e0 Dunkerque, je r\u00e9alise des dessins personnalis\u00e9s, vente d'affiches et de cadres, dessins du carnaval et des moments du quotidien. Street art, ateliers de dessins collectifs.\",\"legalName\":\"EveryDay Raquel\",\"foundingDate\":\"2020-07-27\",\"numberOfEmployees\":{\"@type\":\"QuantitativeValue\",\"minValue\":\"1\",\"maxValue\":\"10\"},\"address\":{\"@id\":\"https:\/\/everydayraquel.com\/projets-realisations\/salon-equilibre-professionnel-entreprise-se-reinvente\/#local-main-place-address\"},\"telephone\":[],\"openingHoursSpecification\":[{\"@type\":\"OpeningHoursSpecification\",\"dayOfWeek\":[\"Monday\",\"Tuesday\",\"Wednesday\",\"Thursday\",\"Friday\"],\"opens\":\"09:30\",\"closes\":\"18:00\"},{\"@type\":\"OpeningHoursSpecification\",\"dayOfWeek\":[\"Saturday\"],\"opens\":\"10:00\",\"closes\":\"12:00\"},{\"@type\":\"OpeningHoursSpecification\",\"dayOfWeek\":[\"Sunday\"],\"opens\":\"00:00\",\"closes\":\"00:00\"}],\"email\":\"contact@everydayraquel.com\",\"areaServed\":\"Dunkerque, Grande-Synthe, Bergues, Calais, Hazebrouck, Lille,\",\"priceRange\":\"$$\",\"currenciesAccepted\":\"Euro\",\"paymentAccepted\":\"CB, liquide, cash, carte bancaire\"},{\"@type\":\"Person\",\"@id\":\"https:\/\/everydayraquel.com\/#\/schema\/person\/36d6b01d3007ed58a6b127fc7a55866d\",\"name\":\"EverydayRaquel\",\"image\":{\"@type\":\"ImageObject\",\"inLanguage\":\"en-GB\",\"@id\":\"https:\/\/everydayraquel.com\/#\/schema\/person\/image\/\",\"url\":\"https:\/\/secure.gravatar.com\/avatar\/5e2617d86765c986f856f878f916c1b8fb4e0b31779b30aa04c29ee1c10a7276?s=96&d=mm&r=g\",\"contentUrl\":\"https:\/\/secure.gravatar.com\/avatar\/5e2617d86765c986f856f878f916c1b8fb4e0b31779b30aa04c29ee1c10a7276?s=96&d=mm&r=g\",\"caption\":\"EverydayRaquel\"}},{\"@type\":\"PostalAddress\",\"@id\":\"https:\/\/everydayraquel.com\/projets-realisations\/salon-equilibre-professionnel-entreprise-se-reinvente\/#local-main-place-address\",\"streetAddress\":\"Rue Winston Churchill\",\"addressLocality\":\"Dunkerque\",\"postalCode\":\"59240\",\"addressCountry\":\"FR\"},{\"@type\":\"ImageObject\",\"inLanguage\":\"en-GB\",\"@id\":\"https:\/\/everydayraquel.com\/projets-realisations\/salon-equilibre-professionnel-entreprise-se-reinvente\/#local-main-organization-logo\",\"url\":\"https:\/\/everydayraquel.com\/wp-content\/uploads\/2020\/11\/everydayraquel_logo_mirroir.png\",\"contentUrl\":\"https:\/\/everydayraquel.com\/wp-content\/uploads\/2020\/11\/everydayraquel_logo_mirroir.png\",\"width\":670,\"height\":290,\"caption\":\"Everyday Raquel\"}]}<\/script>\n<meta name=\"geo.placename\" content=\"Dunkerque\" \/>\n<meta name=\"geo.region\" content=\"France\" \/>","yoast_head_json":{"title":"Solutions Forum : salon de l'\u00e9quilibre professionnel organis\u00e9 par l'Entreprise Se R\u00e9invente &#8211; EverydayRaquel","description":"Ce 10 octobre le collectif ESR dont je fais partie se r\u00e9unit au Radisson Blu Dunkerque pour pr\u00e9senter leurs experts dans le domaine de la QVCT","robots":{"index":"index","follow":"follow","max-snippet":"max-snippet:-1","max-image-preview":"max-image-preview:large","max-video-preview":"max-video-preview:-1"},"canonical":"https:\/\/everydayraquel.com\/en\/projets-realisations\/salon-equilibre-professionnel-entreprise-se-reinvente\/","og_locale":"en_GB","og_type":"article","og_title":"Solutions Forum : salon de l'\u00e9quilibre professionnel organis\u00e9 par l'Entreprise Se R\u00e9invente","og_description":"Ce 10 octobre le collectif ESR dont je fais partie se r\u00e9unit au Radisson Blu Dunkerque pour pr\u00e9senter leurs experts dans le domaine de la QVCT","og_url":"https:\/\/everydayraquel.com\/en\/projets-realisations\/salon-equilibre-professionnel-entreprise-se-reinvente\/","og_site_name":"EverydayRaquel","article_publisher":"https:\/\/www.facebook.com\/everydayraquel\/","article_published_time":"2023-10-03T17:17:04+00:00","article_modified_time":"2023-10-09T15:39:31+00:00","og_image":[{"width":636,"height":553,"url":"https:\/\/everydayraquel.com\/wp-content\/uploads\/2023\/10\/ESR-Solutions-forum-QVTC-2023-e1696352209561.jpeg","type":"image\/jpeg"}],"author":"EverydayRaquel","twitter_card":"summary_large_image","twitter_misc":{"Written by":"EverydayRaquel","Estimated reading time":"2 minutes"},"schema":{"@context":"https:\/\/schema.org","@graph":[{"@type":"Article","@id":"https:\/\/everydayraquel.com\/projets-realisations\/salon-equilibre-professionnel-entreprise-se-reinvente\/#article","isPartOf":{"@id":"https:\/\/everydayraquel.com\/projets-realisations\/salon-equilibre-professionnel-entreprise-se-reinvente\/"},"author":{"name":"EverydayRaquel","@id":"https:\/\/everydayraquel.com\/#\/schema\/person\/36d6b01d3007ed58a6b127fc7a55866d"},"headline":"Solutions Forum : salon de l&rsquo;\u00e9quilibre professionnel organis\u00e9 par l&rsquo;Entreprise Se R\u00e9invente","datePublished":"2023-10-03T17:17:04+00:00","dateModified":"2023-10-09T15:39:31+00:00","mainEntityOfPage":{"@id":"https:\/\/everydayraquel.com\/projets-realisations\/salon-equilibre-professionnel-entreprise-se-reinvente\/"},"wordCount":245,"publisher":{"@id":"https:\/\/everydayraquel.com\/#organization"},"image":{"@id":"https:\/\/everydayraquel.com\/projets-realisations\/salon-equilibre-professionnel-entreprise-se-reinvente\/#primaryimage"},"thumbnailUrl":"https:\/\/everydayraquel.com\/wp-content\/uploads\/2023\/10\/ESR-Solutions-forum-QVTC-2023-e1696352209561.jpeg","articleSection":["Projets et r\u00e9alisations"],"inLanguage":"en-GB"},{"@type":"WebPage","@id":"https:\/\/everydayraquel.com\/projets-realisations\/salon-equilibre-professionnel-entreprise-se-reinvente\/","url":"https:\/\/everydayraquel.com\/projets-realisations\/salon-equilibre-professionnel-entreprise-se-reinvente\/","name":"Solutions Forum : salon de l'\u00e9quilibre professionnel organis\u00e9 par l'Entreprise Se R\u00e9invente &#8211; EverydayRaquel","isPartOf":{"@id":"https:\/\/everydayraquel.com\/#website"},"primaryImageOfPage":{"@id":"https:\/\/everydayraquel.com\/projets-realisations\/salon-equilibre-professionnel-entreprise-se-reinvente\/#primaryimage"},"image":{"@id":"https:\/\/everydayraquel.com\/projets-realisations\/salon-equilibre-professionnel-entreprise-se-reinvente\/#primaryimage"},"thumbnailUrl":"https:\/\/everydayraquel.com\/wp-content\/uploads\/2023\/10\/ESR-Solutions-forum-QVTC-2023-e1696352209561.jpeg","datePublished":"2023-10-03T17:17:04+00:00","dateModified":"2023-10-09T15:39:31+00:00","description":"Ce 10 octobre le collectif ESR dont je fais partie se r\u00e9unit au Radisson Blu Dunkerque pour pr\u00e9senter leurs experts dans le domaine de la QVCT","breadcrumb":{"@id":"https:\/\/everydayraquel.com\/projets-realisations\/salon-equilibre-professionnel-entreprise-se-reinvente\/#breadcrumb"},"inLanguage":"en-GB","potentialAction":[{"@type":"ReadAction","target":["https:\/\/everydayraquel.com\/projets-realisations\/salon-equilibre-professionnel-entreprise-se-reinvente\/"]}]},{"@type":"ImageObject","inLanguage":"en-GB","@id":"https:\/\/everydayraquel.com\/projets-realisations\/salon-equilibre-professionnel-entreprise-se-reinvente\/#primaryimage","url":"https:\/\/everydayraquel.com\/wp-content\/uploads\/2023\/10\/ESR-Solutions-forum-QVTC-2023-e1696352209561.jpeg","contentUrl":"https:\/\/everydayraquel.com\/wp-content\/uploads\/2023\/10\/ESR-Solutions-forum-QVTC-2023-e1696352209561.jpeg","width":636,"height":553},{"@type":"BreadcrumbList","@id":"https:\/\/everydayraquel.com\/projets-realisations\/salon-equilibre-professionnel-entreprise-se-reinvente\/#breadcrumb","itemListElement":[{"@type":"ListItem","position":1,"name":"Accueil","item":"https:\/\/everydayraquel.com\/"},{"@type":"ListItem","position":2,"name":"Projets et r\u00e9alisations","item":"https:\/\/everydayraquel.com\/en\/categorie\/projets-realisations\/"},{"@type":"ListItem","position":3,"name":"Solutions Forum : salon de l&#8217;\u00e9quilibre professionnel organis\u00e9 par l&#8217;Entreprise Se R\u00e9invente"}]},{"@type":"WebSite","@id":"https:\/\/everydayraquel.com\/#website","url":"https:\/\/everydayraquel.com\/","name":"EverydayRaquel Art et Illustration","description":"Un jour, un dessin","publisher":{"@id":"https:\/\/everydayraquel.com\/#organization"},"alternateName":"Artiste Everyday Raquel","potentialAction":[{"@type":"SearchAction","target":{"@type":"EntryPoint","urlTemplate":"https:\/\/everydayraquel.com\/?s={search_term_string}"},"query-input":{"@type":"PropertyValueSpecification","valueRequired":true,"valueName":"search_term_string"}}],"inLanguage":"en-GB"},{"@type":["Organization","Place","ArtGallery"],"@id":"https:\/\/everydayraquel.com\/#organization","name":"Everyday Raquel","alternateName":"Raquel Artiste Dunkerque","url":"https:\/\/everydayraquel.com\/","logo":{"@id":"https:\/\/everydayraquel.com\/projets-realisations\/salon-equilibre-professionnel-entreprise-se-reinvente\/#local-main-organization-logo"},"image":{"@id":"https:\/\/everydayraquel.com\/projets-realisations\/salon-equilibre-professionnel-entreprise-se-reinvente\/#local-main-organization-logo"},"sameAs":["https:\/\/www.facebook.com\/everydayraquel\/","https:\/\/www.instagram.com\/everydayraquel\/"],"description":"Artiste et illustratrice \u00e0 Dunkerque, je r\u00e9alise des dessins personnalis\u00e9s, vente d'affiches et de cadres, dessins du carnaval et des moments du quotidien. Street art, ateliers de dessins collectifs.","legalName":"EveryDay Raquel","foundingDate":"2020-07-27","numberOfEmployees":{"@type":"QuantitativeValue","minValue":"1","maxValue":"10"},"address":{"@id":"https:\/\/everydayraquel.com\/projets-realisations\/salon-equilibre-professionnel-entreprise-se-reinvente\/#local-main-place-address"},"telephone":[],"openingHoursSpecification":[{"@type":"OpeningHoursSpecification","dayOfWeek":["Monday","Tuesday","Wednesday","Thursday","Friday"],"opens":"09:30","closes":"18:00"},{"@type":"OpeningHoursSpecification","dayOfWeek":["Saturday"],"opens":"10:00","closes":"12:00"},{"@type":"OpeningHoursSpecification","dayOfWeek":["Sunday"],"opens":"00:00","closes":"00:00"}],"email":"contact@everydayraquel.com","areaServed":"Dunkerque, Grande-Synthe, Bergues, Calais, Hazebrouck, Lille,","priceRange":"$$","currenciesAccepted":"Euro","paymentAccepted":"CB, liquide, cash, carte bancaire"},{"@type":"Person","@id":"https:\/\/everydayraquel.com\/#\/schema\/person\/36d6b01d3007ed58a6b127fc7a55866d","name":"EverydayRaquel","image":{"@type":"ImageObject","inLanguage":"en-GB","@id":"https:\/\/everydayraquel.com\/#\/schema\/person\/image\/","url":"https:\/\/secure.gravatar.com\/avatar\/5e2617d86765c986f856f878f916c1b8fb4e0b31779b30aa04c29ee1c10a7276?s=96&d=mm&r=g","contentUrl":"https:\/\/secure.gravatar.com\/avatar\/5e2617d86765c986f856f878f916c1b8fb4e0b31779b30aa04c29ee1c10a7276?s=96&d=mm&r=g","caption":"EverydayRaquel"}},{"@type":"PostalAddress","@id":"https:\/\/everydayraquel.com\/projets-realisations\/salon-equilibre-professionnel-entreprise-se-reinvente\/#local-main-place-address","streetAddress":"Rue Winston Churchill","addressLocality":"Dunkerque","postalCode":"59240","addressCountry":"FR"},{"@type":"ImageObject","inLanguage":"en-GB","@id":"https:\/\/everydayraquel.com\/projets-realisations\/salon-equilibre-professionnel-entreprise-se-reinvente\/#local-main-organization-logo","url":"https:\/\/everydayraquel.com\/wp-content\/uploads\/2020\/11\/everydayraquel_logo_mirroir.png","contentUrl":"https:\/\/everydayraquel.com\/wp-content\/uploads\/2020\/11\/everydayraquel_logo_mirroir.png","width":670,"height":290,"caption":"Everyday Raquel"}]},"geo.placename":"Dunkerque","geo.region":"France"},"_links":{"self":[{"href":"https:\/\/everydayraquel.com\/en\/wp-json\/wp\/v2\/posts\/5062","targetHints":{"allow":["GET"]}}],"collection":[{"href":"https:\/\/everydayraquel.com\/en\/wp-json\/wp\/v2\/posts"}],"about":[{"href":"https:\/\/everydayraquel.com\/en\/wp-json\/wp\/v2\/types\/post"}],"author":[{"embeddable":true,"href":"https:\/\/everydayraquel.com\/en\/wp-json\/wp\/v2\/users\/1"}],"replies":[{"embeddable":true,"href":"https:\/\/everydayraquel.com\/en\/wp-json\/wp\/v2\/comments?post=5062"}],"version-history":[{"count":0,"href":"https:\/\/everydayraquel.com\/en\/wp-json\/wp\/v2\/posts\/5062\/revisions"}],"wp:featuredmedia":[{"embeddable":true,"href":"https:\/\/everydayraquel.com\/en\/wp-json\/wp\/v2\/media\/5064"}],"wp:attachment":[{"href":"https:\/\/everydayraquel.com\/en\/wp-json\/wp\/v2\/media?parent=5062"}],"wp:term":[{"taxonomy":"category","embeddable":true,"href":"https:\/\/everydayraquel.com\/en\/wp-json\/wp\/v2\/categories?post=5062"},{"taxonomy":"post_tag","embeddable":true,"href":"https:\/\/everydayraquel.com\/en\/wp-json\/wp\/v2\/tags?post=5062"}],"curies":[{"name":"wp","href":"https:\/\/api.w.org\/{rel}","templated":true}]}}