{"id":4990,"date":"2023-05-09T13:57:27","date_gmt":"2023-05-09T11:57:27","guid":{"rendered":"https:\/\/everydayraquel.com\/?p=4990"},"modified":"2023-05-09T13:57:29","modified_gmt":"2023-05-09T11:57:29","slug":"creation-dune-affiche-pour-cache-cache-festival","status":"publish","type":"post","link":"https:\/\/everydayraquel.com\/en\/projets-realisations\/creation-dune-affiche-pour-cache-cache-festival\/","title":{"rendered":"Cr\u00e9ation d&rsquo;une affiche pour \u00ab\u00a0Cache-Cache Festival\u00a0\u00bb"},"content":{"rendered":"<h2>Une affiche illustr\u00e9e pour pr\u00e9senter un festival d&rsquo;art de rue.\u00a0<\/h2>\n<div class=\"x11i5rnm xat24cr x1mh8g0r x1vvkbs xdj266r x126k92a\">\n<div dir=\"auto\">La cr\u00e9ation de cette affiche m&rsquo;a \u00e9t\u00e9 confi\u00e9e par l&rsquo;association <a href=\"https:\/\/www.agitateurspublic.com\/\">Agitateurs Public<\/a>. Une association qui soutient la cr\u00e9ation et la diffusion des\u00a0<span class=\"wixui-rich-text__text\">arts vivants<\/span>\u00a0et de l&rsquo;<span class=\"wixui-rich-text__text\">image<\/span>, hors les murs et dans\u00a0<span class=\"color_15 wixui-rich-text__text\">la r\u00e9gion\u00a0<\/span><span class=\"wixui-rich-text__text\">Hauts-de-France. L&rsquo;affiche de cet \u00e9v\u00e9nement est enti\u00e8rement dessin\u00e9e et colori\u00e9e sur tablette, avec ProCreate.<\/span><\/div>\n<\/div>\n<div dir=\"auto\">Le d\u00e9cor du dessin est inspir\u00e9 par le lieu o\u00f9 se tiendra l&rsquo;\u00e9v\u00e9nement l&rsquo;\u00e9v\u00e9nement : Le Fort de Dunes \u00e0 Leffrinckoucke. Cache-Cache Festival aura lieu le 28 mai 2023, plusieurs spectacles et visites du fort sont pr\u00e9vues dans l&rsquo;apr\u00e8s-midi. Tout est pr\u00e9vu pour \u00eatre accessible aux enfants et accueillir un public familial.<\/div>\n\n\n<figure class=\"wp-block-image size-full\"><img fetchpriority=\"high\" decoding=\"async\" width=\"636\" height=\"900\" src=\"https:\/\/everydayraquel.com\/wp-content\/uploads\/2023\/05\/cache-cache-festival-affiche.jpg\" alt=\"\" class=\"wp-image-4991\" srcset=\"https:\/\/everydayraquel.com\/wp-content\/uploads\/2023\/05\/cache-cache-festival-affiche.jpg 636w, https:\/\/everydayraquel.com\/wp-content\/uploads\/2023\/05\/cache-cache-festival-affiche-300x425.jpg 300w, https:\/\/everydayraquel.com\/wp-content\/uploads\/2023\/05\/cache-cache-festival-affiche-600x849.jpg 600w, https:\/\/everydayraquel.com\/wp-content\/uploads\/2023\/05\/cache-cache-festival-affiche-64x91.jpg 64w, https:\/\/everydayraquel.com\/wp-content\/uploads\/2023\/05\/cache-cache-festival-affiche-212x300.jpg 212w, https:\/\/everydayraquel.com\/wp-content\/uploads\/2023\/05\/cache-cache-festival-affiche-8x12.jpg 8w\" sizes=\"(max-width: 636px) 100vw, 636px\" \/><\/figure>","protected":false},"excerpt":{"rendered":"<p>Une affiche illustr\u00e9e pour pr\u00e9senter un festival d&rsquo;art de rue.\u00a0 La cr\u00e9ation de cette affiche m&rsquo;a \u00e9t\u00e9 confi\u00e9e par l&rsquo;association Agitateurs Public. Une association qui soutient la cr\u00e9ation et la diffusion des\u00a0arts vivants\u00a0et de l&rsquo;image, hors les murs et dans\u00a0la r\u00e9gion\u00a0Hauts-de-France. L&rsquo;affiche de cet \u00e9v\u00e9nement est enti\u00e8rement dessin\u00e9e et colori\u00e9e sur tablette, avec ProCreate. Le [&hellip;]<\/p>\n","protected":false},"author":1,"featured_media":4991,"comment_status":"closed","ping_status":"open","sticky":false,"template":"","format":"standard","meta":{"site-sidebar-layout":"default","site-content-layout":"default","ast-site-content-layout":"default","site-content-style":"default","site-sidebar-style":"default","ast-global-header-display":"","ast-banner-title-visibility":"","ast-main-header-display":"","ast-hfb-above-header-display":"","ast-hfb-below-header-display":"","ast-hfb-mobile-header-display":"","site-post-title":"","ast-breadcrumbs-content":"","ast-featured-img":"","footer-sml-layout":"","ast-disable-related-posts":"","theme-transparent-header-meta":"default","adv-header-id-meta":"","stick-header-meta":"","header-above-stick-meta":"","header-main-stick-meta":"","header-below-stick-meta":"","astra-migrate-meta-layouts":"default","ast-page-background-enabled":"default","ast-page-background-meta":{"desktop":{"background-color":"","background-image":"","background-repeat":"repeat","background-position":"center center","background-size":"auto","background-attachment":"scroll","background-type":"","background-media":"","overlay-type":"","overlay-color":"","overlay-opacity":"","overlay-gradient":""},"tablet":{"background-color":"","background-image":"","background-repeat":"repeat","background-position":"center center","background-size":"auto","background-attachment":"scroll","background-type":"","background-media":"","overlay-type":"","overlay-color":"","overlay-opacity":"","overlay-gradient":""},"mobile":{"background-color":"","background-image":"","background-repeat":"repeat","background-position":"center center","background-size":"auto","background-attachment":"scroll","background-type":"","background-media":"","overlay-type":"","overlay-color":"","overlay-opacity":"","overlay-gradient":""}},"ast-content-background-meta":{"desktop":{"background-color":"var(--ast-global-color-5)","background-image":"","background-repeat":"repeat","background-position":"center center","background-size":"auto","background-attachment":"scroll","background-type":"","background-media":"","overlay-type":"","overlay-color":"","overlay-opacity":"","overlay-gradient":""},"tablet":{"background-color":"var(--ast-global-color-5)","background-image":"","background-repeat":"repeat","background-position":"center center","background-size":"auto","background-attachment":"scroll","background-type":"","background-media":"","overlay-type":"","overlay-color":"","overlay-opacity":"","overlay-gradient":""},"mobile":{"background-color":"var(--ast-global-color-5)","background-image":"","background-repeat":"repeat","background-position":"center center","background-size":"auto","background-attachment":"scroll","background-type":"","background-media":"","overlay-type":"","overlay-color":"","overlay-opacity":"","overlay-gradient":""}},"footnotes":""},"categories":[1],"tags":[],"class_list":["post-4990","post","type-post","status-publish","format-standard","has-post-thumbnail","hentry","category-projets-realisations"],"yoast_head":"<title>Cr\u00e9ation d&#039;une affiche pour &quot;Cache-Cache Festival&quot; &#8211; EverydayRaquel<\/title>\n<meta name=\"robots\" content=\"index, follow, max-snippet:-1, max-image-preview:large, max-video-preview:-1\" \/>\n<link rel=\"canonical\" href=\"https:\/\/everydayraquel.com\/en\/projets-realisations\/creation-dune-affiche-pour-cache-cache-festival\/\" \/>\n<meta property=\"og:locale\" content=\"en_GB\" \/>\n<meta property=\"og:type\" content=\"article\" \/>\n<meta property=\"og:title\" content=\"Cr\u00e9ation d&#039;une affiche pour &quot;Cache-Cache Festival&quot;\" \/>\n<meta property=\"og:description\" content=\"Une affiche illustr\u00e9e pour pr\u00e9senter un festival d&rsquo;art de rue.\u00a0 La cr\u00e9ation de cette affiche m&rsquo;a \u00e9t\u00e9 confi\u00e9e par l&rsquo;association Agitateurs Public. Une association qui soutient la cr\u00e9ation et la diffusion des\u00a0arts vivants\u00a0et de l&rsquo;image, hors les murs et dans\u00a0la r\u00e9gion\u00a0Hauts-de-France. L&rsquo;affiche de cet \u00e9v\u00e9nement est enti\u00e8rement dessin\u00e9e et colori\u00e9e sur tablette, avec ProCreate. Le [&hellip;]\" \/>\n<meta property=\"og:url\" content=\"https:\/\/everydayraquel.com\/en\/projets-realisations\/creation-dune-affiche-pour-cache-cache-festival\/\" \/>\n<meta property=\"og:site_name\" content=\"EverydayRaquel\" \/>\n<meta property=\"article:publisher\" content=\"https:\/\/www.facebook.com\/everydayraquel\/\" \/>\n<meta property=\"article:published_time\" content=\"2023-05-09T11:57:27+00:00\" \/>\n<meta property=\"article:modified_time\" content=\"2023-05-09T11:57:29+00:00\" \/>\n<meta property=\"og:image\" content=\"https:\/\/everydayraquel.com\/wp-content\/uploads\/2023\/05\/cache-cache-festival-affiche.jpg\" \/>\n\t<meta property=\"og:image:width\" content=\"636\" \/>\n\t<meta property=\"og:image:height\" content=\"900\" \/>\n\t<meta property=\"og:image:type\" content=\"image\/jpeg\" \/>\n<meta name=\"author\" content=\"EverydayRaquel\" \/>\n<meta name=\"twitter:card\" content=\"summary_large_image\" \/>\n<meta name=\"twitter:label1\" content=\"Written by\" \/>\n\t<meta name=\"twitter:data1\" content=\"EverydayRaquel\" \/>\n\t<meta name=\"twitter:label2\" content=\"Estimated reading time\" \/>\n\t<meta name=\"twitter:data2\" content=\"1 minute\" \/>\n<script type=\"application\/ld+json\" class=\"yoast-schema-graph\">{\"@context\":\"https:\/\/schema.org\",\"@graph\":[{\"@type\":\"Article\",\"@id\":\"https:\/\/everydayraquel.com\/projets-realisations\/creation-dune-affiche-pour-cache-cache-festival\/#article\",\"isPartOf\":{\"@id\":\"https:\/\/everydayraquel.com\/projets-realisations\/creation-dune-affiche-pour-cache-cache-festival\/\"},\"author\":{\"name\":\"EverydayRaquel\",\"@id\":\"https:\/\/everydayraquel.com\/#\/schema\/person\/36d6b01d3007ed58a6b127fc7a55866d\"},\"headline\":\"Cr\u00e9ation d&rsquo;une affiche pour \u00ab\u00a0Cache-Cache Festival\u00a0\u00bb\",\"datePublished\":\"2023-05-09T11:57:27+00:00\",\"dateModified\":\"2023-05-09T11:57:29+00:00\",\"mainEntityOfPage\":{\"@id\":\"https:\/\/everydayraquel.com\/projets-realisations\/creation-dune-affiche-pour-cache-cache-festival\/\"},\"wordCount\":138,\"publisher\":{\"@id\":\"https:\/\/everydayraquel.com\/#organization\"},\"image\":{\"@id\":\"https:\/\/everydayraquel.com\/projets-realisations\/creation-dune-affiche-pour-cache-cache-festival\/#primaryimage\"},\"thumbnailUrl\":\"https:\/\/everydayraquel.com\/wp-content\/uploads\/2023\/05\/cache-cache-festival-affiche.jpg\",\"articleSection\":[\"Projets et r\u00e9alisations\"],\"inLanguage\":\"en-GB\"},{\"@type\":\"WebPage\",\"@id\":\"https:\/\/everydayraquel.com\/projets-realisations\/creation-dune-affiche-pour-cache-cache-festival\/\",\"url\":\"https:\/\/everydayraquel.com\/projets-realisations\/creation-dune-affiche-pour-cache-cache-festival\/\",\"name\":\"Cr\u00e9ation d'une affiche pour \\\"Cache-Cache Festival\\\" &#8211; EverydayRaquel\",\"isPartOf\":{\"@id\":\"https:\/\/everydayraquel.com\/#website\"},\"primaryImageOfPage\":{\"@id\":\"https:\/\/everydayraquel.com\/projets-realisations\/creation-dune-affiche-pour-cache-cache-festival\/#primaryimage\"},\"image\":{\"@id\":\"https:\/\/everydayraquel.com\/projets-realisations\/creation-dune-affiche-pour-cache-cache-festival\/#primaryimage\"},\"thumbnailUrl\":\"https:\/\/everydayraquel.com\/wp-content\/uploads\/2023\/05\/cache-cache-festival-affiche.jpg\",\"datePublished\":\"2023-05-09T11:57:27+00:00\",\"dateModified\":\"2023-05-09T11:57:29+00:00\",\"breadcrumb\":{\"@id\":\"https:\/\/everydayraquel.com\/projets-realisations\/creation-dune-affiche-pour-cache-cache-festival\/#breadcrumb\"},\"inLanguage\":\"en-GB\",\"potentialAction\":[{\"@type\":\"ReadAction\",\"target\":[\"https:\/\/everydayraquel.com\/projets-realisations\/creation-dune-affiche-pour-cache-cache-festival\/\"]}]},{\"@type\":\"ImageObject\",\"inLanguage\":\"en-GB\",\"@id\":\"https:\/\/everydayraquel.com\/projets-realisations\/creation-dune-affiche-pour-cache-cache-festival\/#primaryimage\",\"url\":\"https:\/\/everydayraquel.com\/wp-content\/uploads\/2023\/05\/cache-cache-festival-affiche.jpg\",\"contentUrl\":\"https:\/\/everydayraquel.com\/wp-content\/uploads\/2023\/05\/cache-cache-festival-affiche.jpg\",\"width\":636,\"height\":900,\"caption\":\"Cache Cache Festival 1\u00e8re \u00e9dition\"},{\"@type\":\"BreadcrumbList\",\"@id\":\"https:\/\/everydayraquel.com\/projets-realisations\/creation-dune-affiche-pour-cache-cache-festival\/#breadcrumb\",\"itemListElement\":[{\"@type\":\"ListItem\",\"position\":1,\"name\":\"Accueil\",\"item\":\"https:\/\/everydayraquel.com\/\"},{\"@type\":\"ListItem\",\"position\":2,\"name\":\"Projets et r\u00e9alisations\",\"item\":\"https:\/\/everydayraquel.com\/en\/categorie\/projets-realisations\/\"},{\"@type\":\"ListItem\",\"position\":3,\"name\":\"Cr\u00e9ation d&#8217;une affiche pour &#8220;Cache-Cache Festival&#8221;\"}]},{\"@type\":\"WebSite\",\"@id\":\"https:\/\/everydayraquel.com\/#website\",\"url\":\"https:\/\/everydayraquel.com\/\",\"name\":\"EverydayRaquel Art et Illustration\",\"description\":\"Un jour, un dessin\",\"publisher\":{\"@id\":\"https:\/\/everydayraquel.com\/#organization\"},\"alternateName\":\"Artiste Everyday Raquel\",\"potentialAction\":[{\"@type\":\"SearchAction\",\"target\":{\"@type\":\"EntryPoint\",\"urlTemplate\":\"https:\/\/everydayraquel.com\/?s={search_term_string}\"},\"query-input\":{\"@type\":\"PropertyValueSpecification\",\"valueRequired\":true,\"valueName\":\"search_term_string\"}}],\"inLanguage\":\"en-GB\"},{\"@type\":[\"Organization\",\"Place\",\"ArtGallery\"],\"@id\":\"https:\/\/everydayraquel.com\/#organization\",\"name\":\"Everyday Raquel\",\"alternateName\":\"Raquel Artiste Dunkerque\",\"url\":\"https:\/\/everydayraquel.com\/\",\"logo\":{\"@id\":\"https:\/\/everydayraquel.com\/projets-realisations\/creation-dune-affiche-pour-cache-cache-festival\/#local-main-organization-logo\"},\"image\":{\"@id\":\"https:\/\/everydayraquel.com\/projets-realisations\/creation-dune-affiche-pour-cache-cache-festival\/#local-main-organization-logo\"},\"sameAs\":[\"https:\/\/www.facebook.com\/everydayraquel\/\",\"https:\/\/www.instagram.com\/everydayraquel\/\"],\"description\":\"Artiste et illustratrice \u00e0 Dunkerque, je r\u00e9alise des dessins personnalis\u00e9s, vente d'affiches et de cadres, dessins du carnaval et des moments du quotidien. Street art, ateliers de dessins collectifs.\",\"legalName\":\"EveryDay Raquel\",\"foundingDate\":\"2020-07-27\",\"numberOfEmployees\":{\"@type\":\"QuantitativeValue\",\"minValue\":\"1\",\"maxValue\":\"10\"},\"address\":{\"@id\":\"https:\/\/everydayraquel.com\/projets-realisations\/creation-dune-affiche-pour-cache-cache-festival\/#local-main-place-address\"},\"telephone\":[],\"openingHoursSpecification\":[{\"@type\":\"OpeningHoursSpecification\",\"dayOfWeek\":[\"Monday\",\"Tuesday\",\"Wednesday\",\"Thursday\",\"Friday\"],\"opens\":\"09:30\",\"closes\":\"18:00\"},{\"@type\":\"OpeningHoursSpecification\",\"dayOfWeek\":[\"Saturday\"],\"opens\":\"10:00\",\"closes\":\"12:00\"},{\"@type\":\"OpeningHoursSpecification\",\"dayOfWeek\":[\"Sunday\"],\"opens\":\"00:00\",\"closes\":\"00:00\"}],\"email\":\"contact@everydayraquel.com\",\"areaServed\":\"Dunkerque, Grande-Synthe, Bergues, Calais, Hazebrouck, Lille,\",\"priceRange\":\"$$\",\"currenciesAccepted\":\"Euro\",\"paymentAccepted\":\"CB, liquide, cash, carte bancaire\"},{\"@type\":\"Person\",\"@id\":\"https:\/\/everydayraquel.com\/#\/schema\/person\/36d6b01d3007ed58a6b127fc7a55866d\",\"name\":\"EverydayRaquel\",\"image\":{\"@type\":\"ImageObject\",\"inLanguage\":\"en-GB\",\"@id\":\"https:\/\/everydayraquel.com\/#\/schema\/person\/image\/\",\"url\":\"https:\/\/secure.gravatar.com\/avatar\/5e2617d86765c986f856f878f916c1b8fb4e0b31779b30aa04c29ee1c10a7276?s=96&d=mm&r=g\",\"contentUrl\":\"https:\/\/secure.gravatar.com\/avatar\/5e2617d86765c986f856f878f916c1b8fb4e0b31779b30aa04c29ee1c10a7276?s=96&d=mm&r=g\",\"caption\":\"EverydayRaquel\"}},{\"@type\":\"PostalAddress\",\"@id\":\"https:\/\/everydayraquel.com\/projets-realisations\/creation-dune-affiche-pour-cache-cache-festival\/#local-main-place-address\",\"streetAddress\":\"Rue Winston Churchill\",\"addressLocality\":\"Dunkerque\",\"postalCode\":\"59240\",\"addressCountry\":\"FR\"},{\"@type\":\"ImageObject\",\"inLanguage\":\"en-GB\",\"@id\":\"https:\/\/everydayraquel.com\/projets-realisations\/creation-dune-affiche-pour-cache-cache-festival\/#local-main-organization-logo\",\"url\":\"https:\/\/everydayraquel.com\/wp-content\/uploads\/2020\/11\/everydayraquel_logo_mirroir.png\",\"contentUrl\":\"https:\/\/everydayraquel.com\/wp-content\/uploads\/2020\/11\/everydayraquel_logo_mirroir.png\",\"width\":670,\"height\":290,\"caption\":\"Everyday Raquel\"}]}<\/script>\n<meta name=\"geo.placename\" content=\"Dunkerque\" \/>\n<meta name=\"geo.region\" content=\"France\" \/>","yoast_head_json":{"title":"Cr\u00e9ation d'une affiche pour \"Cache-Cache Festival\" &#8211; EverydayRaquel","robots":{"index":"index","follow":"follow","max-snippet":"max-snippet:-1","max-image-preview":"max-image-preview:large","max-video-preview":"max-video-preview:-1"},"canonical":"https:\/\/everydayraquel.com\/en\/projets-realisations\/creation-dune-affiche-pour-cache-cache-festival\/","og_locale":"en_GB","og_type":"article","og_title":"Cr\u00e9ation d'une affiche pour \"Cache-Cache Festival\"","og_description":"Une affiche illustr\u00e9e pour pr\u00e9senter un festival d&rsquo;art de rue.\u00a0 La cr\u00e9ation de cette affiche m&rsquo;a \u00e9t\u00e9 confi\u00e9e par l&rsquo;association Agitateurs Public. Une association qui soutient la cr\u00e9ation et la diffusion des\u00a0arts vivants\u00a0et de l&rsquo;image, hors les murs et dans\u00a0la r\u00e9gion\u00a0Hauts-de-France. L&rsquo;affiche de cet \u00e9v\u00e9nement est enti\u00e8rement dessin\u00e9e et colori\u00e9e sur tablette, avec ProCreate. Le [&hellip;]","og_url":"https:\/\/everydayraquel.com\/en\/projets-realisations\/creation-dune-affiche-pour-cache-cache-festival\/","og_site_name":"EverydayRaquel","article_publisher":"https:\/\/www.facebook.com\/everydayraquel\/","article_published_time":"2023-05-09T11:57:27+00:00","article_modified_time":"2023-05-09T11:57:29+00:00","og_image":[{"width":636,"height":900,"url":"https:\/\/everydayraquel.com\/wp-content\/uploads\/2023\/05\/cache-cache-festival-affiche.jpg","type":"image\/jpeg"}],"author":"EverydayRaquel","twitter_card":"summary_large_image","twitter_misc":{"Written by":"EverydayRaquel","Estimated reading time":"1 minute"},"schema":{"@context":"https:\/\/schema.org","@graph":[{"@type":"Article","@id":"https:\/\/everydayraquel.com\/projets-realisations\/creation-dune-affiche-pour-cache-cache-festival\/#article","isPartOf":{"@id":"https:\/\/everydayraquel.com\/projets-realisations\/creation-dune-affiche-pour-cache-cache-festival\/"},"author":{"name":"EverydayRaquel","@id":"https:\/\/everydayraquel.com\/#\/schema\/person\/36d6b01d3007ed58a6b127fc7a55866d"},"headline":"Cr\u00e9ation d&rsquo;une affiche pour \u00ab\u00a0Cache-Cache Festival\u00a0\u00bb","datePublished":"2023-05-09T11:57:27+00:00","dateModified":"2023-05-09T11:57:29+00:00","mainEntityOfPage":{"@id":"https:\/\/everydayraquel.com\/projets-realisations\/creation-dune-affiche-pour-cache-cache-festival\/"},"wordCount":138,"publisher":{"@id":"https:\/\/everydayraquel.com\/#organization"},"image":{"@id":"https:\/\/everydayraquel.com\/projets-realisations\/creation-dune-affiche-pour-cache-cache-festival\/#primaryimage"},"thumbnailUrl":"https:\/\/everydayraquel.com\/wp-content\/uploads\/2023\/05\/cache-cache-festival-affiche.jpg","articleSection":["Projets et r\u00e9alisations"],"inLanguage":"en-GB"},{"@type":"WebPage","@id":"https:\/\/everydayraquel.com\/projets-realisations\/creation-dune-affiche-pour-cache-cache-festival\/","url":"https:\/\/everydayraquel.com\/projets-realisations\/creation-dune-affiche-pour-cache-cache-festival\/","name":"Cr\u00e9ation d'une affiche pour \"Cache-Cache Festival\" &#8211; EverydayRaquel","isPartOf":{"@id":"https:\/\/everydayraquel.com\/#website"},"primaryImageOfPage":{"@id":"https:\/\/everydayraquel.com\/projets-realisations\/creation-dune-affiche-pour-cache-cache-festival\/#primaryimage"},"image":{"@id":"https:\/\/everydayraquel.com\/projets-realisations\/creation-dune-affiche-pour-cache-cache-festival\/#primaryimage"},"thumbnailUrl":"https:\/\/everydayraquel.com\/wp-content\/uploads\/2023\/05\/cache-cache-festival-affiche.jpg","datePublished":"2023-05-09T11:57:27+00:00","dateModified":"2023-05-09T11:57:29+00:00","breadcrumb":{"@id":"https:\/\/everydayraquel.com\/projets-realisations\/creation-dune-affiche-pour-cache-cache-festival\/#breadcrumb"},"inLanguage":"en-GB","potentialAction":[{"@type":"ReadAction","target":["https:\/\/everydayraquel.com\/projets-realisations\/creation-dune-affiche-pour-cache-cache-festival\/"]}]},{"@type":"ImageObject","inLanguage":"en-GB","@id":"https:\/\/everydayraquel.com\/projets-realisations\/creation-dune-affiche-pour-cache-cache-festival\/#primaryimage","url":"https:\/\/everydayraquel.com\/wp-content\/uploads\/2023\/05\/cache-cache-festival-affiche.jpg","contentUrl":"https:\/\/everydayraquel.com\/wp-content\/uploads\/2023\/05\/cache-cache-festival-affiche.jpg","width":636,"height":900,"caption":"Cache Cache Festival 1\u00e8re \u00e9dition"},{"@type":"BreadcrumbList","@id":"https:\/\/everydayraquel.com\/projets-realisations\/creation-dune-affiche-pour-cache-cache-festival\/#breadcrumb","itemListElement":[{"@type":"ListItem","position":1,"name":"Accueil","item":"https:\/\/everydayraquel.com\/"},{"@type":"ListItem","position":2,"name":"Projets et r\u00e9alisations","item":"https:\/\/everydayraquel.com\/en\/categorie\/projets-realisations\/"},{"@type":"ListItem","position":3,"name":"Cr\u00e9ation d&#8217;une affiche pour &#8220;Cache-Cache Festival&#8221;"}]},{"@type":"WebSite","@id":"https:\/\/everydayraquel.com\/#website","url":"https:\/\/everydayraquel.com\/","name":"EverydayRaquel Art et Illustration","description":"Un jour, un dessin","publisher":{"@id":"https:\/\/everydayraquel.com\/#organization"},"alternateName":"Artiste Everyday Raquel","potentialAction":[{"@type":"SearchAction","target":{"@type":"EntryPoint","urlTemplate":"https:\/\/everydayraquel.com\/?s={search_term_string}"},"query-input":{"@type":"PropertyValueSpecification","valueRequired":true,"valueName":"search_term_string"}}],"inLanguage":"en-GB"},{"@type":["Organization","Place","ArtGallery"],"@id":"https:\/\/everydayraquel.com\/#organization","name":"Everyday Raquel","alternateName":"Raquel Artiste Dunkerque","url":"https:\/\/everydayraquel.com\/","logo":{"@id":"https:\/\/everydayraquel.com\/projets-realisations\/creation-dune-affiche-pour-cache-cache-festival\/#local-main-organization-logo"},"image":{"@id":"https:\/\/everydayraquel.com\/projets-realisations\/creation-dune-affiche-pour-cache-cache-festival\/#local-main-organization-logo"},"sameAs":["https:\/\/www.facebook.com\/everydayraquel\/","https:\/\/www.instagram.com\/everydayraquel\/"],"description":"Artiste et illustratrice \u00e0 Dunkerque, je r\u00e9alise des dessins personnalis\u00e9s, vente d'affiches et de cadres, dessins du carnaval et des moments du quotidien. Street art, ateliers de dessins collectifs.","legalName":"EveryDay Raquel","foundingDate":"2020-07-27","numberOfEmployees":{"@type":"QuantitativeValue","minValue":"1","maxValue":"10"},"address":{"@id":"https:\/\/everydayraquel.com\/projets-realisations\/creation-dune-affiche-pour-cache-cache-festival\/#local-main-place-address"},"telephone":[],"openingHoursSpecification":[{"@type":"OpeningHoursSpecification","dayOfWeek":["Monday","Tuesday","Wednesday","Thursday","Friday"],"opens":"09:30","closes":"18:00"},{"@type":"OpeningHoursSpecification","dayOfWeek":["Saturday"],"opens":"10:00","closes":"12:00"},{"@type":"OpeningHoursSpecification","dayOfWeek":["Sunday"],"opens":"00:00","closes":"00:00"}],"email":"contact@everydayraquel.com","areaServed":"Dunkerque, Grande-Synthe, Bergues, Calais, Hazebrouck, Lille,","priceRange":"$$","currenciesAccepted":"Euro","paymentAccepted":"CB, liquide, cash, carte bancaire"},{"@type":"Person","@id":"https:\/\/everydayraquel.com\/#\/schema\/person\/36d6b01d3007ed58a6b127fc7a55866d","name":"EverydayRaquel","image":{"@type":"ImageObject","inLanguage":"en-GB","@id":"https:\/\/everydayraquel.com\/#\/schema\/person\/image\/","url":"https:\/\/secure.gravatar.com\/avatar\/5e2617d86765c986f856f878f916c1b8fb4e0b31779b30aa04c29ee1c10a7276?s=96&d=mm&r=g","contentUrl":"https:\/\/secure.gravatar.com\/avatar\/5e2617d86765c986f856f878f916c1b8fb4e0b31779b30aa04c29ee1c10a7276?s=96&d=mm&r=g","caption":"EverydayRaquel"}},{"@type":"PostalAddress","@id":"https:\/\/everydayraquel.com\/projets-realisations\/creation-dune-affiche-pour-cache-cache-festival\/#local-main-place-address","streetAddress":"Rue Winston Churchill","addressLocality":"Dunkerque","postalCode":"59240","addressCountry":"FR"},{"@type":"ImageObject","inLanguage":"en-GB","@id":"https:\/\/everydayraquel.com\/projets-realisations\/creation-dune-affiche-pour-cache-cache-festival\/#local-main-organization-logo","url":"https:\/\/everydayraquel.com\/wp-content\/uploads\/2020\/11\/everydayraquel_logo_mirroir.png","contentUrl":"https:\/\/everydayraquel.com\/wp-content\/uploads\/2020\/11\/everydayraquel_logo_mirroir.png","width":670,"height":290,"caption":"Everyday Raquel"}]},"geo.placename":"Dunkerque","geo.region":"France"},"_links":{"self":[{"href":"https:\/\/everydayraquel.com\/en\/wp-json\/wp\/v2\/posts\/4990","targetHints":{"allow":["GET"]}}],"collection":[{"href":"https:\/\/everydayraquel.com\/en\/wp-json\/wp\/v2\/posts"}],"about":[{"href":"https:\/\/everydayraquel.com\/en\/wp-json\/wp\/v2\/types\/post"}],"author":[{"embeddable":true,"href":"https:\/\/everydayraquel.com\/en\/wp-json\/wp\/v2\/users\/1"}],"replies":[{"embeddable":true,"href":"https:\/\/everydayraquel.com\/en\/wp-json\/wp\/v2\/comments?post=4990"}],"version-history":[{"count":0,"href":"https:\/\/everydayraquel.com\/en\/wp-json\/wp\/v2\/posts\/4990\/revisions"}],"wp:featuredmedia":[{"embeddable":true,"href":"https:\/\/everydayraquel.com\/en\/wp-json\/wp\/v2\/media\/4991"}],"wp:attachment":[{"href":"https:\/\/everydayraquel.com\/en\/wp-json\/wp\/v2\/media?parent=4990"}],"wp:term":[{"taxonomy":"category","embeddable":true,"href":"https:\/\/everydayraquel.com\/en\/wp-json\/wp\/v2\/categories?post=4990"},{"taxonomy":"post_tag","embeddable":true,"href":"https:\/\/everydayraquel.com\/en\/wp-json\/wp\/v2\/tags?post=4990"}],"curies":[{"name":"wp","href":"https:\/\/api.w.org\/{rel}","templated":true}]}}