{"id":4807,"date":"2022-10-10T15:03:55","date_gmt":"2022-10-10T13:03:55","guid":{"rendered":"https:\/\/everydayraquel.com\/?p=4807"},"modified":"2022-10-10T15:20:01","modified_gmt":"2022-10-10T13:20:01","slug":"ateliers-dart-et-balades-esthetiques-a-dunkerque","status":"publish","type":"post","link":"https:\/\/everydayraquel.com\/en\/projets-realisations\/ateliers-dart-et-balades-esthetiques-a-dunkerque\/","title":{"rendered":"Ateliers d&rsquo;art et balades esth\u00e9tiques \u00e0 Dunkerque"},"content":{"rendered":"<div data-elementor-type=\"wp-post\" data-elementor-id=\"4807\" class=\"elementor elementor-4807\" data-elementor-post-type=\"post\">\n\t\t\t\t\t\t<section class=\"elementor-section elementor-top-section elementor-element elementor-element-6def066 elementor-section-boxed elementor-section-height-default elementor-section-height-default\" data-id=\"6def066\" data-element_type=\"section\" data-e-type=\"section\">\n\t\t\t\t\t\t<div class=\"elementor-container elementor-column-gap-default\">\n\t\t\t\t\t<div class=\"elementor-column elementor-col-100 elementor-top-column elementor-element elementor-element-4a6a4f73\" data-id=\"4a6a4f73\" data-element_type=\"column\" data-e-type=\"column\">\n\t\t\t<div class=\"elementor-widget-wrap elementor-element-populated\">\n\t\t\t\t\t\t<div class=\"elementor-element elementor-element-819c95f elementor-widget elementor-widget-heading\" data-id=\"819c95f\" data-element_type=\"widget\" data-e-type=\"widget\" data-widget_type=\"heading.default\">\n\t\t\t\t<div class=\"elementor-widget-container\">\n\t\t\t\t\t<h2 class=\"elementor-heading-title elementor-size-default\">Un projet pour valoriser le patrimoine<\/h2>\t\t\t\t<\/div>\n\t\t\t\t<\/div>\n\t\t\t\t<div class=\"elementor-element elementor-element-657713d elementor-widget elementor-widget-text-editor\" data-id=\"657713d\" data-element_type=\"widget\" data-e-type=\"widget\" data-widget_type=\"text-editor.default\">\n\t\t\t\t<div class=\"elementor-widget-container\">\n\t\t\t\t\t\t\t\t\t<p>En Juillet 2022 j&rsquo;a eut le plaisir de faire partie du projet \u00ab\u00a0Apprendre et d\u00e9couvrir en jouant avec Jo &amp; Rosalie\u00a0\u00bb initi\u00e9 par la direction de la Culture et des relations internationales \u00e0 Dunkerque. <br \/>Plusieurs ateliers cr\u00e9atifs et balades urbaines ont \u00e9t\u00e9 organis\u00e9s pour nourrir ce projet dans les quartiers du Banc-Vert, Jeu-de-Mail, Carr\u00e9-de-la-Vieille et \u00cele-Jeanty. L&rsquo;objectif \u00e9tait de sensibiliser jeunes, adultes et seniors \u00e0 la d\u00e9couverte de leur patrimoine. <span class=\"s1\"><br \/><\/span><\/p>\t\t\t\t\t\t\t\t<\/div>\n\t\t\t\t<\/div>\n\t\t\t\t<div class=\"elementor-element elementor-element-4d0ed01 elementor-widget elementor-widget-heading\" data-id=\"4d0ed01\" data-element_type=\"widget\" data-e-type=\"widget\" data-widget_type=\"heading.default\">\n\t\t\t\t<div class=\"elementor-widget-container\">\n\t\t\t\t\t<h2 class=\"elementor-heading-title elementor-size-default\">Ateliers d'art et de sensibilisation<\/h2>\t\t\t\t<\/div>\n\t\t\t\t<\/div>\n\t\t\t\t<div class=\"elementor-element elementor-element-838ce45 elementor-widget elementor-widget-text-editor\" data-id=\"838ce45\" data-element_type=\"widget\" data-e-type=\"widget\" data-widget_type=\"text-editor.default\">\n\t\t\t\t<div class=\"elementor-widget-container\">\n\t\t\t\t\t\t\t\t\t<p><span class=\"s1\">Parmi les diff\u00e9rents ateliers propos\u00e9s aux habitants ( art, photographie, \u00e9criture, vid\u00e9o&#8230;), moi j&rsquo;ai eut le plaisir d&rsquo;animer un atelier de cr\u00e9ation de cartes postales.<\/span><\/p><p class=\"p1\">Lors de cet atelier cr\u00e9atif, j&rsquo;ai amen\u00e9 les participants \u00e0 visualiser un lieu qui leur parle, proche d\u2019eux ou de leur quartier et \u00e0 le repr\u00e9senter en utilisant des techniques de d\u00e9coupage, d\u00e9chirage et collage.\u00a0Les cartes postales r\u00e9sultantes nous permettent de d\u00e9couvrir leur quartier \u00e0 travers le prisme de leur imaginaire et de leur v\u00e9cu. Certains ont pens\u00e9 \u00e0 leurs vacances \u00e0 la plage pendant l\u2019\u00e9t\u00e9, d\u2019autres au parc qu\u2019ils ont l\u2019habitude de fr\u00e9quenter, d\u2019autres \u00e0 leur voisinage&#8230;<\/p><p class=\"p1\"><span style=\"font-size: 16px; background-color: transparent;\">Voici quelques exemples de cartes postales cr\u00e9es pendant les ateliers :<\/span><\/p>\t\t\t\t\t\t\t\t<\/div>\n\t\t\t\t<\/div>\n\t\t\t\t<div class=\"elementor-element elementor-element-727491b elementor-widget elementor-widget-image-gallery\" data-id=\"727491b\" data-element_type=\"widget\" data-e-type=\"widget\" data-widget_type=\"image-gallery.default\">\n\t\t\t\t<div class=\"elementor-widget-container\">\n\t\t\t\t\t\t\t<div class=\"elementor-image-gallery\">\n\t\t\t<div id='gallery-1' class='gallery galleryid-4807 gallery-columns-4 gallery-size-thumbnail'><figure class='gallery-item'>\n\t\t\t<div class='gallery-icon landscape'>\n\t\t\t\t<a data-elementor-open-lightbox=\"yes\" data-elementor-lightbox-slideshow=\"727491b\" data-elementor-lightbox-title=\"collage-carte-postale-velo\" data-e-action-hash=\"#elementor-action%3Aaction%3Dlightbox%26settings%3DeyJpZCI6NDgyMywidXJsIjoiaHR0cHM6XC9cL2V2ZXJ5ZGF5cmFxdWVsLmNvbVwvd3AtY29udGVudFwvdXBsb2Fkc1wvMjAyMlwvMDlcL2NvbGxhZ2UtY2FydGUtcG9zdGFsZS12ZWxvLWUxNjY0NDQ3MDM5Mjk3LmpwZyIsInNsaWRlc2hvdyI6IjcyNzQ5MWIifQ%3D%3D\" href='https:\/\/everydayraquel.com\/wp-content\/uploads\/2022\/09\/collage-carte-postale-velo-e1664447039297.jpg'><img width=\"150\" height=\"150\" src=\"https:\/\/everydayraquel.com\/wp-content\/uploads\/2022\/09\/collage-carte-postale-velo-e1664447039297-150x150.jpg\" class=\"attachment-thumbnail size-thumbnail\" alt=\"\" decoding=\"async\" srcset=\"https:\/\/everydayraquel.com\/wp-content\/uploads\/2022\/09\/collage-carte-postale-velo-e1664447039297-150x150.jpg 150w, https:\/\/everydayraquel.com\/wp-content\/uploads\/2022\/09\/collage-carte-postale-velo-e1664447039297-100x100.jpg 100w\" sizes=\"(max-width: 150px) 100vw, 150px\" \/><\/a>\n\t\t\t<\/div><\/figure><figure class='gallery-item'>\n\t\t\t<div class='gallery-icon landscape'>\n\t\t\t\t<a data-elementor-open-lightbox=\"yes\" data-elementor-lightbox-slideshow=\"727491b\" data-elementor-lightbox-title=\"collage-carte-postale-rglise\" data-e-action-hash=\"#elementor-action%3Aaction%3Dlightbox%26settings%3DeyJpZCI6NDgyMiwidXJsIjoiaHR0cHM6XC9cL2V2ZXJ5ZGF5cmFxdWVsLmNvbVwvd3AtY29udGVudFwvdXBsb2Fkc1wvMjAyMlwvMDlcL2NvbGxhZ2UtY2FydGUtcG9zdGFsZS1yZ2xpc2UtZTE2NjQ0NDcwMTk2NjcuanBnIiwic2xpZGVzaG93IjoiNzI3NDkxYiJ9\" href='https:\/\/everydayraquel.com\/wp-content\/uploads\/2022\/09\/collage-carte-postale-rglise-e1664447019667.jpg'><img width=\"150\" height=\"150\" src=\"https:\/\/everydayraquel.com\/wp-content\/uploads\/2022\/09\/collage-carte-postale-rglise-e1664447019667-150x150.jpg\" class=\"attachment-thumbnail size-thumbnail\" alt=\"\" decoding=\"async\" srcset=\"https:\/\/everydayraquel.com\/wp-content\/uploads\/2022\/09\/collage-carte-postale-rglise-e1664447019667-150x150.jpg 150w, https:\/\/everydayraquel.com\/wp-content\/uploads\/2022\/09\/collage-carte-postale-rglise-e1664447019667-100x100.jpg 100w\" sizes=\"(max-width: 150px) 100vw, 150px\" \/><\/a>\n\t\t\t<\/div><\/figure><figure class='gallery-item'>\n\t\t\t<div class='gallery-icon landscape'>\n\t\t\t\t<a data-elementor-open-lightbox=\"yes\" data-elementor-lightbox-slideshow=\"727491b\" data-elementor-lightbox-title=\"collage-carte-postale-promenade\" data-e-action-hash=\"#elementor-action%3Aaction%3Dlightbox%26settings%3DeyJpZCI6NDgyMSwidXJsIjoiaHR0cHM6XC9cL2V2ZXJ5ZGF5cmFxdWVsLmNvbVwvd3AtY29udGVudFwvdXBsb2Fkc1wvMjAyMlwvMDlcL2NvbGxhZ2UtY2FydGUtcG9zdGFsZS1wcm9tZW5hZGUtZTE2NjQ0NDcwMDA2MjEuanBnIiwic2xpZGVzaG93IjoiNzI3NDkxYiJ9\" href='https:\/\/everydayraquel.com\/wp-content\/uploads\/2022\/09\/collage-carte-postale-promenade-e1664447000621.jpg'><img width=\"150\" height=\"150\" src=\"https:\/\/everydayraquel.com\/wp-content\/uploads\/2022\/09\/collage-carte-postale-promenade-e1664447000621-150x150.jpg\" class=\"attachment-thumbnail size-thumbnail\" alt=\"\" decoding=\"async\" srcset=\"https:\/\/everydayraquel.com\/wp-content\/uploads\/2022\/09\/collage-carte-postale-promenade-e1664447000621-150x150.jpg 150w, https:\/\/everydayraquel.com\/wp-content\/uploads\/2022\/09\/collage-carte-postale-promenade-e1664447000621-100x100.jpg 100w\" sizes=\"(max-width: 150px) 100vw, 150px\" \/><\/a>\n\t\t\t<\/div><\/figure><figure class='gallery-item'>\n\t\t\t<div class='gallery-icon landscape'>\n\t\t\t\t<a data-elementor-open-lightbox=\"yes\" data-elementor-lightbox-slideshow=\"727491b\" data-elementor-lightbox-title=\"collage-carte-postale-plage\" data-e-action-hash=\"#elementor-action%3Aaction%3Dlightbox%26settings%3DeyJpZCI6NDgyMCwidXJsIjoiaHR0cHM6XC9cL2V2ZXJ5ZGF5cmFxdWVsLmNvbVwvd3AtY29udGVudFwvdXBsb2Fkc1wvMjAyMlwvMDlcL2NvbGxhZ2UtY2FydGUtcG9zdGFsZS1wbGFnZS1lMTY2NDQ0Njk4NjMyOC5qcGciLCJzbGlkZXNob3ciOiI3Mjc0OTFiIn0%3D\" href='https:\/\/everydayraquel.com\/wp-content\/uploads\/2022\/09\/collage-carte-postale-plage-e1664446986328.jpg'><img loading=\"lazy\" width=\"150\" height=\"150\" src=\"https:\/\/everydayraquel.com\/wp-content\/uploads\/2022\/09\/collage-carte-postale-plage-e1664446986328-150x150.jpg\" class=\"attachment-thumbnail size-thumbnail\" alt=\"\" decoding=\"async\" srcset=\"https:\/\/everydayraquel.com\/wp-content\/uploads\/2022\/09\/collage-carte-postale-plage-e1664446986328-150x150.jpg 150w, https:\/\/everydayraquel.com\/wp-content\/uploads\/2022\/09\/collage-carte-postale-plage-e1664446986328-100x100.jpg 100w\" sizes=\"(max-width: 150px) 100vw, 150px\" \/><\/a>\n\t\t\t<\/div><\/figure>\n\t\t<\/div>\n\t\t<\/div>\n\t\t\t\t\t\t<\/div>\n\t\t\t\t<\/div>\n\t\t\t\t<div class=\"elementor-element elementor-element-6759c03 elementor-widget elementor-widget-image\" data-id=\"6759c03\" data-element_type=\"widget\" data-e-type=\"widget\" data-widget_type=\"image.default\">\n\t\t\t\t<div class=\"elementor-widget-container\">\n\t\t\t\t\t\t\t\t\t\t\t\t\t\t\t<img loading=\"lazy\" decoding=\"async\" width=\"1024\" height=\"576\" src=\"https:\/\/everydayraquel.com\/wp-content\/uploads\/2022\/09\/Atelier-cartes-postales-1024x576.jpg\" class=\"attachment-large size-large wp-image-4824\" alt=\"\" \/>\t\t\t\t\t\t\t\t\t\t\t\t\t\t\t<\/div>\n\t\t\t\t<\/div>\n\t\t\t\t<div class=\"elementor-element elementor-element-3ef5033 elementor-widget elementor-widget-heading\" data-id=\"3ef5033\" data-element_type=\"widget\" data-e-type=\"widget\" data-widget_type=\"heading.default\">\n\t\t\t\t<div class=\"elementor-widget-container\">\n\t\t\t\t\t<h2 class=\"elementor-heading-title elementor-size-default\">Balades interactives esth\u00e9tiques<\/h2>\t\t\t\t<\/div>\n\t\t\t\t<\/div>\n\t\t\t\t<div class=\"elementor-element elementor-element-7e5a7d0 elementor-widget elementor-widget-image\" data-id=\"7e5a7d0\" data-element_type=\"widget\" data-e-type=\"widget\" data-widget_type=\"image.default\">\n\t\t\t\t<div class=\"elementor-widget-container\">\n\t\t\t\t\t\t\t\t\t\t\t\t\t\t\t<img loading=\"lazy\" decoding=\"async\" width=\"640\" height=\"480\" src=\"https:\/\/everydayraquel.com\/wp-content\/uploads\/2022\/10\/balade-ile-jeanty.jpg\" class=\"attachment-large size-large wp-image-4873\" alt=\"\" srcset=\"https:\/\/everydayraquel.com\/wp-content\/uploads\/2022\/10\/balade-ile-jeanty.jpg 640w, https:\/\/everydayraquel.com\/wp-content\/uploads\/2022\/10\/balade-ile-jeanty-300x225.jpg 300w, https:\/\/everydayraquel.com\/wp-content\/uploads\/2022\/10\/balade-ile-jeanty-600x450.jpg 600w, https:\/\/everydayraquel.com\/wp-content\/uploads\/2022\/10\/balade-ile-jeanty-64x48.jpg 64w, https:\/\/everydayraquel.com\/wp-content\/uploads\/2022\/10\/balade-ile-jeanty-16x12.jpg 16w\" sizes=\"(max-width: 640px) 100vw, 640px\" \/>\t\t\t\t\t\t\t\t\t\t\t\t\t\t\t<\/div>\n\t\t\t\t<\/div>\n\t\t\t\t<div class=\"elementor-element elementor-element-974e41f elementor-widget elementor-widget-text-editor\" data-id=\"974e41f\" data-element_type=\"widget\" data-e-type=\"widget\" data-widget_type=\"text-editor.default\">\n\t\t\t\t<div class=\"elementor-widget-container\">\n\t\t\t\t\t\t\t\t\t<p>L&rsquo;id\u00e9e de cette animation \u00e9tait de cr\u00e9er un circuit avec des lieux d&rsquo;arr\u00eat d\u00e9termin\u00e9s o\u00f9 des activit\u00e9s collectives seraient propos\u00e9es aux participants en rapport au lieu dans lequel ils se trouvent.\u00a0<br \/>Avec la Direction de la Culture nous avons donc imagin\u00e9 deux circuits diff\u00e9rents :<\/p><ul><li><strong>Une balade \u00e0 Petite-Synthe<\/strong>, Partant du quartier du Banc-Vert et allant jusqu&rsquo;au parc du fort de Petite-Synthe<\/li><li><strong>Une balade aux alentours du Carre-de-la-Vieille<\/strong>, partant des r\u00e9sidence de l&rsquo;\u00cele-Jeanty et finissant au Jardin d&rsquo;Eau dans le quartier du Jeu-de-Mail.<\/li><\/ul><p>Une des activit\u00e9s que j&rsquo;ai propos\u00e9 pour chaque balade, c&rsquo;est une s\u00e9ance de r\u00e9cup\u00e9ration d&#8217;empreintes par frottage.<\/p><p>Ci-dessous l&rsquo;exemple de des frottages r\u00e9alis\u00e9s sur les r\u00e9sidences de l&rsquo;\u00cele-Jeanty, un lieu et des b\u00e2timents qui seront prochainement totalement reconstruits :<\/p>\t\t\t\t\t\t\t\t<\/div>\n\t\t\t\t<\/div>\n\t\t\t\t<div class=\"elementor-element elementor-element-99ce683 elementor-widget elementor-widget-image-gallery\" data-id=\"99ce683\" data-element_type=\"widget\" data-e-type=\"widget\" data-widget_type=\"image-gallery.default\">\n\t\t\t\t<div class=\"elementor-widget-container\">\n\t\t\t\t\t\t\t<div class=\"elementor-image-gallery\">\n\t\t\t<div id='gallery-2' class='gallery galleryid-4807 gallery-columns-4 gallery-size-thumbnail'><figure class='gallery-item'>\n\t\t\t<div class='gallery-icon portrait'>\n\t\t\t\t<a data-elementor-open-lightbox=\"yes\" data-elementor-lightbox-slideshow=\"99ce683\" data-elementor-lightbox-title=\"frottage2\" data-e-action-hash=\"#elementor-action%3Aaction%3Dlightbox%26settings%3DeyJpZCI6NDgzMiwidXJsIjoiaHR0cHM6XC9cL2V2ZXJ5ZGF5cmFxdWVsLmNvbVwvd3AtY29udGVudFwvdXBsb2Fkc1wvMjAyMlwvMDlcL2Zyb3R0YWdlMi5qcGciLCJzbGlkZXNob3ciOiI5OWNlNjgzIn0%3D\" href='https:\/\/everydayraquel.com\/wp-content\/uploads\/2022\/09\/frottage2.jpg'><img loading=\"lazy\" width=\"150\" height=\"150\" src=\"https:\/\/everydayraquel.com\/wp-content\/uploads\/2022\/09\/frottage2-150x150.jpg\" class=\"attachment-thumbnail size-thumbnail\" alt=\"\" decoding=\"async\" srcset=\"https:\/\/everydayraquel.com\/wp-content\/uploads\/2022\/09\/frottage2-150x150.jpg 150w, https:\/\/everydayraquel.com\/wp-content\/uploads\/2022\/09\/frottage2-100x100.jpg 100w\" sizes=\"(max-width: 150px) 100vw, 150px\" \/><\/a>\n\t\t\t<\/div><\/figure><figure class='gallery-item'>\n\t\t\t<div class='gallery-icon portrait'>\n\t\t\t\t<a data-elementor-open-lightbox=\"yes\" data-elementor-lightbox-slideshow=\"99ce683\" data-elementor-lightbox-title=\"frottage3\" data-e-action-hash=\"#elementor-action%3Aaction%3Dlightbox%26settings%3DeyJpZCI6NDgzMywidXJsIjoiaHR0cHM6XC9cL2V2ZXJ5ZGF5cmFxdWVsLmNvbVwvd3AtY29udGVudFwvdXBsb2Fkc1wvMjAyMlwvMDlcL2Zyb3R0YWdlMy5qcGciLCJzbGlkZXNob3ciOiI5OWNlNjgzIn0%3D\" href='https:\/\/everydayraquel.com\/wp-content\/uploads\/2022\/09\/frottage3.jpg'><img loading=\"lazy\" width=\"150\" height=\"150\" src=\"https:\/\/everydayraquel.com\/wp-content\/uploads\/2022\/09\/frottage3-150x150.jpg\" class=\"attachment-thumbnail size-thumbnail\" alt=\"\" decoding=\"async\" srcset=\"https:\/\/everydayraquel.com\/wp-content\/uploads\/2022\/09\/frottage3-150x150.jpg 150w, https:\/\/everydayraquel.com\/wp-content\/uploads\/2022\/09\/frottage3-100x100.jpg 100w\" sizes=\"(max-width: 150px) 100vw, 150px\" \/><\/a>\n\t\t\t<\/div><\/figure><figure class='gallery-item'>\n\t\t\t<div class='gallery-icon portrait'>\n\t\t\t\t<a data-elementor-open-lightbox=\"yes\" data-elementor-lightbox-slideshow=\"99ce683\" data-elementor-lightbox-title=\"frottage4\" data-e-action-hash=\"#elementor-action%3Aaction%3Dlightbox%26settings%3DeyJpZCI6NDgzNCwidXJsIjoiaHR0cHM6XC9cL2V2ZXJ5ZGF5cmFxdWVsLmNvbVwvd3AtY29udGVudFwvdXBsb2Fkc1wvMjAyMlwvMDlcL2Zyb3R0YWdlNC5qcGciLCJzbGlkZXNob3ciOiI5OWNlNjgzIn0%3D\" href='https:\/\/everydayraquel.com\/wp-content\/uploads\/2022\/09\/frottage4.jpg'><img loading=\"lazy\" width=\"150\" height=\"150\" src=\"https:\/\/everydayraquel.com\/wp-content\/uploads\/2022\/09\/frottage4-150x150.jpg\" class=\"attachment-thumbnail size-thumbnail\" alt=\"\" decoding=\"async\" srcset=\"https:\/\/everydayraquel.com\/wp-content\/uploads\/2022\/09\/frottage4-150x150.jpg 150w, https:\/\/everydayraquel.com\/wp-content\/uploads\/2022\/09\/frottage4-100x100.jpg 100w\" sizes=\"(max-width: 150px) 100vw, 150px\" \/><\/a>\n\t\t\t<\/div><\/figure><figure class='gallery-item'>\n\t\t\t<div class='gallery-icon portrait'>\n\t\t\t\t<a data-elementor-open-lightbox=\"yes\" data-elementor-lightbox-slideshow=\"99ce683\" data-elementor-lightbox-title=\"frottage1\" data-e-action-hash=\"#elementor-action%3Aaction%3Dlightbox%26settings%3DeyJpZCI6NDgyOCwidXJsIjoiaHR0cHM6XC9cL2V2ZXJ5ZGF5cmFxdWVsLmNvbVwvd3AtY29udGVudFwvdXBsb2Fkc1wvMjAyMlwvMDlcL2Zyb3R0YWdlMS5qcGciLCJzbGlkZXNob3ciOiI5OWNlNjgzIn0%3D\" href='https:\/\/everydayraquel.com\/wp-content\/uploads\/2022\/09\/frottage1.jpg'><img loading=\"lazy\" width=\"150\" height=\"150\" src=\"https:\/\/everydayraquel.com\/wp-content\/uploads\/2022\/09\/frottage1-150x150.jpg\" class=\"attachment-thumbnail size-thumbnail\" alt=\"\" decoding=\"async\" srcset=\"https:\/\/everydayraquel.com\/wp-content\/uploads\/2022\/09\/frottage1-150x150.jpg 150w, https:\/\/everydayraquel.com\/wp-content\/uploads\/2022\/09\/frottage1-100x100.jpg 100w\" sizes=\"(max-width: 150px) 100vw, 150px\" \/><\/a>\n\t\t\t<\/div><\/figure>\n\t\t<\/div>\n\t\t<\/div>\n\t\t\t\t\t\t<\/div>\n\t\t\t\t<\/div>\n\t\t\t\t<div class=\"elementor-element elementor-element-10057ce elementor-widget elementor-widget-image-gallery\" data-id=\"10057ce\" data-element_type=\"widget\" data-e-type=\"widget\" data-widget_type=\"image-gallery.default\">\n\t\t\t\t<div class=\"elementor-widget-container\">\n\t\t\t\t\t\t\t<div class=\"elementor-image-gallery\">\n\t\t\t<div id='gallery-3' class='gallery galleryid-4807 gallery-columns-3 gallery-size-thumbnail'><figure class='gallery-item'>\n\t\t\t<div class='gallery-icon portrait'>\n\t\t\t\t<a data-elementor-open-lightbox=\"yes\" data-elementor-lightbox-slideshow=\"10057ce\" data-elementor-lightbox-title=\"Blade-esthetique-1\" data-e-action-hash=\"#elementor-action%3Aaction%3Dlightbox%26settings%3DeyJpZCI6NDg2NywidXJsIjoiaHR0cHM6XC9cL2V2ZXJ5ZGF5cmFxdWVsLmNvbVwvd3AtY29udGVudFwvdXBsb2Fkc1wvMjAyMlwvMTBcL0JsYWRlLWVzdGhldGlxdWUtMS1lMTY2NTQwNjgzMTQ5Mi5qcGciLCJzbGlkZXNob3ciOiIxMDA1N2NlIn0%3D\" href='https:\/\/everydayraquel.com\/wp-content\/uploads\/2022\/10\/Blade-esthetique-1-e1665406831492.jpg'><img loading=\"lazy\" width=\"150\" height=\"150\" src=\"https:\/\/everydayraquel.com\/wp-content\/uploads\/2022\/10\/Blade-esthetique-1-e1665406831492-150x150.jpg\" class=\"attachment-thumbnail size-thumbnail\" alt=\"\" decoding=\"async\" srcset=\"https:\/\/everydayraquel.com\/wp-content\/uploads\/2022\/10\/Blade-esthetique-1-e1665406831492-150x150.jpg 150w, https:\/\/everydayraquel.com\/wp-content\/uploads\/2022\/10\/Blade-esthetique-1-e1665406831492-100x100.jpg 100w\" sizes=\"(max-width: 150px) 100vw, 150px\" \/><\/a>\n\t\t\t<\/div><\/figure><figure class='gallery-item'>\n\t\t\t<div class='gallery-icon portrait'>\n\t\t\t\t<a data-elementor-open-lightbox=\"yes\" data-elementor-lightbox-slideshow=\"10057ce\" data-elementor-lightbox-title=\"Blade-esthetique-2\" data-e-action-hash=\"#elementor-action%3Aaction%3Dlightbox%26settings%3DeyJpZCI6NDg2OCwidXJsIjoiaHR0cHM6XC9cL2V2ZXJ5ZGF5cmFxdWVsLmNvbVwvd3AtY29udGVudFwvdXBsb2Fkc1wvMjAyMlwvMTBcL0JsYWRlLWVzdGhldGlxdWUtMi1lMTY2NTQwNjg0ODc2NC5qcGciLCJzbGlkZXNob3ciOiIxMDA1N2NlIn0%3D\" href='https:\/\/everydayraquel.com\/wp-content\/uploads\/2022\/10\/Blade-esthetique-2-e1665406848764.jpg'><img loading=\"lazy\" width=\"150\" height=\"150\" src=\"https:\/\/everydayraquel.com\/wp-content\/uploads\/2022\/10\/Blade-esthetique-2-e1665406848764-150x150.jpg\" class=\"attachment-thumbnail size-thumbnail\" alt=\"\" decoding=\"async\" srcset=\"https:\/\/everydayraquel.com\/wp-content\/uploads\/2022\/10\/Blade-esthetique-2-e1665406848764-150x150.jpg 150w, https:\/\/everydayraquel.com\/wp-content\/uploads\/2022\/10\/Blade-esthetique-2-e1665406848764-100x100.jpg 100w\" sizes=\"(max-width: 150px) 100vw, 150px\" \/><\/a>\n\t\t\t<\/div><\/figure><figure class='gallery-item'>\n\t\t\t<div class='gallery-icon portrait'>\n\t\t\t\t<a data-elementor-open-lightbox=\"yes\" data-elementor-lightbox-slideshow=\"10057ce\" data-elementor-lightbox-title=\"Blade-esthetique-3\" data-e-action-hash=\"#elementor-action%3Aaction%3Dlightbox%26settings%3DeyJpZCI6NDg2OSwidXJsIjoiaHR0cHM6XC9cL2V2ZXJ5ZGF5cmFxdWVsLmNvbVwvd3AtY29udGVudFwvdXBsb2Fkc1wvMjAyMlwvMTBcL0JsYWRlLWVzdGhldGlxdWUtMy1lMTY2NTQwNjg3NTk3NS5qcGciLCJzbGlkZXNob3ciOiIxMDA1N2NlIn0%3D\" href='https:\/\/everydayraquel.com\/wp-content\/uploads\/2022\/10\/Blade-esthetique-3-e1665406875975.jpg'><img loading=\"lazy\" width=\"150\" height=\"150\" src=\"https:\/\/everydayraquel.com\/wp-content\/uploads\/2022\/10\/Blade-esthetique-3-e1665406875975-150x150.jpg\" class=\"attachment-thumbnail size-thumbnail\" alt=\"\" decoding=\"async\" srcset=\"https:\/\/everydayraquel.com\/wp-content\/uploads\/2022\/10\/Blade-esthetique-3-e1665406875975-150x150.jpg 150w, https:\/\/everydayraquel.com\/wp-content\/uploads\/2022\/10\/Blade-esthetique-3-e1665406875975-100x100.jpg 100w\" sizes=\"(max-width: 150px) 100vw, 150px\" \/><\/a>\n\t\t\t<\/div><\/figure>\n\t\t<\/div>\n\t\t<\/div>\n\t\t\t\t\t\t<\/div>\n\t\t\t\t<\/div>\n\t\t\t\t<div class=\"elementor-element elementor-element-64b2c8f elementor-widget elementor-widget-text-editor\" data-id=\"64b2c8f\" data-element_type=\"widget\" data-e-type=\"widget\" data-widget_type=\"text-editor.default\">\n\t\t\t\t<div class=\"elementor-widget-container\">\n\t\t\t\t\t\t\t\t\t<p>Cette activit\u00e9 a permis de garder la trace de ces b\u00e2timents qui dans le futur seront remplac\u00e9s par d&rsquo;autres. La texture des murs, l&#8217;empreinte d&rsquo;une sonnette de la r\u00e9sidence, les motifs des briques, et d&rsquo;autres choses encore, sont grav\u00e9s \u00e0 jamais sur des feuilles de papier.\u00a0<\/p><p><span style=\"font-size: 16px; background-color: transparent;\">Tout le long des balades nous avons continu\u00e9 \u00e0 r\u00e9aliser diff\u00e9rentes activit\u00e9s qui rel\u00e8vent du dessin, de du partage et de la collaboration.\u00a0J&rsquo;ai \u00e9galement \u00e9t\u00e9 accompagn\u00e9e par Nicolas Fournier, archiviste au Centre de la M\u00e9moire Urbaine (Archives de Dunkerque) qui a compl\u00e9t\u00e9 les parcours avec des donn\u00e9es historiques des lieux o\u00f9 nous nous sommes arr\u00eat\u00e9s.\u00a0<\/span><\/p><p>Nous avons conclu chaque balade par un savoureux gouter au Fort de Petite-Synthe et au Jardin d&rsquo;Eau du Jeu-de-Mail pr\u00e9par\u00e9 par les dames du R\u00e9galomail.<\/p>\t\t\t\t\t\t\t\t<\/div>\n\t\t\t\t<\/div>\n\t\t\t\t<div class=\"elementor-element elementor-element-f079977 elementor-widget elementor-widget-heading\" data-id=\"f079977\" data-element_type=\"widget\" data-e-type=\"widget\" data-widget_type=\"heading.default\">\n\t\t\t\t<div class=\"elementor-widget-container\">\n\t\t\t\t\t<h2 class=\"elementor-heading-title elementor-size-default\">La restitution<\/h2>\t\t\t\t<\/div>\n\t\t\t\t<\/div>\n\t\t\t\t<div class=\"elementor-element elementor-element-dc00616 elementor-widget elementor-widget-text-editor\" data-id=\"dc00616\" data-element_type=\"widget\" data-e-type=\"widget\" data-widget_type=\"text-editor.default\">\n\t\t\t\t<div class=\"elementor-widget-container\">\n\t\t\t\t\t\t\t\t\t<p>De toutes ces activit\u00e9s et ces balades j&rsquo;ai pu en tirer \u00e9norm\u00e9ment de mati\u00e8re. Toutes les photos, dessins et cr\u00e9ations qui ont \u00e9t\u00e9 produits seront par la suite restitu\u00e9s dans un ouvrage et lors d&rsquo;une exposition qui aura lieu en mi-novembre \u00e0 la BIB de Dunkerque.<\/p><p>Mais cela sera le sujet d&rsquo;un prochain article \ud83d\ude09<\/p>\t\t\t\t\t\t\t\t<\/div>\n\t\t\t\t<\/div>\n\t\t\t\t\t<\/div>\n\t\t<\/div>\n\t\t\t\t\t<\/div>\n\t\t<\/section>\n\t\t\t\t<\/div>","protected":false},"excerpt":{"rendered":"<p>Un projet pour valoriser le patrimoine En Juillet 2022 j&rsquo;a eut le plaisir de faire partie du projet \u00ab\u00a0Apprendre et d\u00e9couvrir en jouant avec Jo &amp; Rosalie\u00a0\u00bb initi\u00e9 par la direction de la Culture et des relations internationales \u00e0 Dunkerque. Plusieurs ateliers cr\u00e9atifs et balades urbaines ont \u00e9t\u00e9 organis\u00e9s pour nourrir ce projet dans les [&hellip;]<\/p>\n","protected":false},"author":1,"featured_media":4863,"comment_status":"open","ping_status":"open","sticky":false,"template":"","format":"standard","meta":{"site-sidebar-layout":"default","site-content-layout":"default","ast-site-content-layout":"default","site-content-style":"default","site-sidebar-style":"default","ast-global-header-display":"","ast-banner-title-visibility":"","ast-main-header-display":"","ast-hfb-above-header-display":"","ast-hfb-below-header-display":"","ast-hfb-mobile-header-display":"","site-post-title":"","ast-breadcrumbs-content":"","ast-featured-img":"","footer-sml-layout":"","ast-disable-related-posts":"","theme-transparent-header-meta":"default","adv-header-id-meta":"","stick-header-meta":"","header-above-stick-meta":"","header-main-stick-meta":"","header-below-stick-meta":"","astra-migrate-meta-layouts":"default","ast-page-background-enabled":"default","ast-page-background-meta":{"desktop":{"background-color":"","background-image":"","background-repeat":"repeat","background-position":"center center","background-size":"auto","background-attachment":"scroll","background-type":"","background-media":"","overlay-type":"","overlay-color":"","overlay-opacity":"","overlay-gradient":""},"tablet":{"background-color":"","background-image":"","background-repeat":"repeat","background-position":"center center","background-size":"auto","background-attachment":"scroll","background-type":"","background-media":"","overlay-type":"","overlay-color":"","overlay-opacity":"","overlay-gradient":""},"mobile":{"background-color":"","background-image":"","background-repeat":"repeat","background-position":"center center","background-size":"auto","background-attachment":"scroll","background-type":"","background-media":"","overlay-type":"","overlay-color":"","overlay-opacity":"","overlay-gradient":""}},"ast-content-background-meta":{"desktop":{"background-color":"var(--ast-global-color-5)","background-image":"","background-repeat":"repeat","background-position":"center center","background-size":"auto","background-attachment":"scroll","background-type":"","background-media":"","overlay-type":"","overlay-color":"","overlay-opacity":"","overlay-gradient":""},"tablet":{"background-color":"var(--ast-global-color-5)","background-image":"","background-repeat":"repeat","background-position":"center center","background-size":"auto","background-attachment":"scroll","background-type":"","background-media":"","overlay-type":"","overlay-color":"","overlay-opacity":"","overlay-gradient":""},"mobile":{"background-color":"var(--ast-global-color-5)","background-image":"","background-repeat":"repeat","background-position":"center center","background-size":"auto","background-attachment":"scroll","background-type":"","background-media":"","overlay-type":"","overlay-color":"","overlay-opacity":"","overlay-gradient":""}},"footnotes":""},"categories":[1],"tags":[],"class_list":["post-4807","post","type-post","status-publish","format-standard","has-post-thumbnail","hentry","category-projets-realisations"],"yoast_head":"<title>Ateliers d&#039;art et balades esth\u00e9tiques \u00e0 Dunkerque &#8211; EverydayRaquel<\/title>\n<meta name=\"robots\" content=\"index, follow, max-snippet:-1, max-image-preview:large, max-video-preview:-1\" \/>\n<link rel=\"canonical\" href=\"https:\/\/everydayraquel.com\/en\/projets-realisations\/ateliers-dart-et-balades-esthetiques-a-dunkerque\/\" \/>\n<meta property=\"og:locale\" content=\"en_GB\" \/>\n<meta property=\"og:type\" content=\"article\" \/>\n<meta property=\"og:title\" content=\"Ateliers d&#039;art et balades esth\u00e9tiques \u00e0 Dunkerque\" \/>\n<meta property=\"og:description\" content=\"Un projet pour valoriser le patrimoine En Juillet 2022 j&rsquo;a eut le plaisir de faire partie du projet \u00ab\u00a0Apprendre et d\u00e9couvrir en jouant avec Jo &amp; Rosalie\u00a0\u00bb initi\u00e9 par la direction de la Culture et des relations internationales \u00e0 Dunkerque. Plusieurs ateliers cr\u00e9atifs et balades urbaines ont \u00e9t\u00e9 organis\u00e9s pour nourrir ce projet dans les [&hellip;]\" \/>\n<meta property=\"og:url\" content=\"https:\/\/everydayraquel.com\/en\/projets-realisations\/ateliers-dart-et-balades-esthetiques-a-dunkerque\/\" \/>\n<meta property=\"og:site_name\" content=\"EverydayRaquel\" \/>\n<meta property=\"article:publisher\" content=\"https:\/\/www.facebook.com\/everydayraquel\/\" \/>\n<meta property=\"article:published_time\" content=\"2022-10-10T13:03:55+00:00\" \/>\n<meta property=\"article:modified_time\" content=\"2022-10-10T13:20:01+00:00\" \/>\n<meta property=\"og:image\" content=\"https:\/\/everydayraquel.com\/wp-content\/uploads\/2022\/10\/Atelier-cartes-postales-e1665406543444.jpg\" \/>\n\t<meta property=\"og:image:width\" content=\"498\" \/>\n\t<meta property=\"og:image:height\" content=\"474\" \/>\n\t<meta property=\"og:image:type\" content=\"image\/jpeg\" \/>\n<meta name=\"author\" content=\"EverydayRaquel\" \/>\n<meta name=\"twitter:card\" content=\"summary_large_image\" \/>\n<meta name=\"twitter:label1\" content=\"Written by\" \/>\n\t<meta name=\"twitter:data1\" content=\"EverydayRaquel\" \/>\n\t<meta name=\"twitter:label2\" content=\"Estimated reading time\" \/>\n\t<meta name=\"twitter:data2\" content=\"6 minutes\" \/>\n<script type=\"application\/ld+json\" class=\"yoast-schema-graph\">{\"@context\":\"https:\/\/schema.org\",\"@graph\":[{\"@type\":\"Article\",\"@id\":\"https:\/\/everydayraquel.com\/projets-realisations\/ateliers-dart-et-balades-esthetiques-a-dunkerque\/#article\",\"isPartOf\":{\"@id\":\"https:\/\/everydayraquel.com\/projets-realisations\/ateliers-dart-et-balades-esthetiques-a-dunkerque\/\"},\"author\":{\"name\":\"EverydayRaquel\",\"@id\":\"https:\/\/everydayraquel.com\/#\/schema\/person\/36d6b01d3007ed58a6b127fc7a55866d\"},\"headline\":\"Ateliers d&rsquo;art et balades esth\u00e9tiques \u00e0 Dunkerque\",\"datePublished\":\"2022-10-10T13:03:55+00:00\",\"dateModified\":\"2022-10-10T13:20:01+00:00\",\"mainEntityOfPage\":{\"@id\":\"https:\/\/everydayraquel.com\/projets-realisations\/ateliers-dart-et-balades-esthetiques-a-dunkerque\/\"},\"wordCount\":583,\"commentCount\":0,\"publisher\":{\"@id\":\"https:\/\/everydayraquel.com\/#organization\"},\"image\":{\"@id\":\"https:\/\/everydayraquel.com\/projets-realisations\/ateliers-dart-et-balades-esthetiques-a-dunkerque\/#primaryimage\"},\"thumbnailUrl\":\"https:\/\/everydayraquel.com\/wp-content\/uploads\/2022\/10\/Atelier-cartes-postales-e1665406543444.jpg\",\"articleSection\":[\"Projets et r\u00e9alisations\"],\"inLanguage\":\"en-GB\",\"potentialAction\":[{\"@type\":\"CommentAction\",\"name\":\"Comment\",\"target\":[\"https:\/\/everydayraquel.com\/projets-realisations\/ateliers-dart-et-balades-esthetiques-a-dunkerque\/#respond\"]}]},{\"@type\":\"WebPage\",\"@id\":\"https:\/\/everydayraquel.com\/projets-realisations\/ateliers-dart-et-balades-esthetiques-a-dunkerque\/\",\"url\":\"https:\/\/everydayraquel.com\/projets-realisations\/ateliers-dart-et-balades-esthetiques-a-dunkerque\/\",\"name\":\"Ateliers d'art et balades esth\u00e9tiques \u00e0 Dunkerque &#8211; EverydayRaquel\",\"isPartOf\":{\"@id\":\"https:\/\/everydayraquel.com\/#website\"},\"primaryImageOfPage\":{\"@id\":\"https:\/\/everydayraquel.com\/projets-realisations\/ateliers-dart-et-balades-esthetiques-a-dunkerque\/#primaryimage\"},\"image\":{\"@id\":\"https:\/\/everydayraquel.com\/projets-realisations\/ateliers-dart-et-balades-esthetiques-a-dunkerque\/#primaryimage\"},\"thumbnailUrl\":\"https:\/\/everydayraquel.com\/wp-content\/uploads\/2022\/10\/Atelier-cartes-postales-e1665406543444.jpg\",\"datePublished\":\"2022-10-10T13:03:55+00:00\",\"dateModified\":\"2022-10-10T13:20:01+00:00\",\"breadcrumb\":{\"@id\":\"https:\/\/everydayraquel.com\/projets-realisations\/ateliers-dart-et-balades-esthetiques-a-dunkerque\/#breadcrumb\"},\"inLanguage\":\"en-GB\",\"potentialAction\":[{\"@type\":\"ReadAction\",\"target\":[\"https:\/\/everydayraquel.com\/projets-realisations\/ateliers-dart-et-balades-esthetiques-a-dunkerque\/\"]}]},{\"@type\":\"ImageObject\",\"inLanguage\":\"en-GB\",\"@id\":\"https:\/\/everydayraquel.com\/projets-realisations\/ateliers-dart-et-balades-esthetiques-a-dunkerque\/#primaryimage\",\"url\":\"https:\/\/everydayraquel.com\/wp-content\/uploads\/2022\/10\/Atelier-cartes-postales-e1665406543444.jpg\",\"contentUrl\":\"https:\/\/everydayraquel.com\/wp-content\/uploads\/2022\/10\/Atelier-cartes-postales-e1665406543444.jpg\",\"width\":498,\"height\":474},{\"@type\":\"BreadcrumbList\",\"@id\":\"https:\/\/everydayraquel.com\/projets-realisations\/ateliers-dart-et-balades-esthetiques-a-dunkerque\/#breadcrumb\",\"itemListElement\":[{\"@type\":\"ListItem\",\"position\":1,\"name\":\"Accueil\",\"item\":\"https:\/\/everydayraquel.com\/\"},{\"@type\":\"ListItem\",\"position\":2,\"name\":\"Projets et r\u00e9alisations\",\"item\":\"https:\/\/everydayraquel.com\/en\/categorie\/projets-realisations\/\"},{\"@type\":\"ListItem\",\"position\":3,\"name\":\"Ateliers d&#8217;art et balades esth\u00e9tiques \u00e0 Dunkerque\"}]},{\"@type\":\"WebSite\",\"@id\":\"https:\/\/everydayraquel.com\/#website\",\"url\":\"https:\/\/everydayraquel.com\/\",\"name\":\"EverydayRaquel Art et Illustration\",\"description\":\"Un jour, un dessin\",\"publisher\":{\"@id\":\"https:\/\/everydayraquel.com\/#organization\"},\"alternateName\":\"Artiste Everyday Raquel\",\"potentialAction\":[{\"@type\":\"SearchAction\",\"target\":{\"@type\":\"EntryPoint\",\"urlTemplate\":\"https:\/\/everydayraquel.com\/?s={search_term_string}\"},\"query-input\":{\"@type\":\"PropertyValueSpecification\",\"valueRequired\":true,\"valueName\":\"search_term_string\"}}],\"inLanguage\":\"en-GB\"},{\"@type\":[\"Organization\",\"Place\",\"ArtGallery\"],\"@id\":\"https:\/\/everydayraquel.com\/#organization\",\"name\":\"Everyday Raquel\",\"alternateName\":\"Raquel Artiste Dunkerque\",\"url\":\"https:\/\/everydayraquel.com\/\",\"logo\":{\"@id\":\"https:\/\/everydayraquel.com\/projets-realisations\/ateliers-dart-et-balades-esthetiques-a-dunkerque\/#local-main-organization-logo\"},\"image\":{\"@id\":\"https:\/\/everydayraquel.com\/projets-realisations\/ateliers-dart-et-balades-esthetiques-a-dunkerque\/#local-main-organization-logo\"},\"sameAs\":[\"https:\/\/www.facebook.com\/everydayraquel\/\",\"https:\/\/www.instagram.com\/everydayraquel\/\"],\"description\":\"Artiste et illustratrice \u00e0 Dunkerque, je r\u00e9alise des dessins personnalis\u00e9s, vente d'affiches et de cadres, dessins du carnaval et des moments du quotidien. Street art, ateliers de dessins collectifs.\",\"legalName\":\"EveryDay Raquel\",\"foundingDate\":\"2020-07-27\",\"numberOfEmployees\":{\"@type\":\"QuantitativeValue\",\"minValue\":\"1\",\"maxValue\":\"10\"},\"address\":{\"@id\":\"https:\/\/everydayraquel.com\/projets-realisations\/ateliers-dart-et-balades-esthetiques-a-dunkerque\/#local-main-place-address\"},\"telephone\":[],\"openingHoursSpecification\":[{\"@type\":\"OpeningHoursSpecification\",\"dayOfWeek\":[\"Monday\",\"Tuesday\",\"Wednesday\",\"Thursday\",\"Friday\"],\"opens\":\"09:30\",\"closes\":\"18:00\"},{\"@type\":\"OpeningHoursSpecification\",\"dayOfWeek\":[\"Saturday\"],\"opens\":\"10:00\",\"closes\":\"12:00\"},{\"@type\":\"OpeningHoursSpecification\",\"dayOfWeek\":[\"Sunday\"],\"opens\":\"00:00\",\"closes\":\"00:00\"}],\"email\":\"contact@everydayraquel.com\",\"areaServed\":\"Dunkerque, Grande-Synthe, Bergues, Calais, Hazebrouck, Lille,\",\"priceRange\":\"$$\",\"currenciesAccepted\":\"Euro\",\"paymentAccepted\":\"CB, liquide, cash, carte bancaire\"},{\"@type\":\"Person\",\"@id\":\"https:\/\/everydayraquel.com\/#\/schema\/person\/36d6b01d3007ed58a6b127fc7a55866d\",\"name\":\"EverydayRaquel\",\"image\":{\"@type\":\"ImageObject\",\"inLanguage\":\"en-GB\",\"@id\":\"https:\/\/everydayraquel.com\/#\/schema\/person\/image\/\",\"url\":\"https:\/\/secure.gravatar.com\/avatar\/5e2617d86765c986f856f878f916c1b8fb4e0b31779b30aa04c29ee1c10a7276?s=96&d=mm&r=g\",\"contentUrl\":\"https:\/\/secure.gravatar.com\/avatar\/5e2617d86765c986f856f878f916c1b8fb4e0b31779b30aa04c29ee1c10a7276?s=96&d=mm&r=g\",\"caption\":\"EverydayRaquel\"}},{\"@type\":\"PostalAddress\",\"@id\":\"https:\/\/everydayraquel.com\/projets-realisations\/ateliers-dart-et-balades-esthetiques-a-dunkerque\/#local-main-place-address\",\"streetAddress\":\"Rue Winston Churchill\",\"addressLocality\":\"Dunkerque\",\"postalCode\":\"59240\",\"addressCountry\":\"FR\"},{\"@type\":\"ImageObject\",\"inLanguage\":\"en-GB\",\"@id\":\"https:\/\/everydayraquel.com\/projets-realisations\/ateliers-dart-et-balades-esthetiques-a-dunkerque\/#local-main-organization-logo\",\"url\":\"https:\/\/everydayraquel.com\/wp-content\/uploads\/2020\/11\/everydayraquel_logo_mirroir.png\",\"contentUrl\":\"https:\/\/everydayraquel.com\/wp-content\/uploads\/2020\/11\/everydayraquel_logo_mirroir.png\",\"width\":670,\"height\":290,\"caption\":\"Everyday Raquel\"}]}<\/script>\n<meta name=\"geo.placename\" content=\"Dunkerque\" \/>\n<meta name=\"geo.region\" content=\"France\" \/>","yoast_head_json":{"title":"Ateliers d'art et balades esth\u00e9tiques \u00e0 Dunkerque &#8211; EverydayRaquel","robots":{"index":"index","follow":"follow","max-snippet":"max-snippet:-1","max-image-preview":"max-image-preview:large","max-video-preview":"max-video-preview:-1"},"canonical":"https:\/\/everydayraquel.com\/en\/projets-realisations\/ateliers-dart-et-balades-esthetiques-a-dunkerque\/","og_locale":"en_GB","og_type":"article","og_title":"Ateliers d'art et balades esth\u00e9tiques \u00e0 Dunkerque","og_description":"Un projet pour valoriser le patrimoine En Juillet 2022 j&rsquo;a eut le plaisir de faire partie du projet \u00ab\u00a0Apprendre et d\u00e9couvrir en jouant avec Jo &amp; Rosalie\u00a0\u00bb initi\u00e9 par la direction de la Culture et des relations internationales \u00e0 Dunkerque. Plusieurs ateliers cr\u00e9atifs et balades urbaines ont \u00e9t\u00e9 organis\u00e9s pour nourrir ce projet dans les [&hellip;]","og_url":"https:\/\/everydayraquel.com\/en\/projets-realisations\/ateliers-dart-et-balades-esthetiques-a-dunkerque\/","og_site_name":"EverydayRaquel","article_publisher":"https:\/\/www.facebook.com\/everydayraquel\/","article_published_time":"2022-10-10T13:03:55+00:00","article_modified_time":"2022-10-10T13:20:01+00:00","og_image":[{"width":498,"height":474,"url":"https:\/\/everydayraquel.com\/wp-content\/uploads\/2022\/10\/Atelier-cartes-postales-e1665406543444.jpg","type":"image\/jpeg"}],"author":"EverydayRaquel","twitter_card":"summary_large_image","twitter_misc":{"Written by":"EverydayRaquel","Estimated reading time":"6 minutes"},"schema":{"@context":"https:\/\/schema.org","@graph":[{"@type":"Article","@id":"https:\/\/everydayraquel.com\/projets-realisations\/ateliers-dart-et-balades-esthetiques-a-dunkerque\/#article","isPartOf":{"@id":"https:\/\/everydayraquel.com\/projets-realisations\/ateliers-dart-et-balades-esthetiques-a-dunkerque\/"},"author":{"name":"EverydayRaquel","@id":"https:\/\/everydayraquel.com\/#\/schema\/person\/36d6b01d3007ed58a6b127fc7a55866d"},"headline":"Ateliers d&rsquo;art et balades esth\u00e9tiques \u00e0 Dunkerque","datePublished":"2022-10-10T13:03:55+00:00","dateModified":"2022-10-10T13:20:01+00:00","mainEntityOfPage":{"@id":"https:\/\/everydayraquel.com\/projets-realisations\/ateliers-dart-et-balades-esthetiques-a-dunkerque\/"},"wordCount":583,"commentCount":0,"publisher":{"@id":"https:\/\/everydayraquel.com\/#organization"},"image":{"@id":"https:\/\/everydayraquel.com\/projets-realisations\/ateliers-dart-et-balades-esthetiques-a-dunkerque\/#primaryimage"},"thumbnailUrl":"https:\/\/everydayraquel.com\/wp-content\/uploads\/2022\/10\/Atelier-cartes-postales-e1665406543444.jpg","articleSection":["Projets et r\u00e9alisations"],"inLanguage":"en-GB","potentialAction":[{"@type":"CommentAction","name":"Comment","target":["https:\/\/everydayraquel.com\/projets-realisations\/ateliers-dart-et-balades-esthetiques-a-dunkerque\/#respond"]}]},{"@type":"WebPage","@id":"https:\/\/everydayraquel.com\/projets-realisations\/ateliers-dart-et-balades-esthetiques-a-dunkerque\/","url":"https:\/\/everydayraquel.com\/projets-realisations\/ateliers-dart-et-balades-esthetiques-a-dunkerque\/","name":"Ateliers d'art et balades esth\u00e9tiques \u00e0 Dunkerque &#8211; EverydayRaquel","isPartOf":{"@id":"https:\/\/everydayraquel.com\/#website"},"primaryImageOfPage":{"@id":"https:\/\/everydayraquel.com\/projets-realisations\/ateliers-dart-et-balades-esthetiques-a-dunkerque\/#primaryimage"},"image":{"@id":"https:\/\/everydayraquel.com\/projets-realisations\/ateliers-dart-et-balades-esthetiques-a-dunkerque\/#primaryimage"},"thumbnailUrl":"https:\/\/everydayraquel.com\/wp-content\/uploads\/2022\/10\/Atelier-cartes-postales-e1665406543444.jpg","datePublished":"2022-10-10T13:03:55+00:00","dateModified":"2022-10-10T13:20:01+00:00","breadcrumb":{"@id":"https:\/\/everydayraquel.com\/projets-realisations\/ateliers-dart-et-balades-esthetiques-a-dunkerque\/#breadcrumb"},"inLanguage":"en-GB","potentialAction":[{"@type":"ReadAction","target":["https:\/\/everydayraquel.com\/projets-realisations\/ateliers-dart-et-balades-esthetiques-a-dunkerque\/"]}]},{"@type":"ImageObject","inLanguage":"en-GB","@id":"https:\/\/everydayraquel.com\/projets-realisations\/ateliers-dart-et-balades-esthetiques-a-dunkerque\/#primaryimage","url":"https:\/\/everydayraquel.com\/wp-content\/uploads\/2022\/10\/Atelier-cartes-postales-e1665406543444.jpg","contentUrl":"https:\/\/everydayraquel.com\/wp-content\/uploads\/2022\/10\/Atelier-cartes-postales-e1665406543444.jpg","width":498,"height":474},{"@type":"BreadcrumbList","@id":"https:\/\/everydayraquel.com\/projets-realisations\/ateliers-dart-et-balades-esthetiques-a-dunkerque\/#breadcrumb","itemListElement":[{"@type":"ListItem","position":1,"name":"Accueil","item":"https:\/\/everydayraquel.com\/"},{"@type":"ListItem","position":2,"name":"Projets et r\u00e9alisations","item":"https:\/\/everydayraquel.com\/en\/categorie\/projets-realisations\/"},{"@type":"ListItem","position":3,"name":"Ateliers d&#8217;art et balades esth\u00e9tiques \u00e0 Dunkerque"}]},{"@type":"WebSite","@id":"https:\/\/everydayraquel.com\/#website","url":"https:\/\/everydayraquel.com\/","name":"EverydayRaquel Art et Illustration","description":"Un jour, un dessin","publisher":{"@id":"https:\/\/everydayraquel.com\/#organization"},"alternateName":"Artiste Everyday Raquel","potentialAction":[{"@type":"SearchAction","target":{"@type":"EntryPoint","urlTemplate":"https:\/\/everydayraquel.com\/?s={search_term_string}"},"query-input":{"@type":"PropertyValueSpecification","valueRequired":true,"valueName":"search_term_string"}}],"inLanguage":"en-GB"},{"@type":["Organization","Place","ArtGallery"],"@id":"https:\/\/everydayraquel.com\/#organization","name":"Everyday Raquel","alternateName":"Raquel Artiste Dunkerque","url":"https:\/\/everydayraquel.com\/","logo":{"@id":"https:\/\/everydayraquel.com\/projets-realisations\/ateliers-dart-et-balades-esthetiques-a-dunkerque\/#local-main-organization-logo"},"image":{"@id":"https:\/\/everydayraquel.com\/projets-realisations\/ateliers-dart-et-balades-esthetiques-a-dunkerque\/#local-main-organization-logo"},"sameAs":["https:\/\/www.facebook.com\/everydayraquel\/","https:\/\/www.instagram.com\/everydayraquel\/"],"description":"Artiste et illustratrice \u00e0 Dunkerque, je r\u00e9alise des dessins personnalis\u00e9s, vente d'affiches et de cadres, dessins du carnaval et des moments du quotidien. Street art, ateliers de dessins collectifs.","legalName":"EveryDay Raquel","foundingDate":"2020-07-27","numberOfEmployees":{"@type":"QuantitativeValue","minValue":"1","maxValue":"10"},"address":{"@id":"https:\/\/everydayraquel.com\/projets-realisations\/ateliers-dart-et-balades-esthetiques-a-dunkerque\/#local-main-place-address"},"telephone":[],"openingHoursSpecification":[{"@type":"OpeningHoursSpecification","dayOfWeek":["Monday","Tuesday","Wednesday","Thursday","Friday"],"opens":"09:30","closes":"18:00"},{"@type":"OpeningHoursSpecification","dayOfWeek":["Saturday"],"opens":"10:00","closes":"12:00"},{"@type":"OpeningHoursSpecification","dayOfWeek":["Sunday"],"opens":"00:00","closes":"00:00"}],"email":"contact@everydayraquel.com","areaServed":"Dunkerque, Grande-Synthe, Bergues, Calais, Hazebrouck, Lille,","priceRange":"$$","currenciesAccepted":"Euro","paymentAccepted":"CB, liquide, cash, carte bancaire"},{"@type":"Person","@id":"https:\/\/everydayraquel.com\/#\/schema\/person\/36d6b01d3007ed58a6b127fc7a55866d","name":"EverydayRaquel","image":{"@type":"ImageObject","inLanguage":"en-GB","@id":"https:\/\/everydayraquel.com\/#\/schema\/person\/image\/","url":"https:\/\/secure.gravatar.com\/avatar\/5e2617d86765c986f856f878f916c1b8fb4e0b31779b30aa04c29ee1c10a7276?s=96&d=mm&r=g","contentUrl":"https:\/\/secure.gravatar.com\/avatar\/5e2617d86765c986f856f878f916c1b8fb4e0b31779b30aa04c29ee1c10a7276?s=96&d=mm&r=g","caption":"EverydayRaquel"}},{"@type":"PostalAddress","@id":"https:\/\/everydayraquel.com\/projets-realisations\/ateliers-dart-et-balades-esthetiques-a-dunkerque\/#local-main-place-address","streetAddress":"Rue Winston Churchill","addressLocality":"Dunkerque","postalCode":"59240","addressCountry":"FR"},{"@type":"ImageObject","inLanguage":"en-GB","@id":"https:\/\/everydayraquel.com\/projets-realisations\/ateliers-dart-et-balades-esthetiques-a-dunkerque\/#local-main-organization-logo","url":"https:\/\/everydayraquel.com\/wp-content\/uploads\/2020\/11\/everydayraquel_logo_mirroir.png","contentUrl":"https:\/\/everydayraquel.com\/wp-content\/uploads\/2020\/11\/everydayraquel_logo_mirroir.png","width":670,"height":290,"caption":"Everyday Raquel"}]},"geo.placename":"Dunkerque","geo.region":"France"},"_links":{"self":[{"href":"https:\/\/everydayraquel.com\/en\/wp-json\/wp\/v2\/posts\/4807","targetHints":{"allow":["GET"]}}],"collection":[{"href":"https:\/\/everydayraquel.com\/en\/wp-json\/wp\/v2\/posts"}],"about":[{"href":"https:\/\/everydayraquel.com\/en\/wp-json\/wp\/v2\/types\/post"}],"author":[{"embeddable":true,"href":"https:\/\/everydayraquel.com\/en\/wp-json\/wp\/v2\/users\/1"}],"replies":[{"embeddable":true,"href":"https:\/\/everydayraquel.com\/en\/wp-json\/wp\/v2\/comments?post=4807"}],"version-history":[{"count":0,"href":"https:\/\/everydayraquel.com\/en\/wp-json\/wp\/v2\/posts\/4807\/revisions"}],"wp:featuredmedia":[{"embeddable":true,"href":"https:\/\/everydayraquel.com\/en\/wp-json\/wp\/v2\/media\/4863"}],"wp:attachment":[{"href":"https:\/\/everydayraquel.com\/en\/wp-json\/wp\/v2\/media?parent=4807"}],"wp:term":[{"taxonomy":"category","embeddable":true,"href":"https:\/\/everydayraquel.com\/en\/wp-json\/wp\/v2\/categories?post=4807"},{"taxonomy":"post_tag","embeddable":true,"href":"https:\/\/everydayraquel.com\/en\/wp-json\/wp\/v2\/tags?post=4807"}],"curies":[{"name":"wp","href":"https:\/\/api.w.org\/{rel}","templated":true}]}}