{"id":4500,"date":"2022-07-05T19:10:00","date_gmt":"2022-07-05T17:10:00","guid":{"rendered":"https:\/\/everydayraquel.com\/?p=4500"},"modified":"2022-09-30T18:21:13","modified_gmt":"2022-09-30T16:21:13","slug":"une-belle-vitrine-dete-pour-le-cottage-des-flandres","status":"publish","type":"post","link":"https:\/\/everydayraquel.com\/en\/projets-realisations\/une-belle-vitrine-dete-pour-le-cottage-des-flandres\/","title":{"rendered":"Une belle vitrine d&rsquo;\u00e9t\u00e9 pour Le Cottage des Flandres"},"content":{"rendered":"<div data-elementor-type=\"wp-post\" data-elementor-id=\"4500\" class=\"elementor elementor-4500\" data-elementor-post-type=\"post\">\n\t\t\t\t\t\t<section class=\"elementor-section elementor-top-section elementor-element elementor-element-6def066 elementor-section-boxed elementor-section-height-default elementor-section-height-default\" data-id=\"6def066\" data-element_type=\"section\" data-e-type=\"section\">\n\t\t\t\t\t\t<div class=\"elementor-container elementor-column-gap-default\">\n\t\t\t\t\t<div class=\"elementor-column elementor-col-100 elementor-top-column elementor-element elementor-element-4a6a4f73\" data-id=\"4a6a4f73\" data-element_type=\"column\" data-e-type=\"column\">\n\t\t\t<div class=\"elementor-widget-wrap elementor-element-populated\">\n\t\t\t\t\t\t<div class=\"elementor-element elementor-element-819c95f elementor-widget elementor-widget-heading\" data-id=\"819c95f\" data-element_type=\"widget\" data-e-type=\"widget\" data-widget_type=\"heading.default\">\n\t\t\t\t<div class=\"elementor-widget-container\">\n\t\t\t\t\t<h2 class=\"elementor-heading-title elementor-size-default\">Un projet r\u00e9alis\u00e9 en collaboration avec Le Cottage Social des Flandres<\/h2>\t\t\t\t<\/div>\n\t\t\t\t<\/div>\n\t\t\t\t<div class=\"elementor-element elementor-element-657713d elementor-widget elementor-widget-text-editor\" data-id=\"657713d\" data-element_type=\"widget\" data-e-type=\"widget\" data-widget_type=\"text-editor.default\">\n\t\t\t\t<div class=\"elementor-widget-container\">\n\t\t\t\t\t\t\t\t\t<p>Les grandes vacances d&rsquo;\u00e9t\u00e9 sont l\u00e0 !<br \/>Et je suis super heureuse de vous pr\u00e9senter mon plus grand dessin jusque maintenant. Il sera visible pendant tout l&rsquo;\u00e9t\u00e9 2022 sur la grande vitrine face \u00e0 la Place de la R\u00e9publique \u00e0 Dunkerque. Ce projet de\u00a03m de hauteur et 7 m de large \u00e0 pour objectif d\u00e9corer les locaux du <a href=\"https:\/\/www.cottage.fr\/\">Cottage<\/a>.<\/p>\t\t\t\t\t\t\t\t<\/div>\n\t\t\t\t<\/div>\n\t\t\t\t<div class=\"elementor-element elementor-element-fb72bae elementor-widget elementor-widget-heading\" data-id=\"fb72bae\" data-element_type=\"widget\" data-e-type=\"widget\" data-widget_type=\"heading.default\">\n\t\t\t\t<div class=\"elementor-widget-container\">\n\t\t\t\t\t<h2 class=\"elementor-heading-title elementor-size-default\">La r\u00e9alisation du dessin<\/h2>\t\t\t\t<\/div>\n\t\t\t\t<\/div>\n\t\t\t\t<div class=\"elementor-element elementor-element-eebfc5f elementor-widget elementor-widget-text-editor\" data-id=\"eebfc5f\" data-element_type=\"widget\" data-e-type=\"widget\" data-widget_type=\"text-editor.default\">\n\t\t\t\t<div class=\"elementor-widget-container\">\n\t\t\t\t\t\t\t\t\t<p>Pour r\u00e9aliser ce projet j\u2019ai commenc\u00e9 par un premier dessin \u00e0 la main ; par la suite, je l\u2019ai num\u00e9ris\u00e9 et transform\u00e9 en dessin v\u00e9ctoriel. Cette technique permet d\u2019agrandir autant que souhait\u00e9 n\u2019importe quel dessin sans perdre la qualit\u00e9 du trac\u00e9 et la saturation des couleurs.<\/p>\t\t\t\t\t\t\t\t<\/div>\n\t\t\t\t<\/div>\n\t\t\t\t<div class=\"elementor-element elementor-element-bc83dc2 elementor-widget elementor-widget-image\" data-id=\"bc83dc2\" data-element_type=\"widget\" data-e-type=\"widget\" data-widget_type=\"image.default\">\n\t\t\t\t<div class=\"elementor-widget-container\">\n\t\t\t\t\t\t\t\t\t\t\t\t<figure class=\"wp-caption\">\n\t\t\t\t\t\t\t\t\t\t\t<a href=\"https:\/\/everydayraquel.com\/wp-content\/uploads\/2022\/07\/Premier-Croquis-vitrine.jpg\" data-elementor-open-lightbox=\"yes\" data-elementor-lightbox-title=\"Premier Croquis vitrine\" data-e-action-hash=\"#elementor-action%3Aaction%3Dlightbox%26settings%3DeyJpZCI6NDUwNywidXJsIjoiaHR0cHM6XC9cL2V2ZXJ5ZGF5cmFxdWVsLmNvbVwvd3AtY29udGVudFwvdXBsb2Fkc1wvMjAyMlwvMDdcL1ByZW1pZXItQ3JvcXVpcy12aXRyaW5lLmpwZyJ9\">\n\t\t\t\t\t\t\t<img fetchpriority=\"high\" decoding=\"async\" width=\"1024\" height=\"450\" src=\"https:\/\/everydayraquel.com\/wp-content\/uploads\/2022\/07\/Premier-Croquis-vitrine-1024x450.jpg\" class=\"attachment-large size-large wp-image-4507\" alt=\"\" srcset=\"https:\/\/everydayraquel.com\/wp-content\/uploads\/2022\/07\/Premier-Croquis-vitrine-1024x450.jpg 1024w, https:\/\/everydayraquel.com\/wp-content\/uploads\/2022\/07\/Premier-Croquis-vitrine-300x132.jpg 300w, https:\/\/everydayraquel.com\/wp-content\/uploads\/2022\/07\/Premier-Croquis-vitrine-600x264.jpg 600w, https:\/\/everydayraquel.com\/wp-content\/uploads\/2022\/07\/Premier-Croquis-vitrine-64x28.jpg 64w, https:\/\/everydayraquel.com\/wp-content\/uploads\/2022\/07\/Premier-Croquis-vitrine-768x337.jpg 768w, https:\/\/everydayraquel.com\/wp-content\/uploads\/2022\/07\/Premier-Croquis-vitrine-18x8.jpg 18w, https:\/\/everydayraquel.com\/wp-content\/uploads\/2022\/07\/Premier-Croquis-vitrine.jpg 1200w\" sizes=\"(max-width: 1024px) 100vw, 1024px\" \/>\t\t\t\t\t\t\t\t<\/a>\n\t\t\t\t\t\t\t\t\t\t\t<figcaption class=\"widget-image-caption wp-caption-text\">Croquis pr\u00e9paratoire pour la r\u00e9alisation de ce projet.<\/figcaption>\n\t\t\t\t\t\t\t\t\t\t<\/figure>\n\t\t\t\t\t\t\t\t\t<\/div>\n\t\t\t\t<\/div>\n\t\t\t\t<div class=\"elementor-element elementor-element-e027d50 elementor-widget elementor-widget-text-editor\" data-id=\"e027d50\" data-element_type=\"widget\" data-e-type=\"widget\" data-widget_type=\"text-editor.default\">\n\t\t\t\t<div class=\"elementor-widget-container\">\n\t\t\t\t\t\t\t\t\t<p>Pour r\u00e9pondre \u00e0 la th\u00e9matique demand\u00e9e \u201cLes vacances d\u2019\u00e9t\u00e9\u201d j\u2019ai repris plusieurs \u00e9l\u00e9ments du paysage Dunkerquois tels que Le Feu de Saint-Pol, Le Phare de Dunkerque, La statue de Jean-Bart, les cabines de plage \u00e0 Malo-les-Bains, les frites, les glaces, la plage\u2026 Je me suis inspir\u00e9e de tout ce qui peut rappeler les vacances \u00e0 Dunkerque. Tout cela m\u2019as permis de former une grande composition color\u00e9e et pleine de de joie. Si vous souhaitez en savoir plus sur les points rep\u00e8res de Dunkerque et les diff\u00e9rentes activit\u00e9s que propose la ville n&rsquo;h\u00e9sitez pas \u00e0 consulter le site de <a href=\"https:\/\/www.dunkerque-tourisme.fr\/\">l&rsquo;Office du tourisme.<\/a><\/p>\t\t\t\t\t\t\t\t<\/div>\n\t\t\t\t<\/div>\n\t\t\t\t<div class=\"elementor-element elementor-element-e82151f elementor-widget elementor-widget-image\" data-id=\"e82151f\" data-element_type=\"widget\" data-e-type=\"widget\" data-widget_type=\"image.default\">\n\t\t\t\t<div class=\"elementor-widget-container\">\n\t\t\t\t\t\t\t\t\t\t\t\t<figure class=\"wp-caption\">\n\t\t\t\t\t\t\t\t\t\t\t<a href=\"https:\/\/everydayraquel.com\/wp-content\/uploads\/2022\/07\/Vitrine_du_Cottage.jpg\" data-elementor-open-lightbox=\"yes\" data-elementor-lightbox-title=\"Vitrine du Cottage des Flandres\" data-e-action-hash=\"#elementor-action%3Aaction%3Dlightbox%26settings%3DeyJpZCI6NDUwNiwidXJsIjoiaHR0cHM6XC9cL2V2ZXJ5ZGF5cmFxdWVsLmNvbVwvd3AtY29udGVudFwvdXBsb2Fkc1wvMjAyMlwvMDdcL1ZpdHJpbmVfZHVfQ290dGFnZS5qcGcifQ%3D%3D\">\n\t\t\t\t\t\t\t<img decoding=\"async\" width=\"1024\" height=\"576\" src=\"https:\/\/everydayraquel.com\/wp-content\/uploads\/2022\/07\/Vitrine_du_Cottage-1024x576.jpg\" class=\"attachment-large size-large wp-image-4506\" alt=\"\" srcset=\"https:\/\/everydayraquel.com\/wp-content\/uploads\/2022\/07\/Vitrine_du_Cottage-1024x576.jpg 1024w, https:\/\/everydayraquel.com\/wp-content\/uploads\/2022\/07\/Vitrine_du_Cottage-300x169.jpg 300w, https:\/\/everydayraquel.com\/wp-content\/uploads\/2022\/07\/Vitrine_du_Cottage-600x338.jpg 600w, https:\/\/everydayraquel.com\/wp-content\/uploads\/2022\/07\/Vitrine_du_Cottage-64x36.jpg 64w, https:\/\/everydayraquel.com\/wp-content\/uploads\/2022\/07\/Vitrine_du_Cottage-768x432.jpg 768w, https:\/\/everydayraquel.com\/wp-content\/uploads\/2022\/07\/Vitrine_du_Cottage-18x10.jpg 18w, https:\/\/everydayraquel.com\/wp-content\/uploads\/2022\/07\/Vitrine_du_Cottage.jpg 1200w\" sizes=\"(max-width: 1024px) 100vw, 1024px\" \/>\t\t\t\t\t\t\t\t<\/a>\n\t\t\t\t\t\t\t\t\t\t\t<figcaption class=\"widget-image-caption wp-caption-text\">Vitrine des locaux du Cottage des Flandres situ\u00e9e sur la Place de la R\u00e9publique \u00e0 Dunkerque.<\/figcaption>\n\t\t\t\t\t\t\t\t\t\t<\/figure>\n\t\t\t\t\t\t\t\t\t<\/div>\n\t\t\t\t<\/div>\n\t\t\t\t<div class=\"elementor-element elementor-element-56e2577 elementor-widget elementor-widget-text-editor\" data-id=\"56e2577\" data-element_type=\"widget\" data-e-type=\"widget\" data-widget_type=\"text-editor.default\">\n\t\t\t\t<div class=\"elementor-widget-container\">\n\t\t\t\t\t\t\t\t\t<p>Merci au <a href=\"https:\/\/www.facebook.com\/Le-Cottage-Social-des-Flandres-113262397042997\">Cottage<\/a> pour m&rsquo;avoir confi\u00e9 ce projet d&rsquo;illustration grand format ! C&rsquo;\u00e9tait un plaisir de dessiner pour vous. Et bonnes vacances d\u2019\u00e9t\u00e9 \u00e0 tous !<\/p>\t\t\t\t\t\t\t\t<\/div>\n\t\t\t\t<\/div>\n\t\t\t\t\t<\/div>\n\t\t<\/div>\n\t\t\t\t\t<\/div>\n\t\t<\/section>\n\t\t\t\t<\/div>","protected":false},"excerpt":{"rendered":"<p>Un projet r\u00e9alis\u00e9 en collaboration avec Le Cottage Social des Flandres Les grandes vacances d&rsquo;\u00e9t\u00e9 sont l\u00e0 !Et je suis super heureuse de vous pr\u00e9senter mon plus grand dessin jusque maintenant. Il sera visible pendant tout l&rsquo;\u00e9t\u00e9 2022 sur la grande vitrine face \u00e0 la Place de la R\u00e9publique \u00e0 Dunkerque. Ce projet de\u00a03m de [&hellip;]<\/p>\n","protected":false},"author":1,"featured_media":4508,"comment_status":"open","ping_status":"open","sticky":false,"template":"","format":"standard","meta":{"site-sidebar-layout":"default","site-content-layout":"default","ast-site-content-layout":"default","site-content-style":"default","site-sidebar-style":"default","ast-global-header-display":"","ast-banner-title-visibility":"","ast-main-header-display":"","ast-hfb-above-header-display":"","ast-hfb-below-header-display":"","ast-hfb-mobile-header-display":"","site-post-title":"","ast-breadcrumbs-content":"","ast-featured-img":"","footer-sml-layout":"","ast-disable-related-posts":"","theme-transparent-header-meta":"default","adv-header-id-meta":"","stick-header-meta":"","header-above-stick-meta":"","header-main-stick-meta":"","header-below-stick-meta":"","astra-migrate-meta-layouts":"default","ast-page-background-enabled":"default","ast-page-background-meta":{"desktop":{"background-color":"","background-image":"","background-repeat":"repeat","background-position":"center center","background-size":"auto","background-attachment":"scroll","background-type":"","background-media":"","overlay-type":"","overlay-color":"","overlay-opacity":"","overlay-gradient":""},"tablet":{"background-color":"","background-image":"","background-repeat":"repeat","background-position":"center center","background-size":"auto","background-attachment":"scroll","background-type":"","background-media":"","overlay-type":"","overlay-color":"","overlay-opacity":"","overlay-gradient":""},"mobile":{"background-color":"","background-image":"","background-repeat":"repeat","background-position":"center center","background-size":"auto","background-attachment":"scroll","background-type":"","background-media":"","overlay-type":"","overlay-color":"","overlay-opacity":"","overlay-gradient":""}},"ast-content-background-meta":{"desktop":{"background-color":"var(--ast-global-color-5)","background-image":"","background-repeat":"repeat","background-position":"center center","background-size":"auto","background-attachment":"scroll","background-type":"","background-media":"","overlay-type":"","overlay-color":"","overlay-opacity":"","overlay-gradient":""},"tablet":{"background-color":"var(--ast-global-color-5)","background-image":"","background-repeat":"repeat","background-position":"center center","background-size":"auto","background-attachment":"scroll","background-type":"","background-media":"","overlay-type":"","overlay-color":"","overlay-opacity":"","overlay-gradient":""},"mobile":{"background-color":"var(--ast-global-color-5)","background-image":"","background-repeat":"repeat","background-position":"center center","background-size":"auto","background-attachment":"scroll","background-type":"","background-media":"","overlay-type":"","overlay-color":"","overlay-opacity":"","overlay-gradient":""}},"footnotes":""},"categories":[1],"tags":[],"class_list":["post-4500","post","type-post","status-publish","format-standard","has-post-thumbnail","hentry","category-projets-realisations"],"yoast_head":"<title>Une belle vitrine d&#039;\u00e9t\u00e9 pour Le Cottage des Flandres &#8211; EverydayRaquel<\/title>\n<meta name=\"robots\" content=\"index, follow, max-snippet:-1, max-image-preview:large, max-video-preview:-1\" \/>\n<link rel=\"canonical\" href=\"https:\/\/everydayraquel.com\/en\/projets-realisations\/une-belle-vitrine-dete-pour-le-cottage-des-flandres\/\" \/>\n<meta property=\"og:locale\" content=\"en_GB\" \/>\n<meta property=\"og:type\" content=\"article\" \/>\n<meta property=\"og:title\" content=\"Une belle vitrine d&#039;\u00e9t\u00e9 pour Le Cottage des Flandres\" \/>\n<meta property=\"og:description\" content=\"Un projet r\u00e9alis\u00e9 en collaboration avec Le Cottage Social des Flandres Les grandes vacances d&rsquo;\u00e9t\u00e9 sont l\u00e0 !Et je suis super heureuse de vous pr\u00e9senter mon plus grand dessin jusque maintenant. Il sera visible pendant tout l&rsquo;\u00e9t\u00e9 2022 sur la grande vitrine face \u00e0 la Place de la R\u00e9publique \u00e0 Dunkerque. Ce projet de\u00a03m de [&hellip;]\" \/>\n<meta property=\"og:url\" content=\"https:\/\/everydayraquel.com\/en\/projets-realisations\/une-belle-vitrine-dete-pour-le-cottage-des-flandres\/\" \/>\n<meta property=\"og:site_name\" content=\"EverydayRaquel\" \/>\n<meta property=\"article:publisher\" content=\"https:\/\/www.facebook.com\/everydayraquel\/\" \/>\n<meta property=\"article:published_time\" content=\"2022-07-05T17:10:00+00:00\" \/>\n<meta property=\"article:modified_time\" content=\"2022-09-30T16:21:13+00:00\" \/>\n<meta property=\"og:image\" content=\"https:\/\/everydayraquel.com\/wp-content\/uploads\/2022\/07\/vitrine_place_de_la_republique.jpg\" \/>\n\t<meta property=\"og:image:width\" content=\"1200\" \/>\n\t<meta property=\"og:image:height\" content=\"675\" \/>\n\t<meta property=\"og:image:type\" content=\"image\/jpeg\" \/>\n<meta name=\"author\" content=\"EverydayRaquel\" \/>\n<meta name=\"twitter:card\" content=\"summary_large_image\" \/>\n<meta name=\"twitter:label1\" content=\"Written by\" \/>\n\t<meta name=\"twitter:data1\" content=\"EverydayRaquel\" \/>\n\t<meta name=\"twitter:label2\" content=\"Estimated reading time\" \/>\n\t<meta name=\"twitter:data2\" content=\"2 minutes\" \/>\n<script type=\"application\/ld+json\" class=\"yoast-schema-graph\">{\"@context\":\"https:\/\/schema.org\",\"@graph\":[{\"@type\":\"Article\",\"@id\":\"https:\/\/everydayraquel.com\/projets-realisations\/une-belle-vitrine-dete-pour-le-cottage-des-flandres\/#article\",\"isPartOf\":{\"@id\":\"https:\/\/everydayraquel.com\/projets-realisations\/une-belle-vitrine-dete-pour-le-cottage-des-flandres\/\"},\"author\":{\"name\":\"EverydayRaquel\",\"@id\":\"https:\/\/everydayraquel.com\/#\/schema\/person\/36d6b01d3007ed58a6b127fc7a55866d\"},\"headline\":\"Une belle vitrine d&rsquo;\u00e9t\u00e9 pour Le Cottage des Flandres\",\"datePublished\":\"2022-07-05T17:10:00+00:00\",\"dateModified\":\"2022-09-30T16:21:13+00:00\",\"mainEntityOfPage\":{\"@id\":\"https:\/\/everydayraquel.com\/projets-realisations\/une-belle-vitrine-dete-pour-le-cottage-des-flandres\/\"},\"wordCount\":303,\"commentCount\":0,\"publisher\":{\"@id\":\"https:\/\/everydayraquel.com\/#organization\"},\"image\":{\"@id\":\"https:\/\/everydayraquel.com\/projets-realisations\/une-belle-vitrine-dete-pour-le-cottage-des-flandres\/#primaryimage\"},\"thumbnailUrl\":\"https:\/\/everydayraquel.com\/wp-content\/uploads\/2022\/07\/vitrine_place_de_la_republique.jpg\",\"articleSection\":[\"Projets et r\u00e9alisations\"],\"inLanguage\":\"en-GB\",\"potentialAction\":[{\"@type\":\"CommentAction\",\"name\":\"Comment\",\"target\":[\"https:\/\/everydayraquel.com\/projets-realisations\/une-belle-vitrine-dete-pour-le-cottage-des-flandres\/#respond\"]}]},{\"@type\":\"WebPage\",\"@id\":\"https:\/\/everydayraquel.com\/projets-realisations\/une-belle-vitrine-dete-pour-le-cottage-des-flandres\/\",\"url\":\"https:\/\/everydayraquel.com\/projets-realisations\/une-belle-vitrine-dete-pour-le-cottage-des-flandres\/\",\"name\":\"Une belle vitrine d'\u00e9t\u00e9 pour Le Cottage des Flandres &#8211; EverydayRaquel\",\"isPartOf\":{\"@id\":\"https:\/\/everydayraquel.com\/#website\"},\"primaryImageOfPage\":{\"@id\":\"https:\/\/everydayraquel.com\/projets-realisations\/une-belle-vitrine-dete-pour-le-cottage-des-flandres\/#primaryimage\"},\"image\":{\"@id\":\"https:\/\/everydayraquel.com\/projets-realisations\/une-belle-vitrine-dete-pour-le-cottage-des-flandres\/#primaryimage\"},\"thumbnailUrl\":\"https:\/\/everydayraquel.com\/wp-content\/uploads\/2022\/07\/vitrine_place_de_la_republique.jpg\",\"datePublished\":\"2022-07-05T17:10:00+00:00\",\"dateModified\":\"2022-09-30T16:21:13+00:00\",\"breadcrumb\":{\"@id\":\"https:\/\/everydayraquel.com\/projets-realisations\/une-belle-vitrine-dete-pour-le-cottage-des-flandres\/#breadcrumb\"},\"inLanguage\":\"en-GB\",\"potentialAction\":[{\"@type\":\"ReadAction\",\"target\":[\"https:\/\/everydayraquel.com\/projets-realisations\/une-belle-vitrine-dete-pour-le-cottage-des-flandres\/\"]}]},{\"@type\":\"ImageObject\",\"inLanguage\":\"en-GB\",\"@id\":\"https:\/\/everydayraquel.com\/projets-realisations\/une-belle-vitrine-dete-pour-le-cottage-des-flandres\/#primaryimage\",\"url\":\"https:\/\/everydayraquel.com\/wp-content\/uploads\/2022\/07\/vitrine_place_de_la_republique.jpg\",\"contentUrl\":\"https:\/\/everydayraquel.com\/wp-content\/uploads\/2022\/07\/vitrine_place_de_la_republique.jpg\",\"width\":1200,\"height\":675},{\"@type\":\"BreadcrumbList\",\"@id\":\"https:\/\/everydayraquel.com\/projets-realisations\/une-belle-vitrine-dete-pour-le-cottage-des-flandres\/#breadcrumb\",\"itemListElement\":[{\"@type\":\"ListItem\",\"position\":1,\"name\":\"Accueil\",\"item\":\"https:\/\/everydayraquel.com\/\"},{\"@type\":\"ListItem\",\"position\":2,\"name\":\"Projets et r\u00e9alisations\",\"item\":\"https:\/\/everydayraquel.com\/en\/categorie\/projets-realisations\/\"},{\"@type\":\"ListItem\",\"position\":3,\"name\":\"Une belle vitrine d&#8217;\u00e9t\u00e9 pour Le Cottage des Flandres\"}]},{\"@type\":\"WebSite\",\"@id\":\"https:\/\/everydayraquel.com\/#website\",\"url\":\"https:\/\/everydayraquel.com\/\",\"name\":\"EverydayRaquel Art et Illustration\",\"description\":\"Un jour, un dessin\",\"publisher\":{\"@id\":\"https:\/\/everydayraquel.com\/#organization\"},\"alternateName\":\"Artiste Everyday Raquel\",\"potentialAction\":[{\"@type\":\"SearchAction\",\"target\":{\"@type\":\"EntryPoint\",\"urlTemplate\":\"https:\/\/everydayraquel.com\/?s={search_term_string}\"},\"query-input\":{\"@type\":\"PropertyValueSpecification\",\"valueRequired\":true,\"valueName\":\"search_term_string\"}}],\"inLanguage\":\"en-GB\"},{\"@type\":[\"Organization\",\"Place\",\"ArtGallery\"],\"@id\":\"https:\/\/everydayraquel.com\/#organization\",\"name\":\"Everyday Raquel\",\"alternateName\":\"Raquel Artiste Dunkerque\",\"url\":\"https:\/\/everydayraquel.com\/\",\"logo\":{\"@id\":\"https:\/\/everydayraquel.com\/projets-realisations\/une-belle-vitrine-dete-pour-le-cottage-des-flandres\/#local-main-organization-logo\"},\"image\":{\"@id\":\"https:\/\/everydayraquel.com\/projets-realisations\/une-belle-vitrine-dete-pour-le-cottage-des-flandres\/#local-main-organization-logo\"},\"sameAs\":[\"https:\/\/www.facebook.com\/everydayraquel\/\",\"https:\/\/www.instagram.com\/everydayraquel\/\"],\"description\":\"Artiste et illustratrice \u00e0 Dunkerque, je r\u00e9alise des dessins personnalis\u00e9s, vente d'affiches et de cadres, dessins du carnaval et des moments du quotidien. Street art, ateliers de dessins collectifs.\",\"legalName\":\"EveryDay Raquel\",\"foundingDate\":\"2020-07-27\",\"numberOfEmployees\":{\"@type\":\"QuantitativeValue\",\"minValue\":\"1\",\"maxValue\":\"10\"},\"address\":{\"@id\":\"https:\/\/everydayraquel.com\/projets-realisations\/une-belle-vitrine-dete-pour-le-cottage-des-flandres\/#local-main-place-address\"},\"telephone\":[],\"openingHoursSpecification\":[{\"@type\":\"OpeningHoursSpecification\",\"dayOfWeek\":[\"Monday\",\"Tuesday\",\"Wednesday\",\"Thursday\",\"Friday\"],\"opens\":\"09:30\",\"closes\":\"18:00\"},{\"@type\":\"OpeningHoursSpecification\",\"dayOfWeek\":[\"Saturday\"],\"opens\":\"10:00\",\"closes\":\"12:00\"},{\"@type\":\"OpeningHoursSpecification\",\"dayOfWeek\":[\"Sunday\"],\"opens\":\"00:00\",\"closes\":\"00:00\"}],\"email\":\"contact@everydayraquel.com\",\"areaServed\":\"Dunkerque, Grande-Synthe, Bergues, Calais, Hazebrouck, Lille,\",\"priceRange\":\"$$\",\"currenciesAccepted\":\"Euro\",\"paymentAccepted\":\"CB, liquide, cash, carte bancaire\"},{\"@type\":\"Person\",\"@id\":\"https:\/\/everydayraquel.com\/#\/schema\/person\/36d6b01d3007ed58a6b127fc7a55866d\",\"name\":\"EverydayRaquel\",\"image\":{\"@type\":\"ImageObject\",\"inLanguage\":\"en-GB\",\"@id\":\"https:\/\/everydayraquel.com\/#\/schema\/person\/image\/\",\"url\":\"https:\/\/secure.gravatar.com\/avatar\/5e2617d86765c986f856f878f916c1b8fb4e0b31779b30aa04c29ee1c10a7276?s=96&d=mm&r=g\",\"contentUrl\":\"https:\/\/secure.gravatar.com\/avatar\/5e2617d86765c986f856f878f916c1b8fb4e0b31779b30aa04c29ee1c10a7276?s=96&d=mm&r=g\",\"caption\":\"EverydayRaquel\"}},{\"@type\":\"PostalAddress\",\"@id\":\"https:\/\/everydayraquel.com\/projets-realisations\/une-belle-vitrine-dete-pour-le-cottage-des-flandres\/#local-main-place-address\",\"streetAddress\":\"Rue Winston Churchill\",\"addressLocality\":\"Dunkerque\",\"postalCode\":\"59240\",\"addressCountry\":\"FR\"},{\"@type\":\"ImageObject\",\"inLanguage\":\"en-GB\",\"@id\":\"https:\/\/everydayraquel.com\/projets-realisations\/une-belle-vitrine-dete-pour-le-cottage-des-flandres\/#local-main-organization-logo\",\"url\":\"https:\/\/everydayraquel.com\/wp-content\/uploads\/2020\/11\/everydayraquel_logo_mirroir.png\",\"contentUrl\":\"https:\/\/everydayraquel.com\/wp-content\/uploads\/2020\/11\/everydayraquel_logo_mirroir.png\",\"width\":670,\"height\":290,\"caption\":\"Everyday Raquel\"}]}<\/script>\n<meta name=\"geo.placename\" content=\"Dunkerque\" \/>\n<meta name=\"geo.region\" content=\"France\" \/>","yoast_head_json":{"title":"Une belle vitrine d'\u00e9t\u00e9 pour Le Cottage des Flandres &#8211; EverydayRaquel","robots":{"index":"index","follow":"follow","max-snippet":"max-snippet:-1","max-image-preview":"max-image-preview:large","max-video-preview":"max-video-preview:-1"},"canonical":"https:\/\/everydayraquel.com\/en\/projets-realisations\/une-belle-vitrine-dete-pour-le-cottage-des-flandres\/","og_locale":"en_GB","og_type":"article","og_title":"Une belle vitrine d'\u00e9t\u00e9 pour Le Cottage des Flandres","og_description":"Un projet r\u00e9alis\u00e9 en collaboration avec Le Cottage Social des Flandres Les grandes vacances d&rsquo;\u00e9t\u00e9 sont l\u00e0 !Et je suis super heureuse de vous pr\u00e9senter mon plus grand dessin jusque maintenant. Il sera visible pendant tout l&rsquo;\u00e9t\u00e9 2022 sur la grande vitrine face \u00e0 la Place de la R\u00e9publique \u00e0 Dunkerque. Ce projet de\u00a03m de [&hellip;]","og_url":"https:\/\/everydayraquel.com\/en\/projets-realisations\/une-belle-vitrine-dete-pour-le-cottage-des-flandres\/","og_site_name":"EverydayRaquel","article_publisher":"https:\/\/www.facebook.com\/everydayraquel\/","article_published_time":"2022-07-05T17:10:00+00:00","article_modified_time":"2022-09-30T16:21:13+00:00","og_image":[{"width":1200,"height":675,"url":"https:\/\/everydayraquel.com\/wp-content\/uploads\/2022\/07\/vitrine_place_de_la_republique.jpg","type":"image\/jpeg"}],"author":"EverydayRaquel","twitter_card":"summary_large_image","twitter_misc":{"Written by":"EverydayRaquel","Estimated reading time":"2 minutes"},"schema":{"@context":"https:\/\/schema.org","@graph":[{"@type":"Article","@id":"https:\/\/everydayraquel.com\/projets-realisations\/une-belle-vitrine-dete-pour-le-cottage-des-flandres\/#article","isPartOf":{"@id":"https:\/\/everydayraquel.com\/projets-realisations\/une-belle-vitrine-dete-pour-le-cottage-des-flandres\/"},"author":{"name":"EverydayRaquel","@id":"https:\/\/everydayraquel.com\/#\/schema\/person\/36d6b01d3007ed58a6b127fc7a55866d"},"headline":"Une belle vitrine d&rsquo;\u00e9t\u00e9 pour Le Cottage des Flandres","datePublished":"2022-07-05T17:10:00+00:00","dateModified":"2022-09-30T16:21:13+00:00","mainEntityOfPage":{"@id":"https:\/\/everydayraquel.com\/projets-realisations\/une-belle-vitrine-dete-pour-le-cottage-des-flandres\/"},"wordCount":303,"commentCount":0,"publisher":{"@id":"https:\/\/everydayraquel.com\/#organization"},"image":{"@id":"https:\/\/everydayraquel.com\/projets-realisations\/une-belle-vitrine-dete-pour-le-cottage-des-flandres\/#primaryimage"},"thumbnailUrl":"https:\/\/everydayraquel.com\/wp-content\/uploads\/2022\/07\/vitrine_place_de_la_republique.jpg","articleSection":["Projets et r\u00e9alisations"],"inLanguage":"en-GB","potentialAction":[{"@type":"CommentAction","name":"Comment","target":["https:\/\/everydayraquel.com\/projets-realisations\/une-belle-vitrine-dete-pour-le-cottage-des-flandres\/#respond"]}]},{"@type":"WebPage","@id":"https:\/\/everydayraquel.com\/projets-realisations\/une-belle-vitrine-dete-pour-le-cottage-des-flandres\/","url":"https:\/\/everydayraquel.com\/projets-realisations\/une-belle-vitrine-dete-pour-le-cottage-des-flandres\/","name":"Une belle vitrine d'\u00e9t\u00e9 pour Le Cottage des Flandres &#8211; EverydayRaquel","isPartOf":{"@id":"https:\/\/everydayraquel.com\/#website"},"primaryImageOfPage":{"@id":"https:\/\/everydayraquel.com\/projets-realisations\/une-belle-vitrine-dete-pour-le-cottage-des-flandres\/#primaryimage"},"image":{"@id":"https:\/\/everydayraquel.com\/projets-realisations\/une-belle-vitrine-dete-pour-le-cottage-des-flandres\/#primaryimage"},"thumbnailUrl":"https:\/\/everydayraquel.com\/wp-content\/uploads\/2022\/07\/vitrine_place_de_la_republique.jpg","datePublished":"2022-07-05T17:10:00+00:00","dateModified":"2022-09-30T16:21:13+00:00","breadcrumb":{"@id":"https:\/\/everydayraquel.com\/projets-realisations\/une-belle-vitrine-dete-pour-le-cottage-des-flandres\/#breadcrumb"},"inLanguage":"en-GB","potentialAction":[{"@type":"ReadAction","target":["https:\/\/everydayraquel.com\/projets-realisations\/une-belle-vitrine-dete-pour-le-cottage-des-flandres\/"]}]},{"@type":"ImageObject","inLanguage":"en-GB","@id":"https:\/\/everydayraquel.com\/projets-realisations\/une-belle-vitrine-dete-pour-le-cottage-des-flandres\/#primaryimage","url":"https:\/\/everydayraquel.com\/wp-content\/uploads\/2022\/07\/vitrine_place_de_la_republique.jpg","contentUrl":"https:\/\/everydayraquel.com\/wp-content\/uploads\/2022\/07\/vitrine_place_de_la_republique.jpg","width":1200,"height":675},{"@type":"BreadcrumbList","@id":"https:\/\/everydayraquel.com\/projets-realisations\/une-belle-vitrine-dete-pour-le-cottage-des-flandres\/#breadcrumb","itemListElement":[{"@type":"ListItem","position":1,"name":"Accueil","item":"https:\/\/everydayraquel.com\/"},{"@type":"ListItem","position":2,"name":"Projets et r\u00e9alisations","item":"https:\/\/everydayraquel.com\/en\/categorie\/projets-realisations\/"},{"@type":"ListItem","position":3,"name":"Une belle vitrine d&#8217;\u00e9t\u00e9 pour Le Cottage des Flandres"}]},{"@type":"WebSite","@id":"https:\/\/everydayraquel.com\/#website","url":"https:\/\/everydayraquel.com\/","name":"EverydayRaquel Art et Illustration","description":"Un jour, un dessin","publisher":{"@id":"https:\/\/everydayraquel.com\/#organization"},"alternateName":"Artiste Everyday Raquel","potentialAction":[{"@type":"SearchAction","target":{"@type":"EntryPoint","urlTemplate":"https:\/\/everydayraquel.com\/?s={search_term_string}"},"query-input":{"@type":"PropertyValueSpecification","valueRequired":true,"valueName":"search_term_string"}}],"inLanguage":"en-GB"},{"@type":["Organization","Place","ArtGallery"],"@id":"https:\/\/everydayraquel.com\/#organization","name":"Everyday Raquel","alternateName":"Raquel Artiste Dunkerque","url":"https:\/\/everydayraquel.com\/","logo":{"@id":"https:\/\/everydayraquel.com\/projets-realisations\/une-belle-vitrine-dete-pour-le-cottage-des-flandres\/#local-main-organization-logo"},"image":{"@id":"https:\/\/everydayraquel.com\/projets-realisations\/une-belle-vitrine-dete-pour-le-cottage-des-flandres\/#local-main-organization-logo"},"sameAs":["https:\/\/www.facebook.com\/everydayraquel\/","https:\/\/www.instagram.com\/everydayraquel\/"],"description":"Artiste et illustratrice \u00e0 Dunkerque, je r\u00e9alise des dessins personnalis\u00e9s, vente d'affiches et de cadres, dessins du carnaval et des moments du quotidien. Street art, ateliers de dessins collectifs.","legalName":"EveryDay Raquel","foundingDate":"2020-07-27","numberOfEmployees":{"@type":"QuantitativeValue","minValue":"1","maxValue":"10"},"address":{"@id":"https:\/\/everydayraquel.com\/projets-realisations\/une-belle-vitrine-dete-pour-le-cottage-des-flandres\/#local-main-place-address"},"telephone":[],"openingHoursSpecification":[{"@type":"OpeningHoursSpecification","dayOfWeek":["Monday","Tuesday","Wednesday","Thursday","Friday"],"opens":"09:30","closes":"18:00"},{"@type":"OpeningHoursSpecification","dayOfWeek":["Saturday"],"opens":"10:00","closes":"12:00"},{"@type":"OpeningHoursSpecification","dayOfWeek":["Sunday"],"opens":"00:00","closes":"00:00"}],"email":"contact@everydayraquel.com","areaServed":"Dunkerque, Grande-Synthe, Bergues, Calais, Hazebrouck, Lille,","priceRange":"$$","currenciesAccepted":"Euro","paymentAccepted":"CB, liquide, cash, carte bancaire"},{"@type":"Person","@id":"https:\/\/everydayraquel.com\/#\/schema\/person\/36d6b01d3007ed58a6b127fc7a55866d","name":"EverydayRaquel","image":{"@type":"ImageObject","inLanguage":"en-GB","@id":"https:\/\/everydayraquel.com\/#\/schema\/person\/image\/","url":"https:\/\/secure.gravatar.com\/avatar\/5e2617d86765c986f856f878f916c1b8fb4e0b31779b30aa04c29ee1c10a7276?s=96&d=mm&r=g","contentUrl":"https:\/\/secure.gravatar.com\/avatar\/5e2617d86765c986f856f878f916c1b8fb4e0b31779b30aa04c29ee1c10a7276?s=96&d=mm&r=g","caption":"EverydayRaquel"}},{"@type":"PostalAddress","@id":"https:\/\/everydayraquel.com\/projets-realisations\/une-belle-vitrine-dete-pour-le-cottage-des-flandres\/#local-main-place-address","streetAddress":"Rue Winston Churchill","addressLocality":"Dunkerque","postalCode":"59240","addressCountry":"FR"},{"@type":"ImageObject","inLanguage":"en-GB","@id":"https:\/\/everydayraquel.com\/projets-realisations\/une-belle-vitrine-dete-pour-le-cottage-des-flandres\/#local-main-organization-logo","url":"https:\/\/everydayraquel.com\/wp-content\/uploads\/2020\/11\/everydayraquel_logo_mirroir.png","contentUrl":"https:\/\/everydayraquel.com\/wp-content\/uploads\/2020\/11\/everydayraquel_logo_mirroir.png","width":670,"height":290,"caption":"Everyday Raquel"}]},"geo.placename":"Dunkerque","geo.region":"France"},"_links":{"self":[{"href":"https:\/\/everydayraquel.com\/en\/wp-json\/wp\/v2\/posts\/4500","targetHints":{"allow":["GET"]}}],"collection":[{"href":"https:\/\/everydayraquel.com\/en\/wp-json\/wp\/v2\/posts"}],"about":[{"href":"https:\/\/everydayraquel.com\/en\/wp-json\/wp\/v2\/types\/post"}],"author":[{"embeddable":true,"href":"https:\/\/everydayraquel.com\/en\/wp-json\/wp\/v2\/users\/1"}],"replies":[{"embeddable":true,"href":"https:\/\/everydayraquel.com\/en\/wp-json\/wp\/v2\/comments?post=4500"}],"version-history":[{"count":0,"href":"https:\/\/everydayraquel.com\/en\/wp-json\/wp\/v2\/posts\/4500\/revisions"}],"wp:featuredmedia":[{"embeddable":true,"href":"https:\/\/everydayraquel.com\/en\/wp-json\/wp\/v2\/media\/4508"}],"wp:attachment":[{"href":"https:\/\/everydayraquel.com\/en\/wp-json\/wp\/v2\/media?parent=4500"}],"wp:term":[{"taxonomy":"category","embeddable":true,"href":"https:\/\/everydayraquel.com\/en\/wp-json\/wp\/v2\/categories?post=4500"},{"taxonomy":"post_tag","embeddable":true,"href":"https:\/\/everydayraquel.com\/en\/wp-json\/wp\/v2\/tags?post=4500"}],"curies":[{"name":"wp","href":"https:\/\/api.w.org\/{rel}","templated":true}]}}