{"id":4474,"date":"2022-04-04T17:54:00","date_gmt":"2022-04-04T15:54:00","guid":{"rendered":"https:\/\/everydayraquel.com\/?p=4474"},"modified":"2022-07-20T17:12:20","modified_gmt":"2022-07-20T15:12:20","slug":"une-boutique-ephemere-dillustrations-a-dunkerque","status":"publish","type":"post","link":"https:\/\/everydayraquel.com\/en\/projets-realisations\/une-boutique-ephemere-dillustrations-a-dunkerque\/","title":{"rendered":"Une boutique \u00e9ph\u00e9m\u00e8re d\u2019illustrations \u00e0 Dunkerque"},"content":{"rendered":"<div data-elementor-type=\"wp-post\" data-elementor-id=\"4474\" class=\"elementor elementor-4474\" data-elementor-post-type=\"post\">\n\t\t\t\t\t\t<section class=\"elementor-section elementor-top-section elementor-element elementor-element-6def066 elementor-section-boxed elementor-section-height-default elementor-section-height-default\" data-id=\"6def066\" data-element_type=\"section\" data-e-type=\"section\">\n\t\t\t\t\t\t<div class=\"elementor-container elementor-column-gap-default\">\n\t\t\t\t\t<div class=\"elementor-column elementor-col-100 elementor-top-column elementor-element elementor-element-4a6a4f73\" data-id=\"4a6a4f73\" data-element_type=\"column\" data-e-type=\"column\">\n\t\t\t<div class=\"elementor-widget-wrap elementor-element-populated\">\n\t\t\t\t\t\t<div class=\"elementor-element elementor-element-819c95f elementor-widget elementor-widget-heading\" data-id=\"819c95f\" data-element_type=\"widget\" data-e-type=\"widget\" data-widget_type=\"heading.default\">\n\t\t\t\t<div class=\"elementor-widget-container\">\n\t\t\t\t\t<h2 class=\"elementor-heading-title elementor-size-default\">Du 22 mars au 2 avril, j\u2019ai eu le plaisir d\u2019investir la boite cr\u00e9ative bleue sur la Place Jean-Bart.<\/h2>\t\t\t\t<\/div>\n\t\t\t\t<\/div>\n\t\t\t\t<div class=\"elementor-element elementor-element-657713d elementor-widget elementor-widget-text-editor\" data-id=\"657713d\" data-element_type=\"widget\" data-e-type=\"widget\" data-widget_type=\"text-editor.default\">\n\t\t\t\t<div class=\"elementor-widget-container\">\n\t\t\t\t\t\t\t\t\t<p>Pendant la p\u00e9riode de fin mars 2022, j\u2019ai transform\u00e9 la boite cr\u00e9ative bleue dans un atelier de cr\u00e9ation, un lieu d\u2019exposition et une boutique \u00e9ph\u00e9m\u00e8re. Avec le but de diffuser et partager au plus grand nombre de personnes les messages que v\u00e9hiculent mes illustrations, dans ce lieu, j\u2019ai r\u00e9ussi a faire des merveilleuses rencontres ainsi qu\u2019\u00e0 construire des tr\u00e8s beaux moments.<\/p><p>Avec cet article je vous raconte plus en d\u00e9tail mon p\u00e9riple.<\/p>\t\t\t\t\t\t\t\t<\/div>\n\t\t\t\t<\/div>\n\t\t\t\t<div class=\"elementor-element elementor-element-fb72bae elementor-widget elementor-widget-heading\" data-id=\"fb72bae\" data-element_type=\"widget\" data-e-type=\"widget\" data-widget_type=\"heading.default\">\n\t\t\t\t<div class=\"elementor-widget-container\">\n\t\t\t\t\t<h2 class=\"elementor-heading-title elementor-size-default\">L\u2019inauguration &amp; le vernissage<\/h2>\t\t\t\t<\/div>\n\t\t\t\t<\/div>\n\t\t\t\t<div class=\"elementor-element elementor-element-e82151f elementor-widget elementor-widget-image\" data-id=\"e82151f\" data-element_type=\"widget\" data-e-type=\"widget\" data-widget_type=\"image.default\">\n\t\t\t\t<div class=\"elementor-widget-container\">\n\t\t\t\t\t\t\t\t\t\t\t\t<figure class=\"wp-caption\">\n\t\t\t\t\t\t\t\t\t\t<img fetchpriority=\"high\" decoding=\"async\" width=\"1024\" height=\"768\" src=\"https:\/\/everydayraquel.com\/wp-content\/uploads\/2022\/07\/Rencontre-avec-le-Maire-de-Dunkerque-1024x768.jpeg\" class=\"attachment-large size-large wp-image-4476\" alt=\"\" srcset=\"https:\/\/everydayraquel.com\/wp-content\/uploads\/2022\/07\/Rencontre-avec-le-Maire-de-Dunkerque-1024x768.jpeg 1024w, https:\/\/everydayraquel.com\/wp-content\/uploads\/2022\/07\/Rencontre-avec-le-Maire-de-Dunkerque-300x225.jpeg 300w, https:\/\/everydayraquel.com\/wp-content\/uploads\/2022\/07\/Rencontre-avec-le-Maire-de-Dunkerque-600x450.jpeg 600w, https:\/\/everydayraquel.com\/wp-content\/uploads\/2022\/07\/Rencontre-avec-le-Maire-de-Dunkerque-64x48.jpeg 64w, https:\/\/everydayraquel.com\/wp-content\/uploads\/2022\/07\/Rencontre-avec-le-Maire-de-Dunkerque-768x576.jpeg 768w, https:\/\/everydayraquel.com\/wp-content\/uploads\/2022\/07\/Rencontre-avec-le-Maire-de-Dunkerque-16x12.jpeg 16w, https:\/\/everydayraquel.com\/wp-content\/uploads\/2022\/07\/Rencontre-avec-le-Maire-de-Dunkerque.jpeg 1200w\" sizes=\"(max-width: 1024px) 100vw, 1024px\" \/>\t\t\t\t\t\t\t\t\t\t\t<figcaption class=\"widget-image-caption wp-caption-text\">Rencontre avec M. Patrice Vergriete et Mme. Marjorie Eloy lors de mon vernissage.<\/figcaption>\n\t\t\t\t\t\t\t\t\t\t<\/figure>\n\t\t\t\t\t\t\t\t\t<\/div>\n\t\t\t\t<\/div>\n\t\t\t\t<div class=\"elementor-element elementor-element-74c9f53 elementor-widget elementor-widget-text-editor\" data-id=\"74c9f53\" data-element_type=\"widget\" data-e-type=\"widget\" data-widget_type=\"text-editor.default\">\n\t\t\t\t<div class=\"elementor-widget-container\">\n\t\t\t\t\t\t\t\t\t<p>Apr\u00e8s plusieurs semaines de pr\u00e9paration pour me construire un stock de produits, organiser mes affaires et envoyer des invitations \u00e0 toutes les personnes que je connaissais, j\u2019ai inaugur\u00e9 ma boutique avec un pot de l\u2019amiti\u00e9 le 24 mars \u00e0 18h.<\/p><p>Lors de cet \u00e9v\u00e9nement j\u2019ai eut le plaisir de recevoir <a href=\"https:\/\/www.facebook.com\/photo?fbid=10216982804722485&amp;set=a.2833097446719\">M. Patrice Vergiete, Maire de Dunkerque<\/a> ainsi que Mme. Marjorie Eloy et Mme. Christine Decodts, adjointes au Maire.<\/p>\t\t\t\t\t\t\t\t<\/div>\n\t\t\t\t<\/div>\n\t\t\t\t<div class=\"elementor-element elementor-element-3eac928 elementor-widget elementor-widget-heading\" data-id=\"3eac928\" data-element_type=\"widget\" data-e-type=\"widget\" data-widget_type=\"heading.default\">\n\t\t\t\t<div class=\"elementor-widget-container\">\n\t\t\t\t\t<h2 class=\"elementor-heading-title elementor-size-default\">Les cr\u00e9ations expos\u00e9es<\/h2>\t\t\t\t<\/div>\n\t\t\t\t<\/div>\n\t\t\t\t<div class=\"elementor-element elementor-element-bc83dc2 elementor-widget elementor-widget-image\" data-id=\"bc83dc2\" data-element_type=\"widget\" data-e-type=\"widget\" data-widget_type=\"image.default\">\n\t\t\t\t<div class=\"elementor-widget-container\">\n\t\t\t\t\t\t\t\t\t\t\t\t<figure class=\"wp-caption\">\n\t\t\t\t\t\t\t\t\t\t<img decoding=\"async\" width=\"1024\" height=\"576\" src=\"https:\/\/everydayraquel.com\/wp-content\/uploads\/2022\/07\/EverydayRaquel-dans-la-boite-creative-bleue-1024x576.jpg\" class=\"attachment-large size-large wp-image-4490\" alt=\"\" srcset=\"https:\/\/everydayraquel.com\/wp-content\/uploads\/2022\/07\/EverydayRaquel-dans-la-boite-creative-bleue-1024x576.jpg 1024w, https:\/\/everydayraquel.com\/wp-content\/uploads\/2022\/07\/EverydayRaquel-dans-la-boite-creative-bleue-300x169.jpg 300w, https:\/\/everydayraquel.com\/wp-content\/uploads\/2022\/07\/EverydayRaquel-dans-la-boite-creative-bleue-600x338.jpg 600w, https:\/\/everydayraquel.com\/wp-content\/uploads\/2022\/07\/EverydayRaquel-dans-la-boite-creative-bleue-64x36.jpg 64w, https:\/\/everydayraquel.com\/wp-content\/uploads\/2022\/07\/EverydayRaquel-dans-la-boite-creative-bleue-768x432.jpg 768w, https:\/\/everydayraquel.com\/wp-content\/uploads\/2022\/07\/EverydayRaquel-dans-la-boite-creative-bleue-18x10.jpg 18w, https:\/\/everydayraquel.com\/wp-content\/uploads\/2022\/07\/EverydayRaquel-dans-la-boite-creative-bleue.jpg 1200w\" sizes=\"(max-width: 1024px) 100vw, 1024px\" \/>\t\t\t\t\t\t\t\t\t\t\t<figcaption class=\"widget-image-caption wp-caption-text\"><\/figcaption>\n\t\t\t\t\t\t\t\t\t\t<\/figure>\n\t\t\t\t\t\t\t\t\t<\/div>\n\t\t\t\t<\/div>\n\t\t\t\t<div class=\"elementor-element elementor-element-eca7dda elementor-widget elementor-widget-text-editor\" data-id=\"eca7dda\" data-element_type=\"widget\" data-e-type=\"widget\" data-widget_type=\"text-editor.default\">\n\t\t\t\t<div class=\"elementor-widget-container\">\n\t\t\t\t\t\t\t\t\t<p>Dans ma boite cr\u00e9ative j\u2019ai d\u00e9cid\u00e9 d\u2019exposer les cr\u00e9ations suivantes (disponibles \u00e9galement dans ma <a href=\"https:\/\/everydayraquel.com\/en\/boutique\/categorie-produit\/tous-les-dessins\/\">boutique en ligne<\/a>) :<\/p>\n<ul>\n<li>Dessins originaux : Toute une s\u00e9lection d\u2019illustrations et croquis originaux ont \u00e9t\u00e9 expos\u00e9s avec possibilit\u00e9 d\u2019achat pour permettre aux visiteurs de naviguer \u00e0 travers mon parcours et observer mon \u00e9volution en tant qu\u2019artiste illustratrice.<\/li>\n<li><a href=\"https:\/\/everydayraquel.com\/en\/boutique\/categorie-produit\/tous-les-dessins\/\">Cartes postales<\/a> : J\u2019ai propos\u00e9 \u00e9galement une s\u00e9lection de cartes postales imprim\u00e9es sur du papier qualitatif \u00e0 partir de mes dessins originals. Chaque carte a un espace derri\u00e8re destin\u00e9 \u00e0 \u00e9crire un message. Chacune viens avec son enveloppe, elles sont id\u00e9ales pour envoyer \u00e0 ses proches lors d\u2019anniversaires, la bonne ann\u00e9e, ou toute occasion sp\u00e9ciale.<\/li>\n<li><a href=\"https:\/\/everydayraquel.com\/en\/boutique\/categorie-produit\/tous-les-dessins\/\">Tirages haute qualit\u00e9<\/a> : Tous les tirages sont au format 20 x 20 cm, avec ou sans encadrement. Sign\u00e9s et dat\u00e9s par mes soins, ils sont r\u00e9alis\u00e9es sur du papier qualitatif 300 $g.m^2$ par mon imprimeur de confiance, et sont id\u00e9als pour \u00eatre collectionn\u00e9es et\/ou expos\u00e9s.<\/li>\n<li><a href=\"https:\/\/everydayraquel.com\/en\/boutique\/livres-editions\/la-couleur-de-tous-les-jours-livre-de-coloriage\/\">Livres de coloriage \u201cLa couleur de tous les jours\u201d<\/a> : Depuis d\u00e9cembre 2021 j\u2019ai sorti mon premier livre de coloriage \u00e9dit\u00e9 \u00e0 partir de mes dessins, j\u2019ai encore de nombreux exemplaires \u00e0 la vente.<\/li>\n<li>Accessoires de papeterie : Stickers, affiches et planches coloriables&#8230;<\/li>\n<\/ul><div><br><\/div><div>Voici quelques photos de cette belle exp\u00e9rience :<\/div>\t\t\t\t\t\t\t\t<\/div>\n\t\t\t\t<\/div>\n\t\t\t\t<div class=\"elementor-element elementor-element-51bf334 elementor-widget elementor-widget-gallery\" data-id=\"51bf334\" data-element_type=\"widget\" data-e-type=\"widget\" data-settings=\"{&quot;aspect_ratio&quot;:&quot;4:3&quot;,&quot;columns&quot;:2,&quot;lazyload&quot;:&quot;yes&quot;,&quot;gallery_layout&quot;:&quot;grid&quot;,&quot;columns_tablet&quot;:2,&quot;columns_mobile&quot;:1,&quot;gap&quot;:{&quot;unit&quot;:&quot;px&quot;,&quot;size&quot;:10,&quot;sizes&quot;:[]},&quot;gap_tablet&quot;:{&quot;unit&quot;:&quot;px&quot;,&quot;size&quot;:10,&quot;sizes&quot;:[]},&quot;gap_mobile&quot;:{&quot;unit&quot;:&quot;px&quot;,&quot;size&quot;:10,&quot;sizes&quot;:[]},&quot;link_to&quot;:&quot;file&quot;,&quot;overlay_background&quot;:&quot;yes&quot;,&quot;content_hover_animation&quot;:&quot;fade-in&quot;}\" data-widget_type=\"gallery.default\">\n\t\t\t\t<div class=\"elementor-widget-container\">\n\t\t\t\t\t\t\t<div class=\"elementor-gallery__container\">\n\t\t\t\t\t\t\t<a class=\"e-gallery-item elementor-gallery-item elementor-animated-content\" href=\"https:\/\/everydayraquel.com\/wp-content\/uploads\/2022\/02\/raquel-affiche.jpg\" data-elementor-open-lightbox=\"yes\" data-elementor-lightbox-slideshow=\"51bf334\" data-elementor-lightbox-title=\"raquel-affiche\" data-e-action-hash=\"#elementor-action%3Aaction%3Dlightbox%26settings%3DeyJpZCI6NDE3MywidXJsIjoiaHR0cHM6XC9cL2V2ZXJ5ZGF5cmFxdWVsLmNvbVwvd3AtY29udGVudFwvdXBsb2Fkc1wvMjAyMlwvMDJcL3JhcXVlbC1hZmZpY2hlLmpwZyIsInNsaWRlc2hvdyI6IjUxYmYzMzQifQ%3D%3D\">\n\t\t\t\t\t<div class=\"e-gallery-image elementor-gallery-item__image\" data-thumbnail=\"https:\/\/everydayraquel.com\/wp-content\/uploads\/2022\/02\/raquel-affiche-768x768.jpg\" data-width=\"768\" data-height=\"768\" aria-label=\"\" role=\"img\" ><\/div>\n\t\t\t\t\t\t\t\t\t\t\t<div class=\"elementor-gallery-item__overlay\"><\/div>\n\t\t\t\t\t\t\t\t\t\t\t\t\t\t<\/a>\n\t\t\t\t\t\t\t<a class=\"e-gallery-item elementor-gallery-item elementor-animated-content\" href=\"https:\/\/everydayraquel.com\/wp-content\/uploads\/2022\/07\/Coloriages-de-Jean-Bart-rotated.jpg\" data-elementor-open-lightbox=\"yes\" data-elementor-lightbox-slideshow=\"51bf334\" data-elementor-lightbox-title=\"Coloriages-de-Jean-Bart\" data-e-action-hash=\"#elementor-action%3Aaction%3Dlightbox%26settings%3DeyJpZCI6NDQ5MSwidXJsIjoiaHR0cHM6XC9cL2V2ZXJ5ZGF5cmFxdWVsLmNvbVwvd3AtY29udGVudFwvdXBsb2Fkc1wvMjAyMlwvMDdcL0NvbG9yaWFnZXMtZGUtSmVhbi1CYXJ0LXJvdGF0ZWQuanBnIiwic2xpZGVzaG93IjoiNTFiZjMzNCJ9\">\n\t\t\t\t\t<div class=\"e-gallery-image elementor-gallery-item__image\" data-thumbnail=\"https:\/\/everydayraquel.com\/wp-content\/uploads\/2022\/07\/Coloriages-de-Jean-Bart-rotated.jpg\" data-width=\"675\" data-height=\"1200\" aria-label=\"\" role=\"img\" ><\/div>\n\t\t\t\t\t\t\t\t\t\t\t<div class=\"elementor-gallery-item__overlay\"><\/div>\n\t\t\t\t\t\t\t\t\t\t\t\t\t\t<\/a>\n\t\t\t\t\t\t\t<a class=\"e-gallery-item elementor-gallery-item elementor-animated-content\" href=\"https:\/\/everydayraquel.com\/wp-content\/uploads\/2022\/07\/Produits-boite-cre\u0301ative.jpeg\" data-elementor-open-lightbox=\"yes\" data-elementor-lightbox-slideshow=\"51bf334\" data-elementor-lightbox-title=\"Produits-boite-cre\u0301ative\" data-e-action-hash=\"#elementor-action%3Aaction%3Dlightbox%26settings%3DeyJpZCI6NDQ5MiwidXJsIjoiaHR0cHM6XC9cL2V2ZXJ5ZGF5cmFxdWVsLmNvbVwvd3AtY29udGVudFwvdXBsb2Fkc1wvMjAyMlwvMDdcL1Byb2R1aXRzLWJvaXRlLWNyZVx1MDMwMWF0aXZlLmpwZWciLCJzbGlkZXNob3ciOiI1MWJmMzM0In0%3D\">\n\t\t\t\t\t<div class=\"e-gallery-image elementor-gallery-item__image\" data-thumbnail=\"https:\/\/everydayraquel.com\/wp-content\/uploads\/2022\/07\/Produits-boite-cre\u0301ative.jpeg\" data-width=\"674\" data-height=\"900\" aria-label=\"\" role=\"img\" ><\/div>\n\t\t\t\t\t\t\t\t\t\t\t<div class=\"elementor-gallery-item__overlay\"><\/div>\n\t\t\t\t\t\t\t\t\t\t\t\t\t\t<\/a>\n\t\t\t\t\t\t\t<a class=\"e-gallery-item elementor-gallery-item elementor-animated-content\" href=\"https:\/\/everydayraquel.com\/wp-content\/uploads\/2022\/07\/Dessins-sur-les-fenetres.jpeg\" data-elementor-open-lightbox=\"yes\" data-elementor-lightbox-slideshow=\"51bf334\" data-elementor-lightbox-title=\"Dessins-sur-les-fenetres\" data-e-action-hash=\"#elementor-action%3Aaction%3Dlightbox%26settings%3DeyJpZCI6NDQ5MywidXJsIjoiaHR0cHM6XC9cL2V2ZXJ5ZGF5cmFxdWVsLmNvbVwvd3AtY29udGVudFwvdXBsb2Fkc1wvMjAyMlwvMDdcL0Rlc3NpbnMtc3VyLWxlcy1mZW5ldHJlcy5qcGVnIiwic2xpZGVzaG93IjoiNTFiZjMzNCJ9\">\n\t\t\t\t\t<div class=\"e-gallery-image elementor-gallery-item__image\" data-thumbnail=\"https:\/\/everydayraquel.com\/wp-content\/uploads\/2022\/07\/Dessins-sur-les-fenetres-768x575.jpeg\" data-width=\"768\" data-height=\"575\" aria-label=\"\" role=\"img\" ><\/div>\n\t\t\t\t\t\t\t\t\t\t\t<div class=\"elementor-gallery-item__overlay\"><\/div>\n\t\t\t\t\t\t\t\t\t\t\t\t\t\t<\/a>\n\t\t\t\t\t<\/div>\n\t\t\t\t\t<\/div>\n\t\t\t\t<\/div>\n\t\t\t\t\t<\/div>\n\t\t<\/div>\n\t\t\t\t\t<\/div>\n\t\t<\/section>\n\t\t\t\t<\/div>","protected":false},"excerpt":{"rendered":"<p>Du 22 mars au 2 avril, j\u2019ai eu le plaisir d\u2019investir la boite cr\u00e9ative bleue sur la Place Jean-Bart. Pendant la p\u00e9riode de fin mars 2022, j\u2019ai transform\u00e9 la boite cr\u00e9ative bleue dans un atelier de cr\u00e9ation, un lieu d\u2019exposition et une boutique \u00e9ph\u00e9m\u00e8re. Avec le but de diffuser et partager au plus grand nombre [&hellip;]<\/p>\n","protected":false},"author":1,"featured_media":4486,"comment_status":"open","ping_status":"open","sticky":false,"template":"","format":"standard","meta":{"site-sidebar-layout":"default","site-content-layout":"default","ast-site-content-layout":"default","site-content-style":"default","site-sidebar-style":"default","ast-global-header-display":"","ast-banner-title-visibility":"","ast-main-header-display":"","ast-hfb-above-header-display":"","ast-hfb-below-header-display":"","ast-hfb-mobile-header-display":"","site-post-title":"","ast-breadcrumbs-content":"","ast-featured-img":"","footer-sml-layout":"","ast-disable-related-posts":"","theme-transparent-header-meta":"default","adv-header-id-meta":"","stick-header-meta":"","header-above-stick-meta":"","header-main-stick-meta":"","header-below-stick-meta":"","astra-migrate-meta-layouts":"default","ast-page-background-enabled":"default","ast-page-background-meta":{"desktop":{"background-color":"","background-image":"","background-repeat":"repeat","background-position":"center center","background-size":"auto","background-attachment":"scroll","background-type":"","background-media":"","overlay-type":"","overlay-color":"","overlay-opacity":"","overlay-gradient":""},"tablet":{"background-color":"","background-image":"","background-repeat":"repeat","background-position":"center center","background-size":"auto","background-attachment":"scroll","background-type":"","background-media":"","overlay-type":"","overlay-color":"","overlay-opacity":"","overlay-gradient":""},"mobile":{"background-color":"","background-image":"","background-repeat":"repeat","background-position":"center center","background-size":"auto","background-attachment":"scroll","background-type":"","background-media":"","overlay-type":"","overlay-color":"","overlay-opacity":"","overlay-gradient":""}},"ast-content-background-meta":{"desktop":{"background-color":"var(--ast-global-color-5)","background-image":"","background-repeat":"repeat","background-position":"center center","background-size":"auto","background-attachment":"scroll","background-type":"","background-media":"","overlay-type":"","overlay-color":"","overlay-opacity":"","overlay-gradient":""},"tablet":{"background-color":"var(--ast-global-color-5)","background-image":"","background-repeat":"repeat","background-position":"center center","background-size":"auto","background-attachment":"scroll","background-type":"","background-media":"","overlay-type":"","overlay-color":"","overlay-opacity":"","overlay-gradient":""},"mobile":{"background-color":"var(--ast-global-color-5)","background-image":"","background-repeat":"repeat","background-position":"center center","background-size":"auto","background-attachment":"scroll","background-type":"","background-media":"","overlay-type":"","overlay-color":"","overlay-opacity":"","overlay-gradient":""}},"footnotes":""},"categories":[1],"tags":[],"class_list":["post-4474","post","type-post","status-publish","format-standard","has-post-thumbnail","hentry","category-projets-realisations"],"yoast_head":"<title>Une boutique \u00e9ph\u00e9m\u00e8re d\u2019illustrations \u00e0 Dunkerque &#8211; EverydayRaquel<\/title>\n<meta name=\"robots\" content=\"index, follow, max-snippet:-1, max-image-preview:large, max-video-preview:-1\" \/>\n<link rel=\"canonical\" href=\"https:\/\/everydayraquel.com\/en\/projets-realisations\/une-boutique-ephemere-dillustrations-a-dunkerque\/\" \/>\n<meta property=\"og:locale\" content=\"en_GB\" \/>\n<meta property=\"og:type\" content=\"article\" \/>\n<meta property=\"og:title\" content=\"Une boutique \u00e9ph\u00e9m\u00e8re d\u2019illustrations \u00e0 Dunkerque\" \/>\n<meta property=\"og:description\" content=\"Du 22 mars au 2 avril, j\u2019ai eu le plaisir d\u2019investir la boite cr\u00e9ative bleue sur la Place Jean-Bart. Pendant la p\u00e9riode de fin mars 2022, j\u2019ai transform\u00e9 la boite cr\u00e9ative bleue dans un atelier de cr\u00e9ation, un lieu d\u2019exposition et une boutique \u00e9ph\u00e9m\u00e8re. Avec le but de diffuser et partager au plus grand nombre [&hellip;]\" \/>\n<meta property=\"og:url\" content=\"https:\/\/everydayraquel.com\/en\/projets-realisations\/une-boutique-ephemere-dillustrations-a-dunkerque\/\" \/>\n<meta property=\"og:site_name\" content=\"EverydayRaquel\" \/>\n<meta property=\"article:publisher\" content=\"https:\/\/www.facebook.com\/everydayraquel\/\" \/>\n<meta property=\"article:published_time\" content=\"2022-04-04T15:54:00+00:00\" \/>\n<meta property=\"article:modified_time\" content=\"2022-07-20T15:12:20+00:00\" \/>\n<meta property=\"og:image\" content=\"https:\/\/everydayraquel.com\/wp-content\/uploads\/2022\/07\/Vernissage-Everydayraquel-Place-Jean-Bart.jpg\" \/>\n\t<meta property=\"og:image:width\" content=\"1200\" \/>\n\t<meta property=\"og:image:height\" content=\"675\" \/>\n\t<meta property=\"og:image:type\" content=\"image\/jpeg\" \/>\n<meta name=\"author\" content=\"EverydayRaquel\" \/>\n<meta name=\"twitter:card\" content=\"summary_large_image\" \/>\n<meta name=\"twitter:label1\" content=\"Written by\" \/>\n\t<meta name=\"twitter:data1\" content=\"EverydayRaquel\" \/>\n\t<meta name=\"twitter:label2\" content=\"Estimated reading time\" \/>\n\t<meta name=\"twitter:data2\" content=\"3 minutes\" \/>\n<script type=\"application\/ld+json\" class=\"yoast-schema-graph\">{\"@context\":\"https:\/\/schema.org\",\"@graph\":[{\"@type\":\"Article\",\"@id\":\"https:\/\/everydayraquel.com\/projets-realisations\/une-boutique-ephemere-dillustrations-a-dunkerque\/#article\",\"isPartOf\":{\"@id\":\"https:\/\/everydayraquel.com\/projets-realisations\/une-boutique-ephemere-dillustrations-a-dunkerque\/\"},\"author\":{\"name\":\"EverydayRaquel\",\"@id\":\"https:\/\/everydayraquel.com\/#\/schema\/person\/36d6b01d3007ed58a6b127fc7a55866d\"},\"headline\":\"Une boutique \u00e9ph\u00e9m\u00e8re d\u2019illustrations \u00e0 Dunkerque\",\"datePublished\":\"2022-04-04T15:54:00+00:00\",\"dateModified\":\"2022-07-20T15:12:20+00:00\",\"mainEntityOfPage\":{\"@id\":\"https:\/\/everydayraquel.com\/projets-realisations\/une-boutique-ephemere-dillustrations-a-dunkerque\/\"},\"wordCount\":423,\"commentCount\":0,\"publisher\":{\"@id\":\"https:\/\/everydayraquel.com\/#organization\"},\"image\":{\"@id\":\"https:\/\/everydayraquel.com\/projets-realisations\/une-boutique-ephemere-dillustrations-a-dunkerque\/#primaryimage\"},\"thumbnailUrl\":\"https:\/\/everydayraquel.com\/wp-content\/uploads\/2022\/07\/Vernissage-Everydayraquel-Place-Jean-Bart.jpg\",\"articleSection\":[\"Projets et r\u00e9alisations\"],\"inLanguage\":\"en-GB\",\"potentialAction\":[{\"@type\":\"CommentAction\",\"name\":\"Comment\",\"target\":[\"https:\/\/everydayraquel.com\/projets-realisations\/une-boutique-ephemere-dillustrations-a-dunkerque\/#respond\"]}]},{\"@type\":\"WebPage\",\"@id\":\"https:\/\/everydayraquel.com\/projets-realisations\/une-boutique-ephemere-dillustrations-a-dunkerque\/\",\"url\":\"https:\/\/everydayraquel.com\/projets-realisations\/une-boutique-ephemere-dillustrations-a-dunkerque\/\",\"name\":\"Une boutique \u00e9ph\u00e9m\u00e8re d\u2019illustrations \u00e0 Dunkerque &#8211; EverydayRaquel\",\"isPartOf\":{\"@id\":\"https:\/\/everydayraquel.com\/#website\"},\"primaryImageOfPage\":{\"@id\":\"https:\/\/everydayraquel.com\/projets-realisations\/une-boutique-ephemere-dillustrations-a-dunkerque\/#primaryimage\"},\"image\":{\"@id\":\"https:\/\/everydayraquel.com\/projets-realisations\/une-boutique-ephemere-dillustrations-a-dunkerque\/#primaryimage\"},\"thumbnailUrl\":\"https:\/\/everydayraquel.com\/wp-content\/uploads\/2022\/07\/Vernissage-Everydayraquel-Place-Jean-Bart.jpg\",\"datePublished\":\"2022-04-04T15:54:00+00:00\",\"dateModified\":\"2022-07-20T15:12:20+00:00\",\"breadcrumb\":{\"@id\":\"https:\/\/everydayraquel.com\/projets-realisations\/une-boutique-ephemere-dillustrations-a-dunkerque\/#breadcrumb\"},\"inLanguage\":\"en-GB\",\"potentialAction\":[{\"@type\":\"ReadAction\",\"target\":[\"https:\/\/everydayraquel.com\/projets-realisations\/une-boutique-ephemere-dillustrations-a-dunkerque\/\"]}]},{\"@type\":\"ImageObject\",\"inLanguage\":\"en-GB\",\"@id\":\"https:\/\/everydayraquel.com\/projets-realisations\/une-boutique-ephemere-dillustrations-a-dunkerque\/#primaryimage\",\"url\":\"https:\/\/everydayraquel.com\/wp-content\/uploads\/2022\/07\/Vernissage-Everydayraquel-Place-Jean-Bart.jpg\",\"contentUrl\":\"https:\/\/everydayraquel.com\/wp-content\/uploads\/2022\/07\/Vernissage-Everydayraquel-Place-Jean-Bart.jpg\",\"width\":1200,\"height\":675},{\"@type\":\"BreadcrumbList\",\"@id\":\"https:\/\/everydayraquel.com\/projets-realisations\/une-boutique-ephemere-dillustrations-a-dunkerque\/#breadcrumb\",\"itemListElement\":[{\"@type\":\"ListItem\",\"position\":1,\"name\":\"Accueil\",\"item\":\"https:\/\/everydayraquel.com\/\"},{\"@type\":\"ListItem\",\"position\":2,\"name\":\"Projets et r\u00e9alisations\",\"item\":\"https:\/\/everydayraquel.com\/en\/categorie\/projets-realisations\/\"},{\"@type\":\"ListItem\",\"position\":3,\"name\":\"Une boutique \u00e9ph\u00e9m\u00e8re d\u2019illustrations \u00e0 Dunkerque\"}]},{\"@type\":\"WebSite\",\"@id\":\"https:\/\/everydayraquel.com\/#website\",\"url\":\"https:\/\/everydayraquel.com\/\",\"name\":\"EverydayRaquel Art et Illustration\",\"description\":\"Un jour, un dessin\",\"publisher\":{\"@id\":\"https:\/\/everydayraquel.com\/#organization\"},\"alternateName\":\"Artiste Everyday Raquel\",\"potentialAction\":[{\"@type\":\"SearchAction\",\"target\":{\"@type\":\"EntryPoint\",\"urlTemplate\":\"https:\/\/everydayraquel.com\/?s={search_term_string}\"},\"query-input\":{\"@type\":\"PropertyValueSpecification\",\"valueRequired\":true,\"valueName\":\"search_term_string\"}}],\"inLanguage\":\"en-GB\"},{\"@type\":[\"Organization\",\"Place\",\"ArtGallery\"],\"@id\":\"https:\/\/everydayraquel.com\/#organization\",\"name\":\"Everyday Raquel\",\"alternateName\":\"Raquel Artiste Dunkerque\",\"url\":\"https:\/\/everydayraquel.com\/\",\"logo\":{\"@id\":\"https:\/\/everydayraquel.com\/projets-realisations\/une-boutique-ephemere-dillustrations-a-dunkerque\/#local-main-organization-logo\"},\"image\":{\"@id\":\"https:\/\/everydayraquel.com\/projets-realisations\/une-boutique-ephemere-dillustrations-a-dunkerque\/#local-main-organization-logo\"},\"sameAs\":[\"https:\/\/www.facebook.com\/everydayraquel\/\",\"https:\/\/www.instagram.com\/everydayraquel\/\"],\"description\":\"Artiste et illustratrice \u00e0 Dunkerque, je r\u00e9alise des dessins personnalis\u00e9s, vente d'affiches et de cadres, dessins du carnaval et des moments du quotidien. Street art, ateliers de dessins collectifs.\",\"legalName\":\"EveryDay Raquel\",\"foundingDate\":\"2020-07-27\",\"numberOfEmployees\":{\"@type\":\"QuantitativeValue\",\"minValue\":\"1\",\"maxValue\":\"10\"},\"address\":{\"@id\":\"https:\/\/everydayraquel.com\/projets-realisations\/une-boutique-ephemere-dillustrations-a-dunkerque\/#local-main-place-address\"},\"telephone\":[],\"openingHoursSpecification\":[{\"@type\":\"OpeningHoursSpecification\",\"dayOfWeek\":[\"Monday\",\"Tuesday\",\"Wednesday\",\"Thursday\",\"Friday\"],\"opens\":\"09:30\",\"closes\":\"18:00\"},{\"@type\":\"OpeningHoursSpecification\",\"dayOfWeek\":[\"Saturday\"],\"opens\":\"10:00\",\"closes\":\"12:00\"},{\"@type\":\"OpeningHoursSpecification\",\"dayOfWeek\":[\"Sunday\"],\"opens\":\"00:00\",\"closes\":\"00:00\"}],\"email\":\"contact@everydayraquel.com\",\"areaServed\":\"Dunkerque, Grande-Synthe, Bergues, Calais, Hazebrouck, Lille,\",\"priceRange\":\"$$\",\"currenciesAccepted\":\"Euro\",\"paymentAccepted\":\"CB, liquide, cash, carte bancaire\"},{\"@type\":\"Person\",\"@id\":\"https:\/\/everydayraquel.com\/#\/schema\/person\/36d6b01d3007ed58a6b127fc7a55866d\",\"name\":\"EverydayRaquel\",\"image\":{\"@type\":\"ImageObject\",\"inLanguage\":\"en-GB\",\"@id\":\"https:\/\/everydayraquel.com\/#\/schema\/person\/image\/\",\"url\":\"https:\/\/secure.gravatar.com\/avatar\/5e2617d86765c986f856f878f916c1b8fb4e0b31779b30aa04c29ee1c10a7276?s=96&d=mm&r=g\",\"contentUrl\":\"https:\/\/secure.gravatar.com\/avatar\/5e2617d86765c986f856f878f916c1b8fb4e0b31779b30aa04c29ee1c10a7276?s=96&d=mm&r=g\",\"caption\":\"EverydayRaquel\"}},{\"@type\":\"PostalAddress\",\"@id\":\"https:\/\/everydayraquel.com\/projets-realisations\/une-boutique-ephemere-dillustrations-a-dunkerque\/#local-main-place-address\",\"streetAddress\":\"Rue Winston Churchill\",\"addressLocality\":\"Dunkerque\",\"postalCode\":\"59240\",\"addressCountry\":\"FR\"},{\"@type\":\"ImageObject\",\"inLanguage\":\"en-GB\",\"@id\":\"https:\/\/everydayraquel.com\/projets-realisations\/une-boutique-ephemere-dillustrations-a-dunkerque\/#local-main-organization-logo\",\"url\":\"https:\/\/everydayraquel.com\/wp-content\/uploads\/2020\/11\/everydayraquel_logo_mirroir.png\",\"contentUrl\":\"https:\/\/everydayraquel.com\/wp-content\/uploads\/2020\/11\/everydayraquel_logo_mirroir.png\",\"width\":670,\"height\":290,\"caption\":\"Everyday Raquel\"}]}<\/script>\n<meta name=\"geo.placename\" content=\"Dunkerque\" \/>\n<meta name=\"geo.region\" content=\"France\" \/>","yoast_head_json":{"title":"Une boutique \u00e9ph\u00e9m\u00e8re d\u2019illustrations \u00e0 Dunkerque &#8211; EverydayRaquel","robots":{"index":"index","follow":"follow","max-snippet":"max-snippet:-1","max-image-preview":"max-image-preview:large","max-video-preview":"max-video-preview:-1"},"canonical":"https:\/\/everydayraquel.com\/en\/projets-realisations\/une-boutique-ephemere-dillustrations-a-dunkerque\/","og_locale":"en_GB","og_type":"article","og_title":"Une boutique \u00e9ph\u00e9m\u00e8re d\u2019illustrations \u00e0 Dunkerque","og_description":"Du 22 mars au 2 avril, j\u2019ai eu le plaisir d\u2019investir la boite cr\u00e9ative bleue sur la Place Jean-Bart. Pendant la p\u00e9riode de fin mars 2022, j\u2019ai transform\u00e9 la boite cr\u00e9ative bleue dans un atelier de cr\u00e9ation, un lieu d\u2019exposition et une boutique \u00e9ph\u00e9m\u00e8re. Avec le but de diffuser et partager au plus grand nombre [&hellip;]","og_url":"https:\/\/everydayraquel.com\/en\/projets-realisations\/une-boutique-ephemere-dillustrations-a-dunkerque\/","og_site_name":"EverydayRaquel","article_publisher":"https:\/\/www.facebook.com\/everydayraquel\/","article_published_time":"2022-04-04T15:54:00+00:00","article_modified_time":"2022-07-20T15:12:20+00:00","og_image":[{"width":1200,"height":675,"url":"https:\/\/everydayraquel.com\/wp-content\/uploads\/2022\/07\/Vernissage-Everydayraquel-Place-Jean-Bart.jpg","type":"image\/jpeg"}],"author":"EverydayRaquel","twitter_card":"summary_large_image","twitter_misc":{"Written by":"EverydayRaquel","Estimated reading time":"3 minutes"},"schema":{"@context":"https:\/\/schema.org","@graph":[{"@type":"Article","@id":"https:\/\/everydayraquel.com\/projets-realisations\/une-boutique-ephemere-dillustrations-a-dunkerque\/#article","isPartOf":{"@id":"https:\/\/everydayraquel.com\/projets-realisations\/une-boutique-ephemere-dillustrations-a-dunkerque\/"},"author":{"name":"EverydayRaquel","@id":"https:\/\/everydayraquel.com\/#\/schema\/person\/36d6b01d3007ed58a6b127fc7a55866d"},"headline":"Une boutique \u00e9ph\u00e9m\u00e8re d\u2019illustrations \u00e0 Dunkerque","datePublished":"2022-04-04T15:54:00+00:00","dateModified":"2022-07-20T15:12:20+00:00","mainEntityOfPage":{"@id":"https:\/\/everydayraquel.com\/projets-realisations\/une-boutique-ephemere-dillustrations-a-dunkerque\/"},"wordCount":423,"commentCount":0,"publisher":{"@id":"https:\/\/everydayraquel.com\/#organization"},"image":{"@id":"https:\/\/everydayraquel.com\/projets-realisations\/une-boutique-ephemere-dillustrations-a-dunkerque\/#primaryimage"},"thumbnailUrl":"https:\/\/everydayraquel.com\/wp-content\/uploads\/2022\/07\/Vernissage-Everydayraquel-Place-Jean-Bart.jpg","articleSection":["Projets et r\u00e9alisations"],"inLanguage":"en-GB","potentialAction":[{"@type":"CommentAction","name":"Comment","target":["https:\/\/everydayraquel.com\/projets-realisations\/une-boutique-ephemere-dillustrations-a-dunkerque\/#respond"]}]},{"@type":"WebPage","@id":"https:\/\/everydayraquel.com\/projets-realisations\/une-boutique-ephemere-dillustrations-a-dunkerque\/","url":"https:\/\/everydayraquel.com\/projets-realisations\/une-boutique-ephemere-dillustrations-a-dunkerque\/","name":"Une boutique \u00e9ph\u00e9m\u00e8re d\u2019illustrations \u00e0 Dunkerque &#8211; EverydayRaquel","isPartOf":{"@id":"https:\/\/everydayraquel.com\/#website"},"primaryImageOfPage":{"@id":"https:\/\/everydayraquel.com\/projets-realisations\/une-boutique-ephemere-dillustrations-a-dunkerque\/#primaryimage"},"image":{"@id":"https:\/\/everydayraquel.com\/projets-realisations\/une-boutique-ephemere-dillustrations-a-dunkerque\/#primaryimage"},"thumbnailUrl":"https:\/\/everydayraquel.com\/wp-content\/uploads\/2022\/07\/Vernissage-Everydayraquel-Place-Jean-Bart.jpg","datePublished":"2022-04-04T15:54:00+00:00","dateModified":"2022-07-20T15:12:20+00:00","breadcrumb":{"@id":"https:\/\/everydayraquel.com\/projets-realisations\/une-boutique-ephemere-dillustrations-a-dunkerque\/#breadcrumb"},"inLanguage":"en-GB","potentialAction":[{"@type":"ReadAction","target":["https:\/\/everydayraquel.com\/projets-realisations\/une-boutique-ephemere-dillustrations-a-dunkerque\/"]}]},{"@type":"ImageObject","inLanguage":"en-GB","@id":"https:\/\/everydayraquel.com\/projets-realisations\/une-boutique-ephemere-dillustrations-a-dunkerque\/#primaryimage","url":"https:\/\/everydayraquel.com\/wp-content\/uploads\/2022\/07\/Vernissage-Everydayraquel-Place-Jean-Bart.jpg","contentUrl":"https:\/\/everydayraquel.com\/wp-content\/uploads\/2022\/07\/Vernissage-Everydayraquel-Place-Jean-Bart.jpg","width":1200,"height":675},{"@type":"BreadcrumbList","@id":"https:\/\/everydayraquel.com\/projets-realisations\/une-boutique-ephemere-dillustrations-a-dunkerque\/#breadcrumb","itemListElement":[{"@type":"ListItem","position":1,"name":"Accueil","item":"https:\/\/everydayraquel.com\/"},{"@type":"ListItem","position":2,"name":"Projets et r\u00e9alisations","item":"https:\/\/everydayraquel.com\/en\/categorie\/projets-realisations\/"},{"@type":"ListItem","position":3,"name":"Une boutique \u00e9ph\u00e9m\u00e8re d\u2019illustrations \u00e0 Dunkerque"}]},{"@type":"WebSite","@id":"https:\/\/everydayraquel.com\/#website","url":"https:\/\/everydayraquel.com\/","name":"EverydayRaquel Art et Illustration","description":"Un jour, un dessin","publisher":{"@id":"https:\/\/everydayraquel.com\/#organization"},"alternateName":"Artiste Everyday Raquel","potentialAction":[{"@type":"SearchAction","target":{"@type":"EntryPoint","urlTemplate":"https:\/\/everydayraquel.com\/?s={search_term_string}"},"query-input":{"@type":"PropertyValueSpecification","valueRequired":true,"valueName":"search_term_string"}}],"inLanguage":"en-GB"},{"@type":["Organization","Place","ArtGallery"],"@id":"https:\/\/everydayraquel.com\/#organization","name":"Everyday Raquel","alternateName":"Raquel Artiste Dunkerque","url":"https:\/\/everydayraquel.com\/","logo":{"@id":"https:\/\/everydayraquel.com\/projets-realisations\/une-boutique-ephemere-dillustrations-a-dunkerque\/#local-main-organization-logo"},"image":{"@id":"https:\/\/everydayraquel.com\/projets-realisations\/une-boutique-ephemere-dillustrations-a-dunkerque\/#local-main-organization-logo"},"sameAs":["https:\/\/www.facebook.com\/everydayraquel\/","https:\/\/www.instagram.com\/everydayraquel\/"],"description":"Artiste et illustratrice \u00e0 Dunkerque, je r\u00e9alise des dessins personnalis\u00e9s, vente d'affiches et de cadres, dessins du carnaval et des moments du quotidien. Street art, ateliers de dessins collectifs.","legalName":"EveryDay Raquel","foundingDate":"2020-07-27","numberOfEmployees":{"@type":"QuantitativeValue","minValue":"1","maxValue":"10"},"address":{"@id":"https:\/\/everydayraquel.com\/projets-realisations\/une-boutique-ephemere-dillustrations-a-dunkerque\/#local-main-place-address"},"telephone":[],"openingHoursSpecification":[{"@type":"OpeningHoursSpecification","dayOfWeek":["Monday","Tuesday","Wednesday","Thursday","Friday"],"opens":"09:30","closes":"18:00"},{"@type":"OpeningHoursSpecification","dayOfWeek":["Saturday"],"opens":"10:00","closes":"12:00"},{"@type":"OpeningHoursSpecification","dayOfWeek":["Sunday"],"opens":"00:00","closes":"00:00"}],"email":"contact@everydayraquel.com","areaServed":"Dunkerque, Grande-Synthe, Bergues, Calais, Hazebrouck, Lille,","priceRange":"$$","currenciesAccepted":"Euro","paymentAccepted":"CB, liquide, cash, carte bancaire"},{"@type":"Person","@id":"https:\/\/everydayraquel.com\/#\/schema\/person\/36d6b01d3007ed58a6b127fc7a55866d","name":"EverydayRaquel","image":{"@type":"ImageObject","inLanguage":"en-GB","@id":"https:\/\/everydayraquel.com\/#\/schema\/person\/image\/","url":"https:\/\/secure.gravatar.com\/avatar\/5e2617d86765c986f856f878f916c1b8fb4e0b31779b30aa04c29ee1c10a7276?s=96&d=mm&r=g","contentUrl":"https:\/\/secure.gravatar.com\/avatar\/5e2617d86765c986f856f878f916c1b8fb4e0b31779b30aa04c29ee1c10a7276?s=96&d=mm&r=g","caption":"EverydayRaquel"}},{"@type":"PostalAddress","@id":"https:\/\/everydayraquel.com\/projets-realisations\/une-boutique-ephemere-dillustrations-a-dunkerque\/#local-main-place-address","streetAddress":"Rue Winston Churchill","addressLocality":"Dunkerque","postalCode":"59240","addressCountry":"FR"},{"@type":"ImageObject","inLanguage":"en-GB","@id":"https:\/\/everydayraquel.com\/projets-realisations\/une-boutique-ephemere-dillustrations-a-dunkerque\/#local-main-organization-logo","url":"https:\/\/everydayraquel.com\/wp-content\/uploads\/2020\/11\/everydayraquel_logo_mirroir.png","contentUrl":"https:\/\/everydayraquel.com\/wp-content\/uploads\/2020\/11\/everydayraquel_logo_mirroir.png","width":670,"height":290,"caption":"Everyday Raquel"}]},"geo.placename":"Dunkerque","geo.region":"France"},"_links":{"self":[{"href":"https:\/\/everydayraquel.com\/en\/wp-json\/wp\/v2\/posts\/4474","targetHints":{"allow":["GET"]}}],"collection":[{"href":"https:\/\/everydayraquel.com\/en\/wp-json\/wp\/v2\/posts"}],"about":[{"href":"https:\/\/everydayraquel.com\/en\/wp-json\/wp\/v2\/types\/post"}],"author":[{"embeddable":true,"href":"https:\/\/everydayraquel.com\/en\/wp-json\/wp\/v2\/users\/1"}],"replies":[{"embeddable":true,"href":"https:\/\/everydayraquel.com\/en\/wp-json\/wp\/v2\/comments?post=4474"}],"version-history":[{"count":0,"href":"https:\/\/everydayraquel.com\/en\/wp-json\/wp\/v2\/posts\/4474\/revisions"}],"wp:featuredmedia":[{"embeddable":true,"href":"https:\/\/everydayraquel.com\/en\/wp-json\/wp\/v2\/media\/4486"}],"wp:attachment":[{"href":"https:\/\/everydayraquel.com\/en\/wp-json\/wp\/v2\/media?parent=4474"}],"wp:term":[{"taxonomy":"category","embeddable":true,"href":"https:\/\/everydayraquel.com\/en\/wp-json\/wp\/v2\/categories?post=4474"},{"taxonomy":"post_tag","embeddable":true,"href":"https:\/\/everydayraquel.com\/en\/wp-json\/wp\/v2\/tags?post=4474"}],"curies":[{"name":"wp","href":"https:\/\/api.w.org\/{rel}","templated":true}]}}