{"id":4444,"date":"2022-02-26T15:45:00","date_gmt":"2022-02-26T14:45:00","guid":{"rendered":"https:\/\/everydayraquel.com\/?p=4444"},"modified":"2022-09-29T11:59:17","modified_gmt":"2022-09-29T09:59:17","slug":"je-realise-des-faire-parts-illustres-personnalises","status":"publish","type":"post","link":"https:\/\/everydayraquel.com\/en\/projets-realisations\/je-realise-des-faire-parts-illustres-personnalises\/","title":{"rendered":"Je r\u00e9alise des Faire-parts illustr\u00e9s &#038; personnalis\u00e9s !"},"content":{"rendered":"<div data-elementor-type=\"wp-post\" data-elementor-id=\"4444\" class=\"elementor elementor-4444\" data-elementor-post-type=\"post\">\n\t\t\t\t\t\t<section class=\"elementor-section elementor-top-section elementor-element elementor-element-6def066 elementor-section-boxed elementor-section-height-default elementor-section-height-default\" data-id=\"6def066\" data-element_type=\"section\" data-e-type=\"section\">\n\t\t\t\t\t\t<div class=\"elementor-container elementor-column-gap-default\">\n\t\t\t\t\t<div class=\"elementor-column elementor-col-100 elementor-top-column elementor-element elementor-element-4a6a4f73\" data-id=\"4a6a4f73\" data-element_type=\"column\" data-e-type=\"column\">\n\t\t\t<div class=\"elementor-widget-wrap elementor-element-populated\">\n\t\t\t\t\t\t<div class=\"elementor-element elementor-element-819c95f elementor-widget elementor-widget-heading\" data-id=\"819c95f\" data-element_type=\"widget\" data-e-type=\"widget\" data-widget_type=\"heading.default\">\n\t\t\t\t<div class=\"elementor-widget-container\">\n\t\t\t\t\t<h2 class=\"elementor-heading-title elementor-size-default\">Artiste illustratrice bas\u00e9e \u00e0 Dunkerque, je r\u00e9alise votre faire-part id\u00e9al<\/h2>\t\t\t\t<\/div>\n\t\t\t\t<\/div>\n\t\t\t\t<div class=\"elementor-element elementor-element-657713d elementor-widget elementor-widget-text-editor\" data-id=\"657713d\" data-element_type=\"widget\" data-e-type=\"widget\" data-widget_type=\"text-editor.default\">\n\t\t\t\t<div class=\"elementor-widget-container\">\n\t\t\t\t\t\t\t\t\t<p>Annoncez vos \u00e9v\u00e9nements de fa\u00e7on unique : un mariage, la naissance d\u2019un enfant, un bapt\u00eame, un anniversaire, une cr\u00e9maill\u00e8re&#8230;<\/p>\n<p>Marquez les esprits de vos proches avec un dessin unique qui vous ressemble. Un faire-part illustr\u00e9 qui sera gard\u00e9 pr\u00e9cieusement et qui \u00e9voquera des merveilleux souvenirs ! Voici ce que je vous propose : \u00e0 partir de vos id\u00e9es et de vos souhaits, je r\u00e9alise l\u2019illustration, le graphisme, la mise en page du texte et l\u2019impression de votre faire-part.<\/p>\t\t\t\t\t\t\t\t<\/div>\n\t\t\t\t<\/div>\n\t\t\t\t<div class=\"elementor-element elementor-element-fb72bae elementor-widget elementor-widget-heading\" data-id=\"fb72bae\" data-element_type=\"widget\" data-e-type=\"widget\" data-widget_type=\"heading.default\">\n\t\t\t\t<div class=\"elementor-widget-container\">\n\t\t\t\t\t<h2 class=\"elementor-heading-title elementor-size-default\">Une illustration r\u00e9alis\u00e9e \u00e0 la main<\/h2>\t\t\t\t<\/div>\n\t\t\t\t<\/div>\n\t\t\t\t<div class=\"elementor-element elementor-element-e82151f elementor-widget elementor-widget-image\" data-id=\"e82151f\" data-element_type=\"widget\" data-e-type=\"widget\" data-widget_type=\"image.default\">\n\t\t\t\t<div class=\"elementor-widget-container\">\n\t\t\t\t\t\t\t\t\t\t\t\t\t\t\t<img fetchpriority=\"high\" decoding=\"async\" width=\"1024\" height=\"683\" src=\"https:\/\/everydayraquel.com\/wp-content\/uploads\/2022\/07\/Raquel-dessin-a-la-main-1024x683.jpg\" class=\"attachment-large size-large wp-image-4446\" alt=\"\" srcset=\"https:\/\/everydayraquel.com\/wp-content\/uploads\/2022\/07\/Raquel-dessin-a-la-main-1024x683.jpg 1024w, https:\/\/everydayraquel.com\/wp-content\/uploads\/2022\/07\/Raquel-dessin-a-la-main-300x200.jpg 300w, https:\/\/everydayraquel.com\/wp-content\/uploads\/2022\/07\/Raquel-dessin-a-la-main-600x400.jpg 600w, https:\/\/everydayraquel.com\/wp-content\/uploads\/2022\/07\/Raquel-dessin-a-la-main-64x43.jpg 64w, https:\/\/everydayraquel.com\/wp-content\/uploads\/2022\/07\/Raquel-dessin-a-la-main-768x512.jpg 768w, https:\/\/everydayraquel.com\/wp-content\/uploads\/2022\/07\/Raquel-dessin-a-la-main-18x12.jpg 18w, https:\/\/everydayraquel.com\/wp-content\/uploads\/2022\/07\/Raquel-dessin-a-la-main.jpg 1200w\" sizes=\"(max-width: 1024px) 100vw, 1024px\" \/>\t\t\t\t\t\t\t\t\t\t\t\t\t\t\t<\/div>\n\t\t\t\t<\/div>\n\t\t\t\t<div class=\"elementor-element elementor-element-eebfc5f elementor-widget elementor-widget-text-editor\" data-id=\"eebfc5f\" data-element_type=\"widget\" data-e-type=\"widget\" data-widget_type=\"text-editor.default\">\n\t\t\t\t<div class=\"elementor-widget-container\">\n\t\t\t\t\t\t\t\t\t<p style=\"font-size: 16px; font-style: normal; font-weight: 300;\">Tous mes dessins originaux sont r\u00e9alis\u00e9s \u00e0 la main sur du papier <span class=\"notion-enable-hover\" style=\"font-style: italic; font-weight: 600;\" data-token-index=\"1\" data-reactroot=\"\">Canson<\/span><span style=\"font-family: 'Apple Color Emoji','Segoe UI Emoji',NotoColorEmoji,'Noto Color Emoji','Segoe UI Symbol','Android Emoji',EmojiSymbols; line-height: 1em; white-space: nowrap; font-size: 1em;\" role=\"image\" aria-label=\"\u00ae\">\u00ae<\/span>\u00a0<span class=\"notion-enable-hover\" style=\"font-style: italic; font-weight: 600;\" data-token-index=\"3\" data-reactroot=\"\">The<\/span>\u00a0<span class=\"notion-enable-hover\" style=\"font-style: italic; font-weight: 600;\" data-token-index=\"5\" data-reactroot=\"\">Wall <\/span>et avec des feutres \u00e0 l\u2019alcool au format 15 x 15 cm. En utilisant mon style, j\u2019interpr\u00e8te vos id\u00e9es et vous pourrez choisir parmi plusieurs croquis propos\u00e9s. Le dessin sera par la suite finalis\u00e9 avec le th\u00e8me de couleurs de votre choix puis num\u00e9ris\u00e9 pour la mise en page du faire-part.<\/p>\t\t\t\t\t\t\t\t<\/div>\n\t\t\t\t<\/div>\n\t\t\t\t<div class=\"elementor-element elementor-element-3eac928 elementor-widget elementor-widget-heading\" data-id=\"3eac928\" data-element_type=\"widget\" data-e-type=\"widget\" data-widget_type=\"heading.default\">\n\t\t\t\t<div class=\"elementor-widget-container\">\n\t\t\t\t\t<h2 class=\"elementor-heading-title elementor-size-default\">Mise en page et impression<\/h2>\t\t\t\t<\/div>\n\t\t\t\t<\/div>\n\t\t\t\t<div class=\"elementor-element elementor-element-bc83dc2 elementor-widget elementor-widget-image\" data-id=\"bc83dc2\" data-element_type=\"widget\" data-e-type=\"widget\" data-widget_type=\"image.default\">\n\t\t\t\t<div class=\"elementor-widget-container\">\n\t\t\t\t\t\t\t\t\t\t\t\t<figure class=\"wp-caption\">\n\t\t\t\t\t\t\t\t\t\t<img decoding=\"async\" width=\"900\" height=\"900\" src=\"https:\/\/everydayraquel.com\/wp-content\/uploads\/2022\/07\/Faire-part-exemple.jpg\" class=\"attachment-large size-large wp-image-4447\" alt=\"\" srcset=\"https:\/\/everydayraquel.com\/wp-content\/uploads\/2022\/07\/Faire-part-exemple.jpg 900w, https:\/\/everydayraquel.com\/wp-content\/uploads\/2022\/07\/Faire-part-exemple-300x300.jpg 300w, https:\/\/everydayraquel.com\/wp-content\/uploads\/2022\/07\/Faire-part-exemple-100x100.jpg 100w, https:\/\/everydayraquel.com\/wp-content\/uploads\/2022\/07\/Faire-part-exemple-600x600.jpg 600w, https:\/\/everydayraquel.com\/wp-content\/uploads\/2022\/07\/Faire-part-exemple-64x64.jpg 64w, https:\/\/everydayraquel.com\/wp-content\/uploads\/2022\/07\/Faire-part-exemple-150x150.jpg 150w, https:\/\/everydayraquel.com\/wp-content\/uploads\/2022\/07\/Faire-part-exemple-768x768.jpg 768w, https:\/\/everydayraquel.com\/wp-content\/uploads\/2022\/07\/Faire-part-exemple-12x12.jpg 12w\" sizes=\"(max-width: 900px) 100vw, 900px\" \/>\t\t\t\t\t\t\t\t\t\t\t<figcaption class=\"widget-image-caption wp-caption-text\">Illustration d'un faire-part<\/figcaption>\n\t\t\t\t\t\t\t\t\t\t<\/figure>\n\t\t\t\t\t\t\t\t\t<\/div>\n\t\t\t\t<\/div>\n\t\t\t\t<div class=\"elementor-element elementor-element-eca7dda elementor-widget elementor-widget-text-editor\" data-id=\"eca7dda\" data-element_type=\"widget\" data-e-type=\"widget\" data-widget_type=\"text-editor.default\">\n\t\t\t\t<div class=\"elementor-widget-container\">\n\t\t\t\t\t\t\t\t\t<p><span style=\"font-size: 16px; background-color: transparent;\">Nous s\u00e9lectionnerons les textes et la composition du faire-part ensemble et je mettrai en page au format que vous souhaitez. Nous choisirons les enveloppes et le fichier sera envoy\u00e9 apr\u00e8s votre validation \u00e0 mon imprimeur de confiance.<br \/>Une fois que tout sera imprim\u00e9 vous recevrez chez vous dans les jours qui suivent le dessin original et vos faire-parts avec les enveloppes pr\u00eats pour \u00eatre envoy\u00e9es !<\/span><\/p>\n<p style=\"text-align: left;\">Pour toute commande n&rsquo;h\u00e9sitez pas \u00e0 demander un devis via <a href=\"https:\/\/everydayraquel.com\/en\/contact\/\">mon formulaire de contact<\/a>\u00a0:<\/p>\t\t\t\t\t\t\t\t<\/div>\n\t\t\t\t<\/div>\n\t\t\t\t<div class=\"elementor-element elementor-element-755fa74 elementor-align-center elementor-widget elementor-widget-button\" data-id=\"755fa74\" data-element_type=\"widget\" data-e-type=\"widget\" data-widget_type=\"button.default\">\n\t\t\t\t<div class=\"elementor-widget-container\">\n\t\t\t\t\t\t\t\t\t<div class=\"elementor-button-wrapper\">\n\t\t\t\t\t<a class=\"elementor-button elementor-button-link elementor-size-sm\" href=\"https:\/\/everydayraquel.com\/en\/contact\/\">\n\t\t\t\t\t\t<span class=\"elementor-button-content-wrapper\">\n\t\t\t\t\t\t\t\t\t<span class=\"elementor-button-text\">Contactez-moi<\/span>\n\t\t\t\t\t<\/span>\n\t\t\t\t\t<\/a>\n\t\t\t\t<\/div>\n\t\t\t\t\t\t\t\t<\/div>\n\t\t\t\t<\/div>\n\t\t\t\t\t<\/div>\n\t\t<\/div>\n\t\t\t\t\t<\/div>\n\t\t<\/section>\n\t\t\t\t<section class=\"elementor-section elementor-top-section elementor-element elementor-element-4a47c5b elementor-section-boxed elementor-section-height-default elementor-section-height-default\" data-id=\"4a47c5b\" data-element_type=\"section\" data-e-type=\"section\">\n\t\t\t\t\t\t<div class=\"elementor-container elementor-column-gap-default\">\n\t\t\t\t\t<div class=\"elementor-column elementor-col-100 elementor-top-column elementor-element elementor-element-a1032dc\" data-id=\"a1032dc\" data-element_type=\"column\" data-e-type=\"column\">\n\t\t\t<div class=\"elementor-widget-wrap elementor-element-populated\">\n\t\t\t\t\t\t<div class=\"elementor-element elementor-element-97ee164 elementor-widget elementor-widget-text-editor\" data-id=\"97ee164\" data-element_type=\"widget\" data-e-type=\"widget\" data-widget_type=\"text-editor.default\">\n\t\t\t\t<div class=\"elementor-widget-container\">\n\t\t\t\t\t\t\t\t\t<p style=\"text-align: center;\">Vous pouvez \u00e9galement me contacter via mes contacter via mes r\u00e9seaux sociaux\u00a0<a href=\"https:\/\/www.facebook.com\/everydayraquel\">Facebook<\/a>\u00a0&amp;\u00a0<a href=\"https:\/\/www.instagram.com\/everydayraquel\/\">Instagram<\/a>.<\/p>\t\t\t\t\t\t\t\t<\/div>\n\t\t\t\t<\/div>\n\t\t\t\t\t<\/div>\n\t\t<\/div>\n\t\t\t\t\t<\/div>\n\t\t<\/section>\n\t\t\t\t<\/div>","protected":false},"excerpt":{"rendered":"<p>Artiste illustratrice bas\u00e9e \u00e0 Dunkerque, je r\u00e9alise votre faire-part id\u00e9al Annoncez vos \u00e9v\u00e9nements de fa\u00e7on unique : un mariage, la naissance d\u2019un enfant, un bapt\u00eame, un anniversaire, une cr\u00e9maill\u00e8re&#8230; Marquez les esprits de vos proches avec un dessin unique qui vous ressemble. Un faire-part illustr\u00e9 qui sera gard\u00e9 pr\u00e9cieusement et qui \u00e9voquera des merveilleux souvenirs [&hellip;]<\/p>\n","protected":false},"author":1,"featured_media":4446,"comment_status":"open","ping_status":"open","sticky":false,"template":"","format":"standard","meta":{"site-sidebar-layout":"default","site-content-layout":"default","ast-site-content-layout":"default","site-content-style":"default","site-sidebar-style":"default","ast-global-header-display":"","ast-banner-title-visibility":"","ast-main-header-display":"","ast-hfb-above-header-display":"","ast-hfb-below-header-display":"","ast-hfb-mobile-header-display":"","site-post-title":"","ast-breadcrumbs-content":"","ast-featured-img":"","footer-sml-layout":"","ast-disable-related-posts":"","theme-transparent-header-meta":"default","adv-header-id-meta":"","stick-header-meta":"","header-above-stick-meta":"","header-main-stick-meta":"","header-below-stick-meta":"","astra-migrate-meta-layouts":"default","ast-page-background-enabled":"default","ast-page-background-meta":{"desktop":{"background-color":"","background-image":"","background-repeat":"repeat","background-position":"center center","background-size":"auto","background-attachment":"scroll","background-type":"","background-media":"","overlay-type":"","overlay-color":"","overlay-opacity":"","overlay-gradient":""},"tablet":{"background-color":"","background-image":"","background-repeat":"repeat","background-position":"center center","background-size":"auto","background-attachment":"scroll","background-type":"","background-media":"","overlay-type":"","overlay-color":"","overlay-opacity":"","overlay-gradient":""},"mobile":{"background-color":"","background-image":"","background-repeat":"repeat","background-position":"center center","background-size":"auto","background-attachment":"scroll","background-type":"","background-media":"","overlay-type":"","overlay-color":"","overlay-opacity":"","overlay-gradient":""}},"ast-content-background-meta":{"desktop":{"background-color":"var(--ast-global-color-5)","background-image":"","background-repeat":"repeat","background-position":"center center","background-size":"auto","background-attachment":"scroll","background-type":"","background-media":"","overlay-type":"","overlay-color":"","overlay-opacity":"","overlay-gradient":""},"tablet":{"background-color":"var(--ast-global-color-5)","background-image":"","background-repeat":"repeat","background-position":"center center","background-size":"auto","background-attachment":"scroll","background-type":"","background-media":"","overlay-type":"","overlay-color":"","overlay-opacity":"","overlay-gradient":""},"mobile":{"background-color":"var(--ast-global-color-5)","background-image":"","background-repeat":"repeat","background-position":"center center","background-size":"auto","background-attachment":"scroll","background-type":"","background-media":"","overlay-type":"","overlay-color":"","overlay-opacity":"","overlay-gradient":""}},"footnotes":""},"categories":[1],"tags":[],"class_list":["post-4444","post","type-post","status-publish","format-standard","has-post-thumbnail","hentry","category-projets-realisations"],"yoast_head":"<title>Je r\u00e9alise des Faire-parts illustr\u00e9s &amp; personnalis\u00e9s ! &#8211; EverydayRaquel<\/title>\n<meta name=\"robots\" content=\"index, follow, max-snippet:-1, max-image-preview:large, max-video-preview:-1\" \/>\n<link rel=\"canonical\" href=\"https:\/\/everydayraquel.com\/en\/projets-realisations\/je-realise-des-faire-parts-illustres-personnalises\/\" \/>\n<meta property=\"og:locale\" content=\"en_GB\" \/>\n<meta property=\"og:type\" content=\"article\" \/>\n<meta property=\"og:title\" content=\"Je r\u00e9alise des Faire-parts illustr\u00e9s &amp; personnalis\u00e9s !\" \/>\n<meta property=\"og:description\" content=\"Artiste illustratrice bas\u00e9e \u00e0 Dunkerque, je r\u00e9alise votre faire-part id\u00e9al Annoncez vos \u00e9v\u00e9nements de fa\u00e7on unique : un mariage, la naissance d\u2019un enfant, un bapt\u00eame, un anniversaire, une cr\u00e9maill\u00e8re&#8230; Marquez les esprits de vos proches avec un dessin unique qui vous ressemble. Un faire-part illustr\u00e9 qui sera gard\u00e9 pr\u00e9cieusement et qui \u00e9voquera des merveilleux souvenirs [&hellip;]\" \/>\n<meta property=\"og:url\" content=\"https:\/\/everydayraquel.com\/en\/projets-realisations\/je-realise-des-faire-parts-illustres-personnalises\/\" \/>\n<meta property=\"og:site_name\" content=\"EverydayRaquel\" \/>\n<meta property=\"article:publisher\" content=\"https:\/\/www.facebook.com\/everydayraquel\/\" \/>\n<meta property=\"article:published_time\" content=\"2022-02-26T14:45:00+00:00\" \/>\n<meta property=\"article:modified_time\" content=\"2022-09-29T09:59:17+00:00\" \/>\n<meta property=\"og:image\" content=\"https:\/\/everydayraquel.com\/wp-content\/uploads\/2022\/07\/Raquel-dessin-a-la-main.jpg\" \/>\n\t<meta property=\"og:image:width\" content=\"1200\" \/>\n\t<meta property=\"og:image:height\" content=\"800\" \/>\n\t<meta property=\"og:image:type\" content=\"image\/jpeg\" \/>\n<meta name=\"author\" content=\"EverydayRaquel\" \/>\n<meta name=\"twitter:card\" content=\"summary_large_image\" \/>\n<meta name=\"twitter:label1\" content=\"Written by\" \/>\n\t<meta name=\"twitter:data1\" content=\"EverydayRaquel\" \/>\n\t<meta name=\"twitter:label2\" content=\"Estimated reading time\" \/>\n\t<meta name=\"twitter:data2\" content=\"2 minutes\" \/>\n<script type=\"application\/ld+json\" class=\"yoast-schema-graph\">{\"@context\":\"https:\/\/schema.org\",\"@graph\":[{\"@type\":\"Article\",\"@id\":\"https:\/\/everydayraquel.com\/projets-realisations\/je-realise-des-faire-parts-illustres-personnalises\/#article\",\"isPartOf\":{\"@id\":\"https:\/\/everydayraquel.com\/projets-realisations\/je-realise-des-faire-parts-illustres-personnalises\/\"},\"author\":{\"name\":\"EverydayRaquel\",\"@id\":\"https:\/\/everydayraquel.com\/#\/schema\/person\/36d6b01d3007ed58a6b127fc7a55866d\"},\"headline\":\"Je r\u00e9alise des Faire-parts illustr\u00e9s &#038; personnalis\u00e9s !\",\"datePublished\":\"2022-02-26T14:45:00+00:00\",\"dateModified\":\"2022-09-29T09:59:17+00:00\",\"mainEntityOfPage\":{\"@id\":\"https:\/\/everydayraquel.com\/projets-realisations\/je-realise-des-faire-parts-illustres-personnalises\/\"},\"wordCount\":293,\"commentCount\":0,\"publisher\":{\"@id\":\"https:\/\/everydayraquel.com\/#organization\"},\"image\":{\"@id\":\"https:\/\/everydayraquel.com\/projets-realisations\/je-realise-des-faire-parts-illustres-personnalises\/#primaryimage\"},\"thumbnailUrl\":\"https:\/\/everydayraquel.com\/wp-content\/uploads\/2022\/07\/Raquel-dessin-a-la-main.jpg\",\"articleSection\":[\"Projets et r\u00e9alisations\"],\"inLanguage\":\"en-GB\",\"potentialAction\":[{\"@type\":\"CommentAction\",\"name\":\"Comment\",\"target\":[\"https:\/\/everydayraquel.com\/projets-realisations\/je-realise-des-faire-parts-illustres-personnalises\/#respond\"]}]},{\"@type\":\"WebPage\",\"@id\":\"https:\/\/everydayraquel.com\/projets-realisations\/je-realise-des-faire-parts-illustres-personnalises\/\",\"url\":\"https:\/\/everydayraquel.com\/projets-realisations\/je-realise-des-faire-parts-illustres-personnalises\/\",\"name\":\"Je r\u00e9alise des Faire-parts illustr\u00e9s & personnalis\u00e9s ! &#8211; EverydayRaquel\",\"isPartOf\":{\"@id\":\"https:\/\/everydayraquel.com\/#website\"},\"primaryImageOfPage\":{\"@id\":\"https:\/\/everydayraquel.com\/projets-realisations\/je-realise-des-faire-parts-illustres-personnalises\/#primaryimage\"},\"image\":{\"@id\":\"https:\/\/everydayraquel.com\/projets-realisations\/je-realise-des-faire-parts-illustres-personnalises\/#primaryimage\"},\"thumbnailUrl\":\"https:\/\/everydayraquel.com\/wp-content\/uploads\/2022\/07\/Raquel-dessin-a-la-main.jpg\",\"datePublished\":\"2022-02-26T14:45:00+00:00\",\"dateModified\":\"2022-09-29T09:59:17+00:00\",\"breadcrumb\":{\"@id\":\"https:\/\/everydayraquel.com\/projets-realisations\/je-realise-des-faire-parts-illustres-personnalises\/#breadcrumb\"},\"inLanguage\":\"en-GB\",\"potentialAction\":[{\"@type\":\"ReadAction\",\"target\":[\"https:\/\/everydayraquel.com\/projets-realisations\/je-realise-des-faire-parts-illustres-personnalises\/\"]}]},{\"@type\":\"ImageObject\",\"inLanguage\":\"en-GB\",\"@id\":\"https:\/\/everydayraquel.com\/projets-realisations\/je-realise-des-faire-parts-illustres-personnalises\/#primaryimage\",\"url\":\"https:\/\/everydayraquel.com\/wp-content\/uploads\/2022\/07\/Raquel-dessin-a-la-main.jpg\",\"contentUrl\":\"https:\/\/everydayraquel.com\/wp-content\/uploads\/2022\/07\/Raquel-dessin-a-la-main.jpg\",\"width\":1200,\"height\":800},{\"@type\":\"BreadcrumbList\",\"@id\":\"https:\/\/everydayraquel.com\/projets-realisations\/je-realise-des-faire-parts-illustres-personnalises\/#breadcrumb\",\"itemListElement\":[{\"@type\":\"ListItem\",\"position\":1,\"name\":\"Accueil\",\"item\":\"https:\/\/everydayraquel.com\/\"},{\"@type\":\"ListItem\",\"position\":2,\"name\":\"Projets et r\u00e9alisations\",\"item\":\"https:\/\/everydayraquel.com\/en\/categorie\/projets-realisations\/\"},{\"@type\":\"ListItem\",\"position\":3,\"name\":\"Je r\u00e9alise des Faire-parts illustr\u00e9s &#038; personnalis\u00e9s !\"}]},{\"@type\":\"WebSite\",\"@id\":\"https:\/\/everydayraquel.com\/#website\",\"url\":\"https:\/\/everydayraquel.com\/\",\"name\":\"EverydayRaquel Art et Illustration\",\"description\":\"Un jour, un dessin\",\"publisher\":{\"@id\":\"https:\/\/everydayraquel.com\/#organization\"},\"alternateName\":\"Artiste Everyday Raquel\",\"potentialAction\":[{\"@type\":\"SearchAction\",\"target\":{\"@type\":\"EntryPoint\",\"urlTemplate\":\"https:\/\/everydayraquel.com\/?s={search_term_string}\"},\"query-input\":{\"@type\":\"PropertyValueSpecification\",\"valueRequired\":true,\"valueName\":\"search_term_string\"}}],\"inLanguage\":\"en-GB\"},{\"@type\":[\"Organization\",\"Place\",\"ArtGallery\"],\"@id\":\"https:\/\/everydayraquel.com\/#organization\",\"name\":\"Everyday Raquel\",\"alternateName\":\"Raquel Artiste Dunkerque\",\"url\":\"https:\/\/everydayraquel.com\/\",\"logo\":{\"@id\":\"https:\/\/everydayraquel.com\/projets-realisations\/je-realise-des-faire-parts-illustres-personnalises\/#local-main-organization-logo\"},\"image\":{\"@id\":\"https:\/\/everydayraquel.com\/projets-realisations\/je-realise-des-faire-parts-illustres-personnalises\/#local-main-organization-logo\"},\"sameAs\":[\"https:\/\/www.facebook.com\/everydayraquel\/\",\"https:\/\/www.instagram.com\/everydayraquel\/\"],\"description\":\"Artiste et illustratrice \u00e0 Dunkerque, je r\u00e9alise des dessins personnalis\u00e9s, vente d'affiches et de cadres, dessins du carnaval et des moments du quotidien. Street art, ateliers de dessins collectifs.\",\"legalName\":\"EveryDay Raquel\",\"foundingDate\":\"2020-07-27\",\"numberOfEmployees\":{\"@type\":\"QuantitativeValue\",\"minValue\":\"1\",\"maxValue\":\"10\"},\"address\":{\"@id\":\"https:\/\/everydayraquel.com\/projets-realisations\/je-realise-des-faire-parts-illustres-personnalises\/#local-main-place-address\"},\"telephone\":[],\"openingHoursSpecification\":[{\"@type\":\"OpeningHoursSpecification\",\"dayOfWeek\":[\"Monday\",\"Tuesday\",\"Wednesday\",\"Thursday\",\"Friday\"],\"opens\":\"09:30\",\"closes\":\"18:00\"},{\"@type\":\"OpeningHoursSpecification\",\"dayOfWeek\":[\"Saturday\"],\"opens\":\"10:00\",\"closes\":\"12:00\"},{\"@type\":\"OpeningHoursSpecification\",\"dayOfWeek\":[\"Sunday\"],\"opens\":\"00:00\",\"closes\":\"00:00\"}],\"email\":\"contact@everydayraquel.com\",\"areaServed\":\"Dunkerque, Grande-Synthe, Bergues, Calais, Hazebrouck, Lille,\",\"priceRange\":\"$$\",\"currenciesAccepted\":\"Euro\",\"paymentAccepted\":\"CB, liquide, cash, carte bancaire\"},{\"@type\":\"Person\",\"@id\":\"https:\/\/everydayraquel.com\/#\/schema\/person\/36d6b01d3007ed58a6b127fc7a55866d\",\"name\":\"EverydayRaquel\",\"image\":{\"@type\":\"ImageObject\",\"inLanguage\":\"en-GB\",\"@id\":\"https:\/\/everydayraquel.com\/#\/schema\/person\/image\/\",\"url\":\"https:\/\/secure.gravatar.com\/avatar\/5e2617d86765c986f856f878f916c1b8fb4e0b31779b30aa04c29ee1c10a7276?s=96&d=mm&r=g\",\"contentUrl\":\"https:\/\/secure.gravatar.com\/avatar\/5e2617d86765c986f856f878f916c1b8fb4e0b31779b30aa04c29ee1c10a7276?s=96&d=mm&r=g\",\"caption\":\"EverydayRaquel\"}},{\"@type\":\"PostalAddress\",\"@id\":\"https:\/\/everydayraquel.com\/projets-realisations\/je-realise-des-faire-parts-illustres-personnalises\/#local-main-place-address\",\"streetAddress\":\"Rue Winston Churchill\",\"addressLocality\":\"Dunkerque\",\"postalCode\":\"59240\",\"addressCountry\":\"FR\"},{\"@type\":\"ImageObject\",\"inLanguage\":\"en-GB\",\"@id\":\"https:\/\/everydayraquel.com\/projets-realisations\/je-realise-des-faire-parts-illustres-personnalises\/#local-main-organization-logo\",\"url\":\"https:\/\/everydayraquel.com\/wp-content\/uploads\/2020\/11\/everydayraquel_logo_mirroir.png\",\"contentUrl\":\"https:\/\/everydayraquel.com\/wp-content\/uploads\/2020\/11\/everydayraquel_logo_mirroir.png\",\"width\":670,\"height\":290,\"caption\":\"Everyday Raquel\"}]}<\/script>\n<meta name=\"geo.placename\" content=\"Dunkerque\" \/>\n<meta name=\"geo.region\" content=\"France\" \/>","yoast_head_json":{"title":"Je r\u00e9alise des Faire-parts illustr\u00e9s & personnalis\u00e9s ! &#8211; EverydayRaquel","robots":{"index":"index","follow":"follow","max-snippet":"max-snippet:-1","max-image-preview":"max-image-preview:large","max-video-preview":"max-video-preview:-1"},"canonical":"https:\/\/everydayraquel.com\/en\/projets-realisations\/je-realise-des-faire-parts-illustres-personnalises\/","og_locale":"en_GB","og_type":"article","og_title":"Je r\u00e9alise des Faire-parts illustr\u00e9s & personnalis\u00e9s !","og_description":"Artiste illustratrice bas\u00e9e \u00e0 Dunkerque, je r\u00e9alise votre faire-part id\u00e9al Annoncez vos \u00e9v\u00e9nements de fa\u00e7on unique : un mariage, la naissance d\u2019un enfant, un bapt\u00eame, un anniversaire, une cr\u00e9maill\u00e8re&#8230; Marquez les esprits de vos proches avec un dessin unique qui vous ressemble. Un faire-part illustr\u00e9 qui sera gard\u00e9 pr\u00e9cieusement et qui \u00e9voquera des merveilleux souvenirs [&hellip;]","og_url":"https:\/\/everydayraquel.com\/en\/projets-realisations\/je-realise-des-faire-parts-illustres-personnalises\/","og_site_name":"EverydayRaquel","article_publisher":"https:\/\/www.facebook.com\/everydayraquel\/","article_published_time":"2022-02-26T14:45:00+00:00","article_modified_time":"2022-09-29T09:59:17+00:00","og_image":[{"width":1200,"height":800,"url":"https:\/\/everydayraquel.com\/wp-content\/uploads\/2022\/07\/Raquel-dessin-a-la-main.jpg","type":"image\/jpeg"}],"author":"EverydayRaquel","twitter_card":"summary_large_image","twitter_misc":{"Written by":"EverydayRaquel","Estimated reading time":"2 minutes"},"schema":{"@context":"https:\/\/schema.org","@graph":[{"@type":"Article","@id":"https:\/\/everydayraquel.com\/projets-realisations\/je-realise-des-faire-parts-illustres-personnalises\/#article","isPartOf":{"@id":"https:\/\/everydayraquel.com\/projets-realisations\/je-realise-des-faire-parts-illustres-personnalises\/"},"author":{"name":"EverydayRaquel","@id":"https:\/\/everydayraquel.com\/#\/schema\/person\/36d6b01d3007ed58a6b127fc7a55866d"},"headline":"Je r\u00e9alise des Faire-parts illustr\u00e9s &#038; personnalis\u00e9s !","datePublished":"2022-02-26T14:45:00+00:00","dateModified":"2022-09-29T09:59:17+00:00","mainEntityOfPage":{"@id":"https:\/\/everydayraquel.com\/projets-realisations\/je-realise-des-faire-parts-illustres-personnalises\/"},"wordCount":293,"commentCount":0,"publisher":{"@id":"https:\/\/everydayraquel.com\/#organization"},"image":{"@id":"https:\/\/everydayraquel.com\/projets-realisations\/je-realise-des-faire-parts-illustres-personnalises\/#primaryimage"},"thumbnailUrl":"https:\/\/everydayraquel.com\/wp-content\/uploads\/2022\/07\/Raquel-dessin-a-la-main.jpg","articleSection":["Projets et r\u00e9alisations"],"inLanguage":"en-GB","potentialAction":[{"@type":"CommentAction","name":"Comment","target":["https:\/\/everydayraquel.com\/projets-realisations\/je-realise-des-faire-parts-illustres-personnalises\/#respond"]}]},{"@type":"WebPage","@id":"https:\/\/everydayraquel.com\/projets-realisations\/je-realise-des-faire-parts-illustres-personnalises\/","url":"https:\/\/everydayraquel.com\/projets-realisations\/je-realise-des-faire-parts-illustres-personnalises\/","name":"Je r\u00e9alise des Faire-parts illustr\u00e9s & personnalis\u00e9s ! &#8211; EverydayRaquel","isPartOf":{"@id":"https:\/\/everydayraquel.com\/#website"},"primaryImageOfPage":{"@id":"https:\/\/everydayraquel.com\/projets-realisations\/je-realise-des-faire-parts-illustres-personnalises\/#primaryimage"},"image":{"@id":"https:\/\/everydayraquel.com\/projets-realisations\/je-realise-des-faire-parts-illustres-personnalises\/#primaryimage"},"thumbnailUrl":"https:\/\/everydayraquel.com\/wp-content\/uploads\/2022\/07\/Raquel-dessin-a-la-main.jpg","datePublished":"2022-02-26T14:45:00+00:00","dateModified":"2022-09-29T09:59:17+00:00","breadcrumb":{"@id":"https:\/\/everydayraquel.com\/projets-realisations\/je-realise-des-faire-parts-illustres-personnalises\/#breadcrumb"},"inLanguage":"en-GB","potentialAction":[{"@type":"ReadAction","target":["https:\/\/everydayraquel.com\/projets-realisations\/je-realise-des-faire-parts-illustres-personnalises\/"]}]},{"@type":"ImageObject","inLanguage":"en-GB","@id":"https:\/\/everydayraquel.com\/projets-realisations\/je-realise-des-faire-parts-illustres-personnalises\/#primaryimage","url":"https:\/\/everydayraquel.com\/wp-content\/uploads\/2022\/07\/Raquel-dessin-a-la-main.jpg","contentUrl":"https:\/\/everydayraquel.com\/wp-content\/uploads\/2022\/07\/Raquel-dessin-a-la-main.jpg","width":1200,"height":800},{"@type":"BreadcrumbList","@id":"https:\/\/everydayraquel.com\/projets-realisations\/je-realise-des-faire-parts-illustres-personnalises\/#breadcrumb","itemListElement":[{"@type":"ListItem","position":1,"name":"Accueil","item":"https:\/\/everydayraquel.com\/"},{"@type":"ListItem","position":2,"name":"Projets et r\u00e9alisations","item":"https:\/\/everydayraquel.com\/en\/categorie\/projets-realisations\/"},{"@type":"ListItem","position":3,"name":"Je r\u00e9alise des Faire-parts illustr\u00e9s &#038; personnalis\u00e9s !"}]},{"@type":"WebSite","@id":"https:\/\/everydayraquel.com\/#website","url":"https:\/\/everydayraquel.com\/","name":"EverydayRaquel Art et Illustration","description":"Un jour, un dessin","publisher":{"@id":"https:\/\/everydayraquel.com\/#organization"},"alternateName":"Artiste Everyday Raquel","potentialAction":[{"@type":"SearchAction","target":{"@type":"EntryPoint","urlTemplate":"https:\/\/everydayraquel.com\/?s={search_term_string}"},"query-input":{"@type":"PropertyValueSpecification","valueRequired":true,"valueName":"search_term_string"}}],"inLanguage":"en-GB"},{"@type":["Organization","Place","ArtGallery"],"@id":"https:\/\/everydayraquel.com\/#organization","name":"Everyday Raquel","alternateName":"Raquel Artiste Dunkerque","url":"https:\/\/everydayraquel.com\/","logo":{"@id":"https:\/\/everydayraquel.com\/projets-realisations\/je-realise-des-faire-parts-illustres-personnalises\/#local-main-organization-logo"},"image":{"@id":"https:\/\/everydayraquel.com\/projets-realisations\/je-realise-des-faire-parts-illustres-personnalises\/#local-main-organization-logo"},"sameAs":["https:\/\/www.facebook.com\/everydayraquel\/","https:\/\/www.instagram.com\/everydayraquel\/"],"description":"Artiste et illustratrice \u00e0 Dunkerque, je r\u00e9alise des dessins personnalis\u00e9s, vente d'affiches et de cadres, dessins du carnaval et des moments du quotidien. Street art, ateliers de dessins collectifs.","legalName":"EveryDay Raquel","foundingDate":"2020-07-27","numberOfEmployees":{"@type":"QuantitativeValue","minValue":"1","maxValue":"10"},"address":{"@id":"https:\/\/everydayraquel.com\/projets-realisations\/je-realise-des-faire-parts-illustres-personnalises\/#local-main-place-address"},"telephone":[],"openingHoursSpecification":[{"@type":"OpeningHoursSpecification","dayOfWeek":["Monday","Tuesday","Wednesday","Thursday","Friday"],"opens":"09:30","closes":"18:00"},{"@type":"OpeningHoursSpecification","dayOfWeek":["Saturday"],"opens":"10:00","closes":"12:00"},{"@type":"OpeningHoursSpecification","dayOfWeek":["Sunday"],"opens":"00:00","closes":"00:00"}],"email":"contact@everydayraquel.com","areaServed":"Dunkerque, Grande-Synthe, Bergues, Calais, Hazebrouck, Lille,","priceRange":"$$","currenciesAccepted":"Euro","paymentAccepted":"CB, liquide, cash, carte bancaire"},{"@type":"Person","@id":"https:\/\/everydayraquel.com\/#\/schema\/person\/36d6b01d3007ed58a6b127fc7a55866d","name":"EverydayRaquel","image":{"@type":"ImageObject","inLanguage":"en-GB","@id":"https:\/\/everydayraquel.com\/#\/schema\/person\/image\/","url":"https:\/\/secure.gravatar.com\/avatar\/5e2617d86765c986f856f878f916c1b8fb4e0b31779b30aa04c29ee1c10a7276?s=96&d=mm&r=g","contentUrl":"https:\/\/secure.gravatar.com\/avatar\/5e2617d86765c986f856f878f916c1b8fb4e0b31779b30aa04c29ee1c10a7276?s=96&d=mm&r=g","caption":"EverydayRaquel"}},{"@type":"PostalAddress","@id":"https:\/\/everydayraquel.com\/projets-realisations\/je-realise-des-faire-parts-illustres-personnalises\/#local-main-place-address","streetAddress":"Rue Winston Churchill","addressLocality":"Dunkerque","postalCode":"59240","addressCountry":"FR"},{"@type":"ImageObject","inLanguage":"en-GB","@id":"https:\/\/everydayraquel.com\/projets-realisations\/je-realise-des-faire-parts-illustres-personnalises\/#local-main-organization-logo","url":"https:\/\/everydayraquel.com\/wp-content\/uploads\/2020\/11\/everydayraquel_logo_mirroir.png","contentUrl":"https:\/\/everydayraquel.com\/wp-content\/uploads\/2020\/11\/everydayraquel_logo_mirroir.png","width":670,"height":290,"caption":"Everyday Raquel"}]},"geo.placename":"Dunkerque","geo.region":"France"},"_links":{"self":[{"href":"https:\/\/everydayraquel.com\/en\/wp-json\/wp\/v2\/posts\/4444","targetHints":{"allow":["GET"]}}],"collection":[{"href":"https:\/\/everydayraquel.com\/en\/wp-json\/wp\/v2\/posts"}],"about":[{"href":"https:\/\/everydayraquel.com\/en\/wp-json\/wp\/v2\/types\/post"}],"author":[{"embeddable":true,"href":"https:\/\/everydayraquel.com\/en\/wp-json\/wp\/v2\/users\/1"}],"replies":[{"embeddable":true,"href":"https:\/\/everydayraquel.com\/en\/wp-json\/wp\/v2\/comments?post=4444"}],"version-history":[{"count":0,"href":"https:\/\/everydayraquel.com\/en\/wp-json\/wp\/v2\/posts\/4444\/revisions"}],"wp:featuredmedia":[{"embeddable":true,"href":"https:\/\/everydayraquel.com\/en\/wp-json\/wp\/v2\/media\/4446"}],"wp:attachment":[{"href":"https:\/\/everydayraquel.com\/en\/wp-json\/wp\/v2\/media?parent=4444"}],"wp:term":[{"taxonomy":"category","embeddable":true,"href":"https:\/\/everydayraquel.com\/en\/wp-json\/wp\/v2\/categories?post=4444"},{"taxonomy":"post_tag","embeddable":true,"href":"https:\/\/everydayraquel.com\/en\/wp-json\/wp\/v2\/tags?post=4444"}],"curies":[{"name":"wp","href":"https:\/\/api.w.org\/{rel}","templated":true}]}}