{"id":4168,"date":"2022-02-10T11:40:36","date_gmt":"2022-02-10T10:40:36","guid":{"rendered":"https:\/\/everydayraquel.com\/?p=4168"},"modified":"2023-04-01T18:54:05","modified_gmt":"2023-04-01T16:54:05","slug":"la-publication-de-mon-premier-livre","status":"publish","type":"post","link":"https:\/\/everydayraquel.com\/en\/projets-realisations\/la-publication-de-mon-premier-livre\/","title":{"rendered":"La publication de mon premier livre d&rsquo;illustrations \u00e0 Dunkerque"},"content":{"rendered":"<div data-elementor-type=\"wp-post\" data-elementor-id=\"4168\" class=\"elementor elementor-4168\" data-elementor-post-type=\"post\">\n\t\t\t\t\t\t<section class=\"elementor-section elementor-top-section elementor-element elementor-element-6def066 elementor-section-boxed elementor-section-height-default elementor-section-height-default\" data-id=\"6def066\" data-element_type=\"section\" data-e-type=\"section\">\n\t\t\t\t\t\t<div class=\"elementor-container elementor-column-gap-default\">\n\t\t\t\t\t<div class=\"elementor-column elementor-col-100 elementor-top-column elementor-element elementor-element-4a6a4f73\" data-id=\"4a6a4f73\" data-element_type=\"column\" data-e-type=\"column\">\n\t\t\t<div class=\"elementor-widget-wrap elementor-element-populated\">\n\t\t\t\t\t\t<div class=\"elementor-element elementor-element-6c5d3e4d elementor-widget elementor-widget-text-editor\" data-id=\"6c5d3e4d\" data-element_type=\"widget\" data-e-type=\"widget\" data-widget_type=\"text-editor.default\">\n\t\t\t\t<div class=\"elementor-widget-container\">\n\t\t\t\t\t\t\t\t\t<p><\/p>\n<h2 style=\"font-style: normal;\">Quel succ\u00e8s ! \u00ab\u00a0La couleur de tous les jours\u00a0\u00bb se trouve&nbsp; aujourd&rsquo;hui dispers\u00e9e partout en France et dans le monde !<\/h2>\n<p><\/p>\t\t\t\t\t\t\t\t<\/div>\n\t\t\t\t<\/div>\n\t\t\t\t<div class=\"elementor-element elementor-element-657713d elementor-widget elementor-widget-text-editor\" data-id=\"657713d\" data-element_type=\"widget\" data-e-type=\"widget\" data-widget_type=\"text-editor.default\">\n\t\t\t\t<div class=\"elementor-widget-container\">\n\t\t\t\t\t\t\t\t\t<p><span style=\"font-size: 16px; font-style: normal; font-weight: 300;\">Apr\u00e8s plusieurs mois de travail et d\u2019investissement, mon premier livre de coloriage \u201cLa couleur de tous le jours\u201d est finalement l\u00e0 ! Il s\u2019agit d\u2019un livre qui revisite les \u00e9v\u00e9nements du quotidien aven une touche de fantaisie. Le cadeau parfait pour des enfants \u00e0 partir de 5 ans ! Ce projet a \u00e9t\u00e9 possible gr\u00e2ce au financement et \u00e0 l\u2019appui de nombreuses personnes qui ont mis leur confiance en moi et dans mon projet via la plateforme de financement participatif\u00a0<\/span><a style=\"font-size: 16px;\" href=\"https:\/\/fr.ulule.com\/la-couleur-de-tous-les-jours\/\" target=\"_blank\" rel=\"noopener\">Ulule.<\/a><\/p>\t\t\t\t\t\t\t\t<\/div>\n\t\t\t\t<\/div>\n\t\t\t\t<div class=\"elementor-element elementor-element-819c95f elementor-widget elementor-widget-heading\" data-id=\"819c95f\" data-element_type=\"widget\" data-e-type=\"widget\" data-widget_type=\"heading.default\">\n\t\t\t\t<div class=\"elementor-widget-container\">\n\t\t\t\t\t<h2 class=\"elementor-heading-title elementor-size-default\"><span style=\"font-size: 2.8rem;font-style: normal;font-weight: 400;white-space: normal;background-color: transparent\">Le contenu du livre<\/span><\/h2>\t\t\t\t<\/div>\n\t\t\t\t<\/div>\n\t\t\t\t<div class=\"elementor-element elementor-element-e82151f elementor-widget elementor-widget-image\" data-id=\"e82151f\" data-element_type=\"widget\" data-e-type=\"widget\" data-widget_type=\"image.default\">\n\t\t\t\t<div class=\"elementor-widget-container\">\n\t\t\t\t\t\t\t\t\t\t\t\t\t\t\t<img fetchpriority=\"high\" decoding=\"async\" width=\"1024\" height=\"775\" src=\"https:\/\/everydayraquel.com\/wp-content\/uploads\/2022\/02\/dessin-pocessus-1024x775.jpg\" class=\"attachment-large size-large wp-image-4170\" alt=\"\" srcset=\"https:\/\/everydayraquel.com\/wp-content\/uploads\/2022\/02\/dessin-pocessus-1024x775.jpg 1024w, https:\/\/everydayraquel.com\/wp-content\/uploads\/2022\/02\/dessin-pocessus-300x227.jpg 300w, https:\/\/everydayraquel.com\/wp-content\/uploads\/2022\/02\/dessin-pocessus-600x454.jpg 600w, https:\/\/everydayraquel.com\/wp-content\/uploads\/2022\/02\/dessin-pocessus-64x48.jpg 64w, https:\/\/everydayraquel.com\/wp-content\/uploads\/2022\/02\/dessin-pocessus-768x581.jpg 768w, https:\/\/everydayraquel.com\/wp-content\/uploads\/2022\/02\/dessin-pocessus-16x12.jpg 16w, https:\/\/everydayraquel.com\/wp-content\/uploads\/2022\/02\/dessin-pocessus.jpg 1152w\" sizes=\"(max-width: 1024px) 100vw, 1024px\" \/>\t\t\t\t\t\t\t\t\t\t\t\t\t\t\t<\/div>\n\t\t\t\t<\/div>\n\t\t\t\t<div class=\"elementor-element elementor-element-eebfc5f elementor-widget elementor-widget-text-editor\" data-id=\"eebfc5f\" data-element_type=\"widget\" data-e-type=\"widget\" data-widget_type=\"text-editor.default\">\n\t\t\t\t<div class=\"elementor-widget-container\">\n\t\t\t\t\t\t\t\t\t<p style=\"font-size: 16px; font-style: normal; font-weight: 300;\">Pour ce projet j\u2019ai r\u00e9alis\u00e9 25 planches pour le livre et 1 grand dessin pour une affiche \u00e0 colorier. Tous les dessins de ce projet ont \u00e9t\u00e9 r\u00e9alis\u00e9s d\u2019abord \u00e0 la main, puis num\u00e9ris\u00e9s.\u00a0<\/p>\n<p style=\"font-size: 16px; font-style: normal; font-weight: 300;\">Dans l\u2019ensemble je distingue 4 chapitres :<\/p>\n<ul style=\"font-size: 16px; font-style: normal; font-weight: 300;\">\n<li style=\"font-size: 16px;\">Plantes et nature<\/li>\n<li style=\"font-size: 16px;\">Les 4 saisons<\/li>\n<li style=\"font-size: 16px;\">La ville et ses d\u00e9tails<\/li>\n<li style=\"font-size: 16px;\">Science fiction et fantaisie<\/li>\n<\/ul>\n<p style=\"font-size: 16px; font-style: normal; font-weight: 300;\">La grande affiche de 50 x 70 cm reprend tous les th\u00e8mes en un seul.<\/p>\t\t\t\t\t\t\t\t<\/div>\n\t\t\t\t<\/div>\n\t\t\t\t<div class=\"elementor-element elementor-element-3eac928 elementor-widget elementor-widget-heading\" data-id=\"3eac928\" data-element_type=\"widget\" data-e-type=\"widget\" data-widget_type=\"heading.default\">\n\t\t\t\t<div class=\"elementor-widget-container\">\n\t\t\t\t\t<h2 class=\"elementor-heading-title elementor-size-default\">La production du livre<\/h2>\t\t\t\t<\/div>\n\t\t\t\t<\/div>\n\t\t\t\t<div class=\"elementor-element elementor-element-bc83dc2 elementor-widget elementor-widget-image\" data-id=\"bc83dc2\" data-element_type=\"widget\" data-e-type=\"widget\" data-widget_type=\"image.default\">\n\t\t\t\t<div class=\"elementor-widget-container\">\n\t\t\t\t\t\t\t\t\t\t\t\t\t\t\t<img decoding=\"async\" width=\"1024\" height=\"683\" src=\"https:\/\/everydayraquel.com\/wp-content\/uploads\/2022\/02\/raquel-avec-livre-1024x683.jpg\" class=\"attachment-large size-large wp-image-4171\" alt=\"\" srcset=\"https:\/\/everydayraquel.com\/wp-content\/uploads\/2022\/02\/raquel-avec-livre-1024x683.jpg 1024w, https:\/\/everydayraquel.com\/wp-content\/uploads\/2022\/02\/raquel-avec-livre-300x200.jpg 300w, https:\/\/everydayraquel.com\/wp-content\/uploads\/2022\/02\/raquel-avec-livre-600x400.jpg 600w, https:\/\/everydayraquel.com\/wp-content\/uploads\/2022\/02\/raquel-avec-livre-64x43.jpg 64w, https:\/\/everydayraquel.com\/wp-content\/uploads\/2022\/02\/raquel-avec-livre-768x512.jpg 768w, https:\/\/everydayraquel.com\/wp-content\/uploads\/2022\/02\/raquel-avec-livre-18x12.jpg 18w, https:\/\/everydayraquel.com\/wp-content\/uploads\/2022\/02\/raquel-avec-livre.jpg 1200w\" sizes=\"(max-width: 1024px) 100vw, 1024px\" \/>\t\t\t\t\t\t\t\t\t\t\t\t\t\t\t<\/div>\n\t\t\t\t<\/div>\n\t\t\t\t<div class=\"elementor-element elementor-element-eca7dda elementor-widget elementor-widget-text-editor\" data-id=\"eca7dda\" data-element_type=\"widget\" data-e-type=\"widget\" data-widget_type=\"text-editor.default\">\n\t\t\t\t<div class=\"elementor-widget-container\">\n\t\t\t\t\t\t\t\t\t<p>Le livre \u00e0 \u00e9t\u00e9 imprim\u00e9 localement \u00e0 Dunkerque. Maintenir un circuit court au moment de la production me tenait particuli\u00e8rement \u00e0 c\u0153ur. L\u2019impression c\u2019est fait sur du papier 170g avec une reliure en dos carr\u00e9 coll\u00e9.<\/p>\n<p style=\"text-align: center;\">Vous pourrez trouver le livre\u00a0<a style=\"font-size: 16px;\" href=\"https:\/\/everydayraquel.com\/en\/boutique\/livres-editions\/la-couleur-de-tous-les-jours-livre-de-coloriage\/\" target=\"_blank\" rel=\"noopener\">en vente ICI !<\/a><\/p>\t\t\t\t\t\t\t\t<\/div>\n\t\t\t\t<\/div>\n\t\t\t\t<div class=\"elementor-element elementor-element-f3e7a13 elementor-widget elementor-widget-gallery\" data-id=\"f3e7a13\" data-element_type=\"widget\" data-e-type=\"widget\" data-settings=\"{&quot;columns&quot;:3,&quot;lazyload&quot;:&quot;yes&quot;,&quot;gallery_layout&quot;:&quot;grid&quot;,&quot;columns_tablet&quot;:2,&quot;columns_mobile&quot;:1,&quot;gap&quot;:{&quot;unit&quot;:&quot;px&quot;,&quot;size&quot;:10,&quot;sizes&quot;:[]},&quot;gap_tablet&quot;:{&quot;unit&quot;:&quot;px&quot;,&quot;size&quot;:10,&quot;sizes&quot;:[]},&quot;gap_mobile&quot;:{&quot;unit&quot;:&quot;px&quot;,&quot;size&quot;:10,&quot;sizes&quot;:[]},&quot;link_to&quot;:&quot;file&quot;,&quot;aspect_ratio&quot;:&quot;3:2&quot;,&quot;overlay_background&quot;:&quot;yes&quot;,&quot;content_hover_animation&quot;:&quot;fade-in&quot;}\" data-widget_type=\"gallery.default\">\n\t\t\t\t<div class=\"elementor-widget-container\">\n\t\t\t\t\t\t\t<div class=\"elementor-gallery__container\">\n\t\t\t\t\t\t\t<a class=\"e-gallery-item elementor-gallery-item elementor-animated-content\" href=\"https:\/\/everydayraquel.com\/wp-content\/uploads\/2022\/02\/Raquel-livre-ouvert.jpg\" data-elementor-open-lightbox=\"yes\" data-elementor-lightbox-slideshow=\"f3e7a13\" data-elementor-lightbox-title=\"Raquel-livre-ouvert\" data-e-action-hash=\"#elementor-action%3Aaction%3Dlightbox%26settings%3DeyJpZCI6NDE3NCwidXJsIjoiaHR0cHM6XC9cL2V2ZXJ5ZGF5cmFxdWVsLmNvbVwvd3AtY29udGVudFwvdXBsb2Fkc1wvMjAyMlwvMDJcL1JhcXVlbC1saXZyZS1vdXZlcnQuanBnIiwic2xpZGVzaG93IjoiZjNlN2ExMyJ9\">\n\t\t\t\t\t<div class=\"e-gallery-image elementor-gallery-item__image\" data-thumbnail=\"https:\/\/everydayraquel.com\/wp-content\/uploads\/2022\/02\/Raquel-livre-ouvert-300x230.jpg\" data-width=\"300\" data-height=\"230\" aria-label=\"\" role=\"img\" ><\/div>\n\t\t\t\t\t\t\t\t\t\t\t<div class=\"elementor-gallery-item__overlay\"><\/div>\n\t\t\t\t\t\t\t\t\t\t\t\t\t\t<\/a>\n\t\t\t\t\t\t\t<a class=\"e-gallery-item elementor-gallery-item elementor-animated-content\" href=\"https:\/\/everydayraquel.com\/wp-content\/uploads\/2022\/02\/livre-affiche-carte-feutres-e1644501983449.jpg\" data-elementor-open-lightbox=\"yes\" data-elementor-lightbox-slideshow=\"f3e7a13\" data-elementor-lightbox-title=\"livre-affiche-carte-feutres\" data-e-action-hash=\"#elementor-action%3Aaction%3Dlightbox%26settings%3DeyJpZCI6NDE3MiwidXJsIjoiaHR0cHM6XC9cL2V2ZXJ5ZGF5cmFxdWVsLmNvbVwvd3AtY29udGVudFwvdXBsb2Fkc1wvMjAyMlwvMDJcL2xpdnJlLWFmZmljaGUtY2FydGUtZmV1dHJlcy1lMTY0NDUwMTk4MzQ0OS5qcGciLCJzbGlkZXNob3ciOiJmM2U3YTEzIn0%3D\">\n\t\t\t\t\t<div class=\"e-gallery-image elementor-gallery-item__image\" data-thumbnail=\"https:\/\/everydayraquel.com\/wp-content\/uploads\/2022\/02\/livre-affiche-carte-feutres-e1644501983449-300x200.jpg\" data-width=\"300\" data-height=\"200\" aria-label=\"\" role=\"img\" ><\/div>\n\t\t\t\t\t\t\t\t\t\t\t<div class=\"elementor-gallery-item__overlay\"><\/div>\n\t\t\t\t\t\t\t\t\t\t\t\t\t\t<\/a>\n\t\t\t\t\t\t\t<a class=\"e-gallery-item elementor-gallery-item elementor-animated-content\" href=\"https:\/\/everydayraquel.com\/wp-content\/uploads\/2022\/02\/raquel-affiche.jpg\" data-elementor-open-lightbox=\"yes\" data-elementor-lightbox-slideshow=\"f3e7a13\" data-elementor-lightbox-title=\"raquel-affiche\" data-e-action-hash=\"#elementor-action%3Aaction%3Dlightbox%26settings%3DeyJpZCI6NDE3MywidXJsIjoiaHR0cHM6XC9cL2V2ZXJ5ZGF5cmFxdWVsLmNvbVwvd3AtY29udGVudFwvdXBsb2Fkc1wvMjAyMlwvMDJcL3JhcXVlbC1hZmZpY2hlLmpwZyIsInNsaWRlc2hvdyI6ImYzZTdhMTMifQ%3D%3D\">\n\t\t\t\t\t<div class=\"e-gallery-image elementor-gallery-item__image\" data-thumbnail=\"https:\/\/everydayraquel.com\/wp-content\/uploads\/2022\/02\/raquel-affiche-300x300.jpg\" data-width=\"300\" data-height=\"300\" aria-label=\"\" role=\"img\" ><\/div>\n\t\t\t\t\t\t\t\t\t\t\t<div class=\"elementor-gallery-item__overlay\"><\/div>\n\t\t\t\t\t\t\t\t\t\t\t\t\t\t<\/a>\n\t\t\t\t\t<\/div>\n\t\t\t\t\t<\/div>\n\t\t\t\t<\/div>\n\t\t\t\t\t<\/div>\n\t\t<\/div>\n\t\t\t\t\t<\/div>\n\t\t<\/section>\n\t\t\t\t<\/div>","protected":false},"excerpt":{"rendered":"<p>Quel succ\u00e8s ! \u00ab\u00a0La couleur de tous les jours\u00a0\u00bb se trouve&nbsp; aujourd&rsquo;hui dispers\u00e9e partout en France et dans le monde ! Apr\u00e8s plusieurs mois de travail et d\u2019investissement, mon premier livre de coloriage \u201cLa couleur de tous le jours\u201d est finalement l\u00e0 ! Il s\u2019agit d\u2019un livre qui revisite les \u00e9v\u00e9nements du quotidien aven une [&hellip;]<\/p>\n","protected":false},"author":1,"featured_media":4178,"comment_status":"open","ping_status":"open","sticky":false,"template":"","format":"standard","meta":{"site-sidebar-layout":"default","site-content-layout":"default","ast-site-content-layout":"default","site-content-style":"default","site-sidebar-style":"default","ast-global-header-display":"","ast-banner-title-visibility":"","ast-main-header-display":"","ast-hfb-above-header-display":"","ast-hfb-below-header-display":"","ast-hfb-mobile-header-display":"","site-post-title":"","ast-breadcrumbs-content":"","ast-featured-img":"","footer-sml-layout":"","ast-disable-related-posts":"","theme-transparent-header-meta":"default","adv-header-id-meta":"","stick-header-meta":"","header-above-stick-meta":"","header-main-stick-meta":"","header-below-stick-meta":"","astra-migrate-meta-layouts":"default","ast-page-background-enabled":"default","ast-page-background-meta":{"desktop":{"background-color":"","background-image":"","background-repeat":"repeat","background-position":"center center","background-size":"auto","background-attachment":"scroll","background-type":"","background-media":"","overlay-type":"","overlay-color":"","overlay-opacity":"","overlay-gradient":""},"tablet":{"background-color":"","background-image":"","background-repeat":"repeat","background-position":"center center","background-size":"auto","background-attachment":"scroll","background-type":"","background-media":"","overlay-type":"","overlay-color":"","overlay-opacity":"","overlay-gradient":""},"mobile":{"background-color":"","background-image":"","background-repeat":"repeat","background-position":"center center","background-size":"auto","background-attachment":"scroll","background-type":"","background-media":"","overlay-type":"","overlay-color":"","overlay-opacity":"","overlay-gradient":""}},"ast-content-background-meta":{"desktop":{"background-color":"var(--ast-global-color-5)","background-image":"","background-repeat":"repeat","background-position":"center center","background-size":"auto","background-attachment":"scroll","background-type":"","background-media":"","overlay-type":"","overlay-color":"","overlay-opacity":"","overlay-gradient":""},"tablet":{"background-color":"var(--ast-global-color-5)","background-image":"","background-repeat":"repeat","background-position":"center center","background-size":"auto","background-attachment":"scroll","background-type":"","background-media":"","overlay-type":"","overlay-color":"","overlay-opacity":"","overlay-gradient":""},"mobile":{"background-color":"var(--ast-global-color-5)","background-image":"","background-repeat":"repeat","background-position":"center center","background-size":"auto","background-attachment":"scroll","background-type":"","background-media":"","overlay-type":"","overlay-color":"","overlay-opacity":"","overlay-gradient":""}},"footnotes":""},"categories":[1],"tags":[],"class_list":["post-4168","post","type-post","status-publish","format-standard","has-post-thumbnail","hentry","category-projets-realisations"],"yoast_head":"<title>La publication de mon premier livre d&#039;illustrations \u00e0 Dunkerque &#8211; EverydayRaquel<\/title>\n<meta name=\"robots\" content=\"index, follow, max-snippet:-1, max-image-preview:large, max-video-preview:-1\" \/>\n<link rel=\"canonical\" href=\"https:\/\/everydayraquel.com\/en\/projets-realisations\/la-publication-de-mon-premier-livre\/\" \/>\n<meta property=\"og:locale\" content=\"en_GB\" \/>\n<meta property=\"og:type\" content=\"article\" \/>\n<meta property=\"og:title\" content=\"La publication de mon premier livre d&#039;illustrations \u00e0 Dunkerque\" \/>\n<meta property=\"og:description\" content=\"Quel succ\u00e8s ! \u00ab\u00a0La couleur de tous les jours\u00a0\u00bb se trouve&nbsp; aujourd&rsquo;hui dispers\u00e9e partout en France et dans le monde ! Apr\u00e8s plusieurs mois de travail et d\u2019investissement, mon premier livre de coloriage \u201cLa couleur de tous le jours\u201d est finalement l\u00e0 ! Il s\u2019agit d\u2019un livre qui revisite les \u00e9v\u00e9nements du quotidien aven une [&hellip;]\" \/>\n<meta property=\"og:url\" content=\"https:\/\/everydayraquel.com\/en\/projets-realisations\/la-publication-de-mon-premier-livre\/\" \/>\n<meta property=\"og:site_name\" content=\"EverydayRaquel\" \/>\n<meta property=\"article:publisher\" content=\"https:\/\/www.facebook.com\/everydayraquel\/\" \/>\n<meta property=\"article:published_time\" content=\"2022-02-10T10:40:36+00:00\" \/>\n<meta property=\"article:modified_time\" content=\"2023-04-01T16:54:05+00:00\" \/>\n<meta property=\"og:image\" content=\"https:\/\/everydayraquel.com\/wp-content\/uploads\/2022\/02\/MG_2401-Recovered.jpg\" \/>\n\t<meta property=\"og:image:width\" content=\"1200\" \/>\n\t<meta property=\"og:image:height\" content=\"823\" \/>\n\t<meta property=\"og:image:type\" content=\"image\/jpeg\" \/>\n<meta name=\"author\" content=\"EverydayRaquel\" \/>\n<meta name=\"twitter:card\" content=\"summary_large_image\" \/>\n<meta name=\"twitter:label1\" content=\"Written by\" \/>\n\t<meta name=\"twitter:data1\" content=\"EverydayRaquel\" \/>\n\t<meta name=\"twitter:label2\" content=\"Estimated reading time\" \/>\n\t<meta name=\"twitter:data2\" content=\"2 minutes\" \/>\n<script type=\"application\/ld+json\" class=\"yoast-schema-graph\">{\"@context\":\"https:\/\/schema.org\",\"@graph\":[{\"@type\":\"Article\",\"@id\":\"https:\/\/everydayraquel.com\/projets-realisations\/la-publication-de-mon-premier-livre\/#article\",\"isPartOf\":{\"@id\":\"https:\/\/everydayraquel.com\/projets-realisations\/la-publication-de-mon-premier-livre\/\"},\"author\":{\"name\":\"EverydayRaquel\",\"@id\":\"https:\/\/everydayraquel.com\/#\/schema\/person\/36d6b01d3007ed58a6b127fc7a55866d\"},\"headline\":\"La publication de mon premier livre d&rsquo;illustrations \u00e0 Dunkerque\",\"datePublished\":\"2022-02-10T10:40:36+00:00\",\"dateModified\":\"2023-04-01T16:54:05+00:00\",\"mainEntityOfPage\":{\"@id\":\"https:\/\/everydayraquel.com\/projets-realisations\/la-publication-de-mon-premier-livre\/\"},\"wordCount\":240,\"commentCount\":0,\"publisher\":{\"@id\":\"https:\/\/everydayraquel.com\/#organization\"},\"image\":{\"@id\":\"https:\/\/everydayraquel.com\/projets-realisations\/la-publication-de-mon-premier-livre\/#primaryimage\"},\"thumbnailUrl\":\"https:\/\/everydayraquel.com\/wp-content\/uploads\/2022\/02\/MG_2401-Recovered.jpg\",\"articleSection\":[\"Projets et r\u00e9alisations\"],\"inLanguage\":\"en-GB\",\"potentialAction\":[{\"@type\":\"CommentAction\",\"name\":\"Comment\",\"target\":[\"https:\/\/everydayraquel.com\/projets-realisations\/la-publication-de-mon-premier-livre\/#respond\"]}]},{\"@type\":\"WebPage\",\"@id\":\"https:\/\/everydayraquel.com\/projets-realisations\/la-publication-de-mon-premier-livre\/\",\"url\":\"https:\/\/everydayraquel.com\/projets-realisations\/la-publication-de-mon-premier-livre\/\",\"name\":\"La publication de mon premier livre d'illustrations \u00e0 Dunkerque &#8211; EverydayRaquel\",\"isPartOf\":{\"@id\":\"https:\/\/everydayraquel.com\/#website\"},\"primaryImageOfPage\":{\"@id\":\"https:\/\/everydayraquel.com\/projets-realisations\/la-publication-de-mon-premier-livre\/#primaryimage\"},\"image\":{\"@id\":\"https:\/\/everydayraquel.com\/projets-realisations\/la-publication-de-mon-premier-livre\/#primaryimage\"},\"thumbnailUrl\":\"https:\/\/everydayraquel.com\/wp-content\/uploads\/2022\/02\/MG_2401-Recovered.jpg\",\"datePublished\":\"2022-02-10T10:40:36+00:00\",\"dateModified\":\"2023-04-01T16:54:05+00:00\",\"breadcrumb\":{\"@id\":\"https:\/\/everydayraquel.com\/projets-realisations\/la-publication-de-mon-premier-livre\/#breadcrumb\"},\"inLanguage\":\"en-GB\",\"potentialAction\":[{\"@type\":\"ReadAction\",\"target\":[\"https:\/\/everydayraquel.com\/projets-realisations\/la-publication-de-mon-premier-livre\/\"]}]},{\"@type\":\"ImageObject\",\"inLanguage\":\"en-GB\",\"@id\":\"https:\/\/everydayraquel.com\/projets-realisations\/la-publication-de-mon-premier-livre\/#primaryimage\",\"url\":\"https:\/\/everydayraquel.com\/wp-content\/uploads\/2022\/02\/MG_2401-Recovered.jpg\",\"contentUrl\":\"https:\/\/everydayraquel.com\/wp-content\/uploads\/2022\/02\/MG_2401-Recovered.jpg\",\"width\":1200,\"height\":823},{\"@type\":\"BreadcrumbList\",\"@id\":\"https:\/\/everydayraquel.com\/projets-realisations\/la-publication-de-mon-premier-livre\/#breadcrumb\",\"itemListElement\":[{\"@type\":\"ListItem\",\"position\":1,\"name\":\"Accueil\",\"item\":\"https:\/\/everydayraquel.com\/\"},{\"@type\":\"ListItem\",\"position\":2,\"name\":\"Projets et r\u00e9alisations\",\"item\":\"https:\/\/everydayraquel.com\/en\/categorie\/projets-realisations\/\"},{\"@type\":\"ListItem\",\"position\":3,\"name\":\"La publication de mon premier livre d&#8217;illustrations \u00e0 Dunkerque\"}]},{\"@type\":\"WebSite\",\"@id\":\"https:\/\/everydayraquel.com\/#website\",\"url\":\"https:\/\/everydayraquel.com\/\",\"name\":\"EverydayRaquel Art et Illustration\",\"description\":\"Un jour, un dessin\",\"publisher\":{\"@id\":\"https:\/\/everydayraquel.com\/#organization\"},\"alternateName\":\"Artiste Everyday Raquel\",\"potentialAction\":[{\"@type\":\"SearchAction\",\"target\":{\"@type\":\"EntryPoint\",\"urlTemplate\":\"https:\/\/everydayraquel.com\/?s={search_term_string}\"},\"query-input\":{\"@type\":\"PropertyValueSpecification\",\"valueRequired\":true,\"valueName\":\"search_term_string\"}}],\"inLanguage\":\"en-GB\"},{\"@type\":[\"Organization\",\"Place\",\"ArtGallery\"],\"@id\":\"https:\/\/everydayraquel.com\/#organization\",\"name\":\"Everyday Raquel\",\"alternateName\":\"Raquel Artiste Dunkerque\",\"url\":\"https:\/\/everydayraquel.com\/\",\"logo\":{\"@id\":\"https:\/\/everydayraquel.com\/projets-realisations\/la-publication-de-mon-premier-livre\/#local-main-organization-logo\"},\"image\":{\"@id\":\"https:\/\/everydayraquel.com\/projets-realisations\/la-publication-de-mon-premier-livre\/#local-main-organization-logo\"},\"sameAs\":[\"https:\/\/www.facebook.com\/everydayraquel\/\",\"https:\/\/www.instagram.com\/everydayraquel\/\"],\"description\":\"Artiste et illustratrice \u00e0 Dunkerque, je r\u00e9alise des dessins personnalis\u00e9s, vente d'affiches et de cadres, dessins du carnaval et des moments du quotidien. Street art, ateliers de dessins collectifs.\",\"legalName\":\"EveryDay Raquel\",\"foundingDate\":\"2020-07-27\",\"numberOfEmployees\":{\"@type\":\"QuantitativeValue\",\"minValue\":\"1\",\"maxValue\":\"10\"},\"address\":{\"@id\":\"https:\/\/everydayraquel.com\/projets-realisations\/la-publication-de-mon-premier-livre\/#local-main-place-address\"},\"telephone\":[],\"openingHoursSpecification\":[{\"@type\":\"OpeningHoursSpecification\",\"dayOfWeek\":[\"Monday\",\"Tuesday\",\"Wednesday\",\"Thursday\",\"Friday\"],\"opens\":\"09:30\",\"closes\":\"18:00\"},{\"@type\":\"OpeningHoursSpecification\",\"dayOfWeek\":[\"Saturday\"],\"opens\":\"10:00\",\"closes\":\"12:00\"},{\"@type\":\"OpeningHoursSpecification\",\"dayOfWeek\":[\"Sunday\"],\"opens\":\"00:00\",\"closes\":\"00:00\"}],\"email\":\"contact@everydayraquel.com\",\"areaServed\":\"Dunkerque, Grande-Synthe, Bergues, Calais, Hazebrouck, Lille,\",\"priceRange\":\"$$\",\"currenciesAccepted\":\"Euro\",\"paymentAccepted\":\"CB, liquide, cash, carte bancaire\"},{\"@type\":\"Person\",\"@id\":\"https:\/\/everydayraquel.com\/#\/schema\/person\/36d6b01d3007ed58a6b127fc7a55866d\",\"name\":\"EverydayRaquel\",\"image\":{\"@type\":\"ImageObject\",\"inLanguage\":\"en-GB\",\"@id\":\"https:\/\/everydayraquel.com\/#\/schema\/person\/image\/\",\"url\":\"https:\/\/secure.gravatar.com\/avatar\/5e2617d86765c986f856f878f916c1b8fb4e0b31779b30aa04c29ee1c10a7276?s=96&d=mm&r=g\",\"contentUrl\":\"https:\/\/secure.gravatar.com\/avatar\/5e2617d86765c986f856f878f916c1b8fb4e0b31779b30aa04c29ee1c10a7276?s=96&d=mm&r=g\",\"caption\":\"EverydayRaquel\"}},{\"@type\":\"PostalAddress\",\"@id\":\"https:\/\/everydayraquel.com\/projets-realisations\/la-publication-de-mon-premier-livre\/#local-main-place-address\",\"streetAddress\":\"Rue Winston Churchill\",\"addressLocality\":\"Dunkerque\",\"postalCode\":\"59240\",\"addressCountry\":\"FR\"},{\"@type\":\"ImageObject\",\"inLanguage\":\"en-GB\",\"@id\":\"https:\/\/everydayraquel.com\/projets-realisations\/la-publication-de-mon-premier-livre\/#local-main-organization-logo\",\"url\":\"https:\/\/everydayraquel.com\/wp-content\/uploads\/2020\/11\/everydayraquel_logo_mirroir.png\",\"contentUrl\":\"https:\/\/everydayraquel.com\/wp-content\/uploads\/2020\/11\/everydayraquel_logo_mirroir.png\",\"width\":670,\"height\":290,\"caption\":\"Everyday Raquel\"}]}<\/script>\n<meta name=\"geo.placename\" content=\"Dunkerque\" \/>\n<meta name=\"geo.region\" content=\"France\" \/>","yoast_head_json":{"title":"La publication de mon premier livre d'illustrations \u00e0 Dunkerque &#8211; EverydayRaquel","robots":{"index":"index","follow":"follow","max-snippet":"max-snippet:-1","max-image-preview":"max-image-preview:large","max-video-preview":"max-video-preview:-1"},"canonical":"https:\/\/everydayraquel.com\/en\/projets-realisations\/la-publication-de-mon-premier-livre\/","og_locale":"en_GB","og_type":"article","og_title":"La publication de mon premier livre d'illustrations \u00e0 Dunkerque","og_description":"Quel succ\u00e8s ! \u00ab\u00a0La couleur de tous les jours\u00a0\u00bb se trouve&nbsp; aujourd&rsquo;hui dispers\u00e9e partout en France et dans le monde ! Apr\u00e8s plusieurs mois de travail et d\u2019investissement, mon premier livre de coloriage \u201cLa couleur de tous le jours\u201d est finalement l\u00e0 ! Il s\u2019agit d\u2019un livre qui revisite les \u00e9v\u00e9nements du quotidien aven une [&hellip;]","og_url":"https:\/\/everydayraquel.com\/en\/projets-realisations\/la-publication-de-mon-premier-livre\/","og_site_name":"EverydayRaquel","article_publisher":"https:\/\/www.facebook.com\/everydayraquel\/","article_published_time":"2022-02-10T10:40:36+00:00","article_modified_time":"2023-04-01T16:54:05+00:00","og_image":[{"width":1200,"height":823,"url":"https:\/\/everydayraquel.com\/wp-content\/uploads\/2022\/02\/MG_2401-Recovered.jpg","type":"image\/jpeg"}],"author":"EverydayRaquel","twitter_card":"summary_large_image","twitter_misc":{"Written by":"EverydayRaquel","Estimated reading time":"2 minutes"},"schema":{"@context":"https:\/\/schema.org","@graph":[{"@type":"Article","@id":"https:\/\/everydayraquel.com\/projets-realisations\/la-publication-de-mon-premier-livre\/#article","isPartOf":{"@id":"https:\/\/everydayraquel.com\/projets-realisations\/la-publication-de-mon-premier-livre\/"},"author":{"name":"EverydayRaquel","@id":"https:\/\/everydayraquel.com\/#\/schema\/person\/36d6b01d3007ed58a6b127fc7a55866d"},"headline":"La publication de mon premier livre d&rsquo;illustrations \u00e0 Dunkerque","datePublished":"2022-02-10T10:40:36+00:00","dateModified":"2023-04-01T16:54:05+00:00","mainEntityOfPage":{"@id":"https:\/\/everydayraquel.com\/projets-realisations\/la-publication-de-mon-premier-livre\/"},"wordCount":240,"commentCount":0,"publisher":{"@id":"https:\/\/everydayraquel.com\/#organization"},"image":{"@id":"https:\/\/everydayraquel.com\/projets-realisations\/la-publication-de-mon-premier-livre\/#primaryimage"},"thumbnailUrl":"https:\/\/everydayraquel.com\/wp-content\/uploads\/2022\/02\/MG_2401-Recovered.jpg","articleSection":["Projets et r\u00e9alisations"],"inLanguage":"en-GB","potentialAction":[{"@type":"CommentAction","name":"Comment","target":["https:\/\/everydayraquel.com\/projets-realisations\/la-publication-de-mon-premier-livre\/#respond"]}]},{"@type":"WebPage","@id":"https:\/\/everydayraquel.com\/projets-realisations\/la-publication-de-mon-premier-livre\/","url":"https:\/\/everydayraquel.com\/projets-realisations\/la-publication-de-mon-premier-livre\/","name":"La publication de mon premier livre d'illustrations \u00e0 Dunkerque &#8211; EverydayRaquel","isPartOf":{"@id":"https:\/\/everydayraquel.com\/#website"},"primaryImageOfPage":{"@id":"https:\/\/everydayraquel.com\/projets-realisations\/la-publication-de-mon-premier-livre\/#primaryimage"},"image":{"@id":"https:\/\/everydayraquel.com\/projets-realisations\/la-publication-de-mon-premier-livre\/#primaryimage"},"thumbnailUrl":"https:\/\/everydayraquel.com\/wp-content\/uploads\/2022\/02\/MG_2401-Recovered.jpg","datePublished":"2022-02-10T10:40:36+00:00","dateModified":"2023-04-01T16:54:05+00:00","breadcrumb":{"@id":"https:\/\/everydayraquel.com\/projets-realisations\/la-publication-de-mon-premier-livre\/#breadcrumb"},"inLanguage":"en-GB","potentialAction":[{"@type":"ReadAction","target":["https:\/\/everydayraquel.com\/projets-realisations\/la-publication-de-mon-premier-livre\/"]}]},{"@type":"ImageObject","inLanguage":"en-GB","@id":"https:\/\/everydayraquel.com\/projets-realisations\/la-publication-de-mon-premier-livre\/#primaryimage","url":"https:\/\/everydayraquel.com\/wp-content\/uploads\/2022\/02\/MG_2401-Recovered.jpg","contentUrl":"https:\/\/everydayraquel.com\/wp-content\/uploads\/2022\/02\/MG_2401-Recovered.jpg","width":1200,"height":823},{"@type":"BreadcrumbList","@id":"https:\/\/everydayraquel.com\/projets-realisations\/la-publication-de-mon-premier-livre\/#breadcrumb","itemListElement":[{"@type":"ListItem","position":1,"name":"Accueil","item":"https:\/\/everydayraquel.com\/"},{"@type":"ListItem","position":2,"name":"Projets et r\u00e9alisations","item":"https:\/\/everydayraquel.com\/en\/categorie\/projets-realisations\/"},{"@type":"ListItem","position":3,"name":"La publication de mon premier livre d&#8217;illustrations \u00e0 Dunkerque"}]},{"@type":"WebSite","@id":"https:\/\/everydayraquel.com\/#website","url":"https:\/\/everydayraquel.com\/","name":"EverydayRaquel Art et Illustration","description":"Un jour, un dessin","publisher":{"@id":"https:\/\/everydayraquel.com\/#organization"},"alternateName":"Artiste Everyday Raquel","potentialAction":[{"@type":"SearchAction","target":{"@type":"EntryPoint","urlTemplate":"https:\/\/everydayraquel.com\/?s={search_term_string}"},"query-input":{"@type":"PropertyValueSpecification","valueRequired":true,"valueName":"search_term_string"}}],"inLanguage":"en-GB"},{"@type":["Organization","Place","ArtGallery"],"@id":"https:\/\/everydayraquel.com\/#organization","name":"Everyday Raquel","alternateName":"Raquel Artiste Dunkerque","url":"https:\/\/everydayraquel.com\/","logo":{"@id":"https:\/\/everydayraquel.com\/projets-realisations\/la-publication-de-mon-premier-livre\/#local-main-organization-logo"},"image":{"@id":"https:\/\/everydayraquel.com\/projets-realisations\/la-publication-de-mon-premier-livre\/#local-main-organization-logo"},"sameAs":["https:\/\/www.facebook.com\/everydayraquel\/","https:\/\/www.instagram.com\/everydayraquel\/"],"description":"Artiste et illustratrice \u00e0 Dunkerque, je r\u00e9alise des dessins personnalis\u00e9s, vente d'affiches et de cadres, dessins du carnaval et des moments du quotidien. Street art, ateliers de dessins collectifs.","legalName":"EveryDay Raquel","foundingDate":"2020-07-27","numberOfEmployees":{"@type":"QuantitativeValue","minValue":"1","maxValue":"10"},"address":{"@id":"https:\/\/everydayraquel.com\/projets-realisations\/la-publication-de-mon-premier-livre\/#local-main-place-address"},"telephone":[],"openingHoursSpecification":[{"@type":"OpeningHoursSpecification","dayOfWeek":["Monday","Tuesday","Wednesday","Thursday","Friday"],"opens":"09:30","closes":"18:00"},{"@type":"OpeningHoursSpecification","dayOfWeek":["Saturday"],"opens":"10:00","closes":"12:00"},{"@type":"OpeningHoursSpecification","dayOfWeek":["Sunday"],"opens":"00:00","closes":"00:00"}],"email":"contact@everydayraquel.com","areaServed":"Dunkerque, Grande-Synthe, Bergues, Calais, Hazebrouck, Lille,","priceRange":"$$","currenciesAccepted":"Euro","paymentAccepted":"CB, liquide, cash, carte bancaire"},{"@type":"Person","@id":"https:\/\/everydayraquel.com\/#\/schema\/person\/36d6b01d3007ed58a6b127fc7a55866d","name":"EverydayRaquel","image":{"@type":"ImageObject","inLanguage":"en-GB","@id":"https:\/\/everydayraquel.com\/#\/schema\/person\/image\/","url":"https:\/\/secure.gravatar.com\/avatar\/5e2617d86765c986f856f878f916c1b8fb4e0b31779b30aa04c29ee1c10a7276?s=96&d=mm&r=g","contentUrl":"https:\/\/secure.gravatar.com\/avatar\/5e2617d86765c986f856f878f916c1b8fb4e0b31779b30aa04c29ee1c10a7276?s=96&d=mm&r=g","caption":"EverydayRaquel"}},{"@type":"PostalAddress","@id":"https:\/\/everydayraquel.com\/projets-realisations\/la-publication-de-mon-premier-livre\/#local-main-place-address","streetAddress":"Rue Winston Churchill","addressLocality":"Dunkerque","postalCode":"59240","addressCountry":"FR"},{"@type":"ImageObject","inLanguage":"en-GB","@id":"https:\/\/everydayraquel.com\/projets-realisations\/la-publication-de-mon-premier-livre\/#local-main-organization-logo","url":"https:\/\/everydayraquel.com\/wp-content\/uploads\/2020\/11\/everydayraquel_logo_mirroir.png","contentUrl":"https:\/\/everydayraquel.com\/wp-content\/uploads\/2020\/11\/everydayraquel_logo_mirroir.png","width":670,"height":290,"caption":"Everyday Raquel"}]},"geo.placename":"Dunkerque","geo.region":"France"},"_links":{"self":[{"href":"https:\/\/everydayraquel.com\/en\/wp-json\/wp\/v2\/posts\/4168","targetHints":{"allow":["GET"]}}],"collection":[{"href":"https:\/\/everydayraquel.com\/en\/wp-json\/wp\/v2\/posts"}],"about":[{"href":"https:\/\/everydayraquel.com\/en\/wp-json\/wp\/v2\/types\/post"}],"author":[{"embeddable":true,"href":"https:\/\/everydayraquel.com\/en\/wp-json\/wp\/v2\/users\/1"}],"replies":[{"embeddable":true,"href":"https:\/\/everydayraquel.com\/en\/wp-json\/wp\/v2\/comments?post=4168"}],"version-history":[{"count":0,"href":"https:\/\/everydayraquel.com\/en\/wp-json\/wp\/v2\/posts\/4168\/revisions"}],"wp:featuredmedia":[{"embeddable":true,"href":"https:\/\/everydayraquel.com\/en\/wp-json\/wp\/v2\/media\/4178"}],"wp:attachment":[{"href":"https:\/\/everydayraquel.com\/en\/wp-json\/wp\/v2\/media?parent=4168"}],"wp:term":[{"taxonomy":"category","embeddable":true,"href":"https:\/\/everydayraquel.com\/en\/wp-json\/wp\/v2\/categories?post=4168"},{"taxonomy":"post_tag","embeddable":true,"href":"https:\/\/everydayraquel.com\/en\/wp-json\/wp\/v2\/tags?post=4168"}],"curies":[{"name":"wp","href":"https:\/\/api.w.org\/{rel}","templated":true}]}}